{"id":10817,"date":"2022-11-23T08:00:00","date_gmt":"2022-11-23T06:00:00","guid":{"rendered":"https:\/\/www.clinicabaviera.com\/blog\/?p=10817"},"modified":"2025-02-14T12:33:49","modified_gmt":"2025-02-14T11:33:49","slug":"aumento-de-la-miopia-y-la-edad-adulta-relacion","status":"publish","type":"post","link":"https:\/\/www.clinicabaviera.com\/blog\/aumento-de-la-miopia-y-la-edad-adulta-relacion\/","title":{"rendered":"Relaci\u00f3n entre aumento de la miop\u00eda y la edad adulta"},"content":{"rendered":"\n\n<div class=\"kk-star-ratings kksr-auto kksr-align-left kksr-valign-top\"\n    data-payload='{&quot;align&quot;:&quot;left&quot;,&quot;id&quot;:&quot;10817&quot;,&quot;slug&quot;:&quot;default&quot;,&quot;valign&quot;:&quot;top&quot;,&quot;ignore&quot;:&quot;&quot;,&quot;reference&quot;:&quot;auto&quot;,&quot;class&quot;:&quot;&quot;,&quot;count&quot;:&quot;47&quot;,&quot;legendonly&quot;:&quot;&quot;,&quot;readonly&quot;:&quot;&quot;,&quot;score&quot;:&quot;4.9&quot;,&quot;starsonly&quot;:&quot;&quot;,&quot;best&quot;:&quot;5&quot;,&quot;gap&quot;:&quot;4&quot;,&quot;greet&quot;:&quot;Rate this post&quot;,&quot;legend&quot;:&quot;4.9\\\/5 - (47 votos)&quot;,&quot;size&quot;:&quot;15&quot;,&quot;title&quot;:&quot;Relaci\u00f3n entre aumento de la miop\u00eda y la edad adulta&quot;,&quot;width&quot;:&quot;91.1&quot;,&quot;_legend&quot;:&quot;{score}\\\/{best} - ({count} {votes})&quot;,&quot;font_factor&quot;:&quot;1.25&quot;}'>\n            \n<div class=\"kksr-stars\">\n    \n<div class=\"kksr-stars-inactive\">\n            <div class=\"kksr-star\" data-star=\"1\" style=\"padding-right: 4px\">\n            \n\n<div class=\"kksr-icon\" style=\"width: 15px; height: 15px;\"><\/div>\n        <\/div>\n            <div class=\"kksr-star\" data-star=\"2\" style=\"padding-right: 4px\">\n            \n\n<div class=\"kksr-icon\" style=\"width: 15px; height: 15px;\"><\/div>\n        <\/div>\n            <div class=\"kksr-star\" data-star=\"3\" style=\"padding-right: 4px\">\n            \n\n<div class=\"kksr-icon\" style=\"width: 15px; height: 15px;\"><\/div>\n        <\/div>\n            <div class=\"kksr-star\" data-star=\"4\" style=\"padding-right: 4px\">\n            \n\n<div class=\"kksr-icon\" style=\"width: 15px; height: 15px;\"><\/div>\n        <\/div>\n            <div class=\"kksr-star\" data-star=\"5\" style=\"padding-right: 4px\">\n            \n\n<div class=\"kksr-icon\" style=\"width: 15px; height: 15px;\"><\/div>\n        <\/div>\n    <\/div>\n    \n<div class=\"kksr-stars-active\" style=\"width: 91.1px;\">\n            <div class=\"kksr-star\" style=\"padding-right: 4px\">\n            \n\n<div class=\"kksr-icon\" style=\"width: 15px; height: 15px;\"><\/div>\n        <\/div>\n            <div class=\"kksr-star\" style=\"padding-right: 4px\">\n            \n\n<div class=\"kksr-icon\" style=\"width: 15px; height: 15px;\"><\/div>\n        <\/div>\n            <div class=\"kksr-star\" style=\"padding-right: 4px\">\n            \n\n<div class=\"kksr-icon\" style=\"width: 15px; height: 15px;\"><\/div>\n        <\/div>\n            <div class=\"kksr-star\" style=\"padding-right: 4px\">\n            \n\n<div class=\"kksr-icon\" style=\"width: 15px; height: 15px;\"><\/div>\n        <\/div>\n            <div class=\"kksr-star\" style=\"padding-right: 4px\">\n            \n\n<div class=\"kksr-icon\" style=\"width: 15px; height: 15px;\"><\/div>\n        <\/div>\n    <\/div>\n<\/div>\n                \n\n<div class=\"kksr-legend\" style=\"font-size: 12px;\">\n            4.9\/5 - (47 votos)    <\/div>\n    <\/div>\n<p><span style=\"font-weight: 400;\">\u00bfEres de los que cree que la edad adulta favorece el aumento de la <\/span><a href=\"https:\/\/www.clinicabaviera.com\/refractiva-miopia\"><span style=\"font-weight: 400;\">miop\u00eda<\/span><\/a><span style=\"font-weight: 400;\">? \u00bfC\u00f3mo distinguirla de la <\/span><a href=\"https:\/\/www.clinicabaviera.com\/operacion-presbicia\"><span style=\"font-weight: 400;\">presbicia<\/span><\/a><span style=\"font-weight: 400;\"> en esos casos?\u00a0<\/span><\/p>\n<p><span style=\"font-weight: 400;\">En este art\u00edculo te contamos todo lo que debes saber sobre la relaci\u00f3n que existe entre el <\/span><b>aumento de la miop\u00eda y la edad adulta<\/b><span style=\"font-weight: 400;\">.<\/span><\/p>\n<div id=\"ez-toc-container\" class=\"ez-toc-v2_0_82_2 ez-toc-wrap-center counter-hierarchy ez-toc-counter ez-toc-custom ez-toc-container-direction\">\n<div class=\"ez-toc-title-container\">\n<p class=\"ez-toc-title\" style=\"cursor:inherit\">\u00cdndice<\/p>\n<span class=\"ez-toc-title-toggle\"><\/span><\/div>\n<nav><ul class='ez-toc-list ez-toc-list-level-1 ' ><li class='ez-toc-page-1 ez-toc-heading-level-2'><a class=\"ez-toc-link ez-toc-heading-1\" href=\"https:\/\/www.clinicabaviera.com\/blog\/aumento-de-la-miopia-y-la-edad-adulta-relacion\/#%C2%BFQue_relacion_existe_entre_el_aumento_de_la_miopia_y_la_llegada_a_la_edad_adulta\" >\u00bfQu\u00e9 relaci\u00f3n existe entre el aumento de la miop\u00eda y la llegada a la edad adulta?<\/a><\/li><li class='ez-toc-page-1 ez-toc-heading-level-2'><a class=\"ez-toc-link ez-toc-heading-2\" href=\"https:\/\/www.clinicabaviera.com\/blog\/aumento-de-la-miopia-y-la-edad-adulta-relacion\/#%C2%BFEn_que_casos_la_miopia_puede_seguir_aumentando_en_adultos\" >\u00bfEn qu\u00e9 casos la miop\u00eda puede seguir aumentando en adultos?<\/a><\/li><li class='ez-toc-page-1 ez-toc-heading-level-2'><a class=\"ez-toc-link ez-toc-heading-3\" href=\"https:\/\/www.clinicabaviera.com\/blog\/aumento-de-la-miopia-y-la-edad-adulta-relacion\/#%C2%BFCuando_es_una_buena_edad_para_operarse_de_miopia\" >\u00bfCu\u00e1ndo es una buena edad para operarse de miop\u00eda?<\/a><\/li><li class='ez-toc-page-1 ez-toc-heading-level-2'><a class=\"ez-toc-link ez-toc-heading-4\" href=\"https:\/\/www.clinicabaviera.com\/blog\/aumento-de-la-miopia-y-la-edad-adulta-relacion\/#%C2%BFEn_que_casos_no_se_recomienda_operarse_de_miopia\" >\u00bfEn qu\u00e9 casos no se recomienda operarse de miop\u00eda?<\/a><\/li><li class='ez-toc-page-1 ez-toc-heading-level-2'><a class=\"ez-toc-link ez-toc-heading-5\" href=\"https:\/\/www.clinicabaviera.com\/blog\/aumento-de-la-miopia-y-la-edad-adulta-relacion\/#%C2%BFQue_grado_de_miopia_se_considera_alto\" >\u00bfQu\u00e9 grado de miop\u00eda se considera alto?<\/a><\/li><li class='ez-toc-page-1 ez-toc-heading-level-2'><a class=\"ez-toc-link ez-toc-heading-6\" href=\"https:\/\/www.clinicabaviera.com\/blog\/aumento-de-la-miopia-y-la-edad-adulta-relacion\/#%C2%BFCuando_es_preocupante_la_miopia\" >\u00bfCu\u00e1ndo es preocupante la miop\u00eda?<\/a><\/li><li class='ez-toc-page-1 ez-toc-heading-level-2'><a class=\"ez-toc-link ez-toc-heading-7\" href=\"https:\/\/www.clinicabaviera.com\/blog\/aumento-de-la-miopia-y-la-edad-adulta-relacion\/#Fuentes\" >Fuentes<\/a><\/li><\/ul><\/nav><\/div>\n\n<h2><span class=\"ez-toc-section\" id=\"%C2%BFQue_relacion_existe_entre_el_aumento_de_la_miopia_y_la_llegada_a_la_edad_adulta\"><\/span><span style=\"font-weight: 400;\">\u00bfQu\u00e9 relaci\u00f3n existe entre el aumento de la miop\u00eda y la llegada a la edad adulta?<\/span><span class=\"ez-toc-section-end\"><\/span><\/h2>\n<p><span style=\"font-weight: 400;\">En la mayor parte de los casos, la miop\u00eda se produce debido a una deformaci\u00f3n de la forma esf\u00e9rica del ojo. En el caso de los miopes, el ojo es m\u00e1s largo de lo normal y las im\u00e1genes se enfocan delante de la retina, en lugar de sobre la retina.<\/span><\/p>\n<p><img loading=\"lazy\" decoding=\"async\" data-attachment-id=\"30898\" data-permalink=\"https:\/\/www.clinicabaviera.com\/blog\/refraccion-ocular-que-es-y-como-medirla\/1-1-miopia-2\/\" data-orig-file=\"https:\/\/cdn.clinicabaviera.com\/blog\/wp-content\/uploads\/2022\/07\/1.1.-miopia-scaled-e1664193123845.jpg\" data-orig-size=\"2560,601\" data-comments-opened=\"1\" data-image-meta=\"{&quot;aperture&quot;:&quot;0&quot;,&quot;credit&quot;:&quot;&quot;,&quot;camera&quot;:&quot;&quot;,&quot;caption&quot;:&quot;&quot;,&quot;created_timestamp&quot;:&quot;0&quot;,&quot;copyright&quot;:&quot;&quot;,&quot;focal_length&quot;:&quot;0&quot;,&quot;iso&quot;:&quot;0&quot;,&quot;shutter_speed&quot;:&quot;0&quot;,&quot;title&quot;:&quot;&quot;,&quot;orientation&quot;:&quot;0&quot;}\" data-image-title=\"1.1. miopia\" data-image-description=\"\" data-image-caption=\"\" data-large-file=\"https:\/\/cdn.clinicabaviera.com\/blog\/wp-content\/uploads\/2022\/07\/1.1.-miopia-scaled-e1664193123845-840x197.jpg\" class=\"alignnone wp-image-30898 size-full\" src=\"https:\/\/cdn.clinicabaviera.com\/blog\/wp-content\/uploads\/2022\/07\/1.1.-miopia-scaled-e1664193123845.jpg\" alt=\"Ojo con miop\u00eda y ojo normal\" width=\"2560\" height=\"601\" srcset=\"https:\/\/cdn.clinicabaviera.com\/blog\/wp-content\/uploads\/2022\/07\/1.1.-miopia-scaled-e1664193123845.jpg 2560w, https:\/\/cdn.clinicabaviera.com\/blog\/wp-content\/uploads\/2022\/07\/1.1.-miopia-scaled-e1664193123845-300x70.jpg 300w, https:\/\/cdn.clinicabaviera.com\/blog\/wp-content\/uploads\/2022\/07\/1.1.-miopia-scaled-e1664193123845-840x197.jpg 840w, https:\/\/cdn.clinicabaviera.com\/blog\/wp-content\/uploads\/2022\/07\/1.1.-miopia-scaled-e1664193123845-200x47.jpg 200w, https:\/\/cdn.clinicabaviera.com\/blog\/wp-content\/uploads\/2022\/07\/1.1.-miopia-scaled-e1664193123845-768x180.jpg 768w, https:\/\/cdn.clinicabaviera.com\/blog\/wp-content\/uploads\/2022\/07\/1.1.-miopia-scaled-e1664193123845-1536x361.jpg 1536w, https:\/\/cdn.clinicabaviera.com\/blog\/wp-content\/uploads\/2022\/07\/1.1.-miopia-scaled-e1664193123845-2048x481.jpg 2048w\" sizes=\"auto, (max-width: 2560px) 100vw, 2560px\" \/><\/p>\n<p><span style=\"font-weight: 400;\">La relaci\u00f3n entre el aumento de la miop\u00eda y la edad adulta se debe precisamente a este hecho, ya que, mientras el paciente sigue creciendo, la forma del ojo puede cambiar.\u00a0<\/span><\/p>\n<p><span style=\"font-weight: 400;\">Sin embargo, a partir de la edad adulta, la forma del ojo suele estabilizarse, lo que implica que tambi\u00e9n lo hagan las dioptr\u00edas de miop\u00eda.\u00a0<\/span><\/p>\n<p><a href=\"https:\/\/cloud.info.clinicabaviera.com\/20-razones\"><img loading=\"lazy\" decoding=\"async\" data-attachment-id=\"35817\" data-permalink=\"https:\/\/www.clinicabaviera.com\/blog\/cuanto-cuesta-operarse-la-vista-solucion-al-alcance-de-todos\/20_razones_horizontal-2\/\" data-orig-file=\"https:\/\/cdn.clinicabaviera.com\/blog\/wp-content\/uploads\/2025\/02\/20_razones_horizontal.jpg\" data-orig-size=\"751,367\" data-comments-opened=\"1\" data-image-meta=\"{&quot;aperture&quot;:&quot;0&quot;,&quot;credit&quot;:&quot;&quot;,&quot;camera&quot;:&quot;&quot;,&quot;caption&quot;:&quot;&quot;,&quot;created_timestamp&quot;:&quot;0&quot;,&quot;copyright&quot;:&quot;&quot;,&quot;focal_length&quot;:&quot;0&quot;,&quot;iso&quot;:&quot;0&quot;,&quot;shutter_speed&quot;:&quot;0&quot;,&quot;title&quot;:&quot;&quot;,&quot;orientation&quot;:&quot;0&quot;}\" data-image-title=\"20_razones_horizontal\" data-image-description=\"\" data-image-caption=\"\" data-large-file=\"https:\/\/cdn.clinicabaviera.com\/blog\/wp-content\/uploads\/2025\/02\/20_razones_horizontal.jpg\" class=\"aligncenter wp-image-35817 size-full\" src=\"https:\/\/cdn.clinicabaviera.com\/blog\/wp-content\/uploads\/2025\/02\/20_razones_horizontal.jpg\" alt=\"\" width=\"751\" height=\"367\" srcset=\"https:\/\/cdn.clinicabaviera.com\/blog\/wp-content\/uploads\/2025\/02\/20_razones_horizontal.jpg 751w, https:\/\/cdn.clinicabaviera.com\/blog\/wp-content\/uploads\/2025\/02\/20_razones_horizontal-300x147.jpg 300w, https:\/\/cdn.clinicabaviera.com\/blog\/wp-content\/uploads\/2025\/02\/20_razones_horizontal-200x98.jpg 200w\" sizes=\"auto, (max-width: 751px) 100vw, 751px\" \/><\/a><\/p>\n<h2><span class=\"ez-toc-section\" id=\"%C2%BFEn_que_casos_la_miopia_puede_seguir_aumentando_en_adultos\"><\/span><span style=\"font-weight: 400;\">\u00bfEn qu\u00e9 casos la miop\u00eda puede seguir aumentando en adultos?<\/span><span class=\"ez-toc-section-end\"><\/span><\/h2>\n<p><span style=\"font-weight: 400;\">Existen situaciones en las que la relaci\u00f3n entre el aumento de la miop\u00eda y la edad adulta no est\u00e1 tan limitada como pudiera parecer en un principio.\u00a0<\/span><\/p>\n<p><span style=\"font-weight: 400;\">En el caso concreto de la denominada <\/span><a href=\"https:\/\/www.clinicabaviera.com\/miopia-magna\"><span style=\"font-weight: 400;\">miop\u00eda magna<\/span><\/a><span style=\"font-weight: 400;\">, esta puede seguir aumentando en el paciente, incluso cuando este ha cumplido ya los 18-20 a\u00f1os, que es la edad aproximada en la que se considera que el ojo ha completado su desarrollo normal.\u00a0<\/span><\/p>\n<p><span style=\"font-weight: 400;\">Algunas de las caracter\u00edsticas m\u00e1s importantes de la miop\u00eda magna son las siguientes:\u00a0<\/span><\/p>\n<ul>\n<li style=\"font-weight: 400;\" aria-level=\"1\"><span style=\"font-weight: 400;\">La miop\u00eda magna se debe a un alargamiento posterior del ojo como consecuencia de un estrechamiento de las paredes de este.\u00a0<\/span><\/li>\n<li style=\"font-weight: 400;\" aria-level=\"1\"><span style=\"font-weight: 400;\">Suele darse en pacientes con miop\u00eda igual o superior a las 6 dioptr\u00edas.\u00a0<\/span><\/li>\n<li style=\"font-weight: 400;\" aria-level=\"1\"><span style=\"font-weight: 400;\">Supone un problema que requiere seguimiento por parte del oftalm\u00f3logo, ya que, en algunos casos, podr\u00eda llegar a producirse un <\/span><a href=\"https:\/\/www.clinicabaviera.com\/desprendimiento-retina\"><span style=\"font-weight: 400;\">desprendimiento de retina<\/span><\/a><span style=\"font-weight: 400;\">.<\/span><\/li>\n<\/ul>\n<p style=\"text-align: justify;\"><strong><img loading=\"lazy\" decoding=\"async\" data-attachment-id=\"10818\" data-permalink=\"https:\/\/www.clinicabaviera.com\/blog\/aumento-de-la-miopia-y-la-edad-adulta-relacion\/senior-elderly-man-holding-book-glasses-having-eyesight-problems-unable-to-read\/\" data-orig-file=\"https:\/\/cdn.clinicabaviera.com\/blog\/wp-content\/uploads\/2017\/07\/iStock-669346614.jpg\" data-orig-size=\"702,498\" data-comments-opened=\"1\" data-image-meta=\"{&quot;aperture&quot;:&quot;5&quot;,&quot;credit&quot;:&quot;Getty Images\/iStockphoto&quot;,&quot;camera&quot;:&quot;Canon EOS 5D Mark III&quot;,&quot;caption&quot;:&quot;Closeup portrait senior elderly man holding book, glasses having eyesight problems unable to read isolated gray wall background. Human emotion facial expressions. Age related changes&quot;,&quot;created_timestamp&quot;:&quot;0&quot;,&quot;copyright&quot;:&quot;This content is subject to copyright.&quot;,&quot;focal_length&quot;:&quot;100&quot;,&quot;iso&quot;:&quot;100&quot;,&quot;shutter_speed&quot;:&quot;0.00625&quot;,&quot;title&quot;:&quot;senior elderly man holding book, glasses having eyesight problems unable to read&quot;,&quot;orientation&quot;:&quot;1&quot;}\" data-image-title=\"Relaci\u00f3n entre aumento de la miop\u00eda y la edad adulta\" data-image-description=\"\" data-image-caption=\"\" data-large-file=\"https:\/\/cdn.clinicabaviera.com\/blog\/wp-content\/uploads\/2017\/07\/iStock-669346614.jpg\" class=\"aligncenter wp-image-10818 size-full\" src=\"https:\/\/cdn.clinicabaviera.com\/blog\/wp-content\/uploads\/2017\/07\/iStock-669346614.jpg\" alt=\"Hombre canoso lee un libro rojo con unas gafas en la mano\" width=\"702\" height=\"498\" srcset=\"https:\/\/cdn.clinicabaviera.com\/blog\/wp-content\/uploads\/2017\/07\/iStock-669346614.jpg 702w, https:\/\/cdn.clinicabaviera.com\/blog\/wp-content\/uploads\/2017\/07\/iStock-669346614-200x142.jpg 200w, https:\/\/cdn.clinicabaviera.com\/blog\/wp-content\/uploads\/2017\/07\/iStock-669346614-300x213.jpg 300w\" sizes=\"auto, (max-width: 702px) 100vw, 702px\" \/><\/strong><\/p>\n<h2><span class=\"ez-toc-section\" id=\"%C2%BFCuando_es_una_buena_edad_para_operarse_de_miopia\"><\/span><span style=\"font-weight: 400;\">\u00bfCu\u00e1ndo es una buena edad para operarse de miop\u00eda?<\/span><span class=\"ez-toc-section-end\"><\/span><\/h2>\n<p><span style=\"font-weight: 400;\">Debido a la relaci\u00f3n entre aumento de la miop\u00eda y la edad, los oftalm\u00f3logos recomiendan que la operaci\u00f3n de miop\u00eda con <\/span><a href=\"https:\/\/www.clinicabaviera.com\/cirugia-refractiva\"><span style=\"font-weight: 400;\">cirug\u00eda refractiva<\/span><\/a><span style=\"font-weight: 400;\"> no se lleve a cabo en personas que no hayan completado su desarrollo corporal completo. Esto se debe a que, al seguir creciendo, el ojo tambi\u00e9n puede sufrir cambios y, con ellos, tambi\u00e9n modificaciones en la graduaci\u00f3n.\u00a0<\/span><\/p>\n<p><span style=\"font-weight: 400;\">Si se llevase a cabo la operaci\u00f3n de miop\u00eda antes de que el ojo dejase de crecer, posiblemente ser\u00eda necesario volver a realizar una nueva operaci\u00f3n en el futuro para corregir de nuevo la miop\u00eda al haber variado la graduaci\u00f3n corregida con la primera operaci\u00f3n a causa del crecimiento natural del ojo.\u00a0<\/span><\/p>\n<p><span style=\"font-weight: 400;\">Por lo tanto, para que un paciente se pueda operar de miop\u00eda con las mejores garant\u00edas posibles, debe cumplir dos requisitos:\u00a0<\/span><\/p>\n<ul>\n<li style=\"font-weight: 400;\" aria-level=\"1\"><span style=\"font-weight: 400;\">Ser mayor de edad (18 a\u00f1os).\u00a0<\/span><\/li>\n<li style=\"font-weight: 400;\" aria-level=\"1\"><span style=\"font-weight: 400;\">Tener la miop\u00eda estable al menos durante un a\u00f1o. La edad en la que se completa el desarrollo del sistema visual puede variar de una persona a otra, por lo que se considera que, junto a la edad m\u00ednima de 18 a\u00f1os, es importante que el paciente no haya sufrido variaciones en su graduaci\u00f3n durante al menos un a\u00f1o.<\/span><\/li>\n<\/ul>\n<p><span style=\"font-weight: 400;\">No obstante, hay que recordar que la recomendaci\u00f3n final de llevar a cabo la operaci\u00f3n de miop\u00eda o no ser\u00e1 del m\u00e9dico, que valorar\u00e1 cada caso de forma particular durante una <\/span><a href=\"https:\/\/www.clinicabaviera.com\/cirugia-refractiva-primera-consulta\"><span style=\"font-weight: 400;\">primera consulta preoperatoria<\/span><\/a><span style=\"font-weight: 400;\">.\u00a0<\/span><\/p>\n<p><span class=\"embed-youtube\" style=\"text-align:center; display: block;\"><iframe loading=\"lazy\" class=\"youtube-player\" width=\"640\" height=\"360\" src=\"https:\/\/www.youtube.com\/embed\/iSV6nppl6vk?version=3&#038;rel=1&#038;showsearch=0&#038;showinfo=1&#038;iv_load_policy=1&#038;fs=1&#038;hl=es-ES&#038;autohide=2&#038;wmode=transparent\" allowfullscreen=\"true\" style=\"border:0;\" sandbox=\"allow-scripts allow-same-origin allow-popups allow-presentation allow-popups-to-escape-sandbox\"><\/iframe><\/span><\/p>\n<h2><span class=\"ez-toc-section\" id=\"%C2%BFEn_que_casos_no_se_recomienda_operarse_de_miopia\"><\/span><span style=\"font-weight: 400;\">\u00bfEn qu\u00e9 casos no se recomienda operarse de miop\u00eda?<\/span><span class=\"ez-toc-section-end\"><\/span><\/h2>\n<p><span style=\"font-weight: 400;\">Por otro lado, m\u00e1s all\u00e1 de la relaci\u00f3n entre aumento de la miop\u00eda y la edad adulta, existen otros factores que conviene tener en cuenta si se est\u00e1 valorando la posibilidad de someterse a una <\/span><a href=\"https:\/\/www.clinicabaviera.com\/blog\/operacion-laser-miopia-como-hace\/\"><span style=\"font-weight: 400;\">operaci\u00f3n para corregir la miop\u00eda<\/span><\/a><span style=\"font-weight: 400;\">.\u00a0<\/span><\/p>\n<ul>\n<li style=\"font-weight: 400;\" aria-level=\"1\"><b>Embarazo y lactancia<\/b><span style=\"font-weight: 400;\">: ya que, en ambos casos, los cambios hormonales pueden afectar a la graduaci\u00f3n, por lo que se aconseja esperar a que pase este per\u00edodo.\u00a0<\/span><\/li>\n<li style=\"font-weight: 400;\" aria-level=\"1\"><b>Enfermedades de retina o c\u00f3rnea<\/b><span style=\"font-weight: 400;\">: en estos casos, se deben resolver primero estos problemas y despu\u00e9s, si es conveniente, realizar la cirug\u00eda.<\/span><\/li>\n<li style=\"font-weight: 400;\" aria-level=\"1\"><b>Infecciones visuales<\/b><span style=\"font-weight: 400;\">: si los pacientes han sufrido alguna infecci\u00f3n visual o lesi\u00f3n ocular es recomendable esperar a que se produzca una recuperaci\u00f3n completa para asegurarse de que la operaci\u00f3n se pueda realizar con todas las garant\u00edas.\u00a0<\/span><\/li>\n<\/ul>\n<p><span style=\"font-weight: 400;\">En cualquier caso, si est\u00e1s pensando en la posibilidad de operarte de miop\u00eda y no tienes del todo claro la relaci\u00f3n entre aumento de la miop\u00eda y la edad adulta, as\u00ed como qu\u00e9 limitaciones pueden existir en algunos casos particulares, lo m\u00e1s recomendable es que acudas a tu oftalm\u00f3logo para que pueda explicarte cualquier duda que puedas tener y valorar tu caso de forma personalizada.\u00a0<\/span><\/p>\n<h2><span class=\"ez-toc-section\" id=\"%C2%BFQue_grado_de_miopia_se_considera_alto\"><\/span><span style=\"font-weight: 400;\">\u00bfQu\u00e9 grado de miop\u00eda se considera alto?<\/span><span class=\"ez-toc-section-end\"><\/span><\/h2>\n<p><span style=\"font-weight: 400;\">Por lo general, se considera alto a partir de 3-4 dioptr\u00edas. Y podemos hablar de miop\u00eda magna a partir de las 6 dioptr\u00edas.\u00a0<\/span><\/p>\n<h2><span class=\"ez-toc-section\" id=\"%C2%BFCuando_es_preocupante_la_miopia\"><\/span><span style=\"font-weight: 400;\">\u00bfCu\u00e1ndo es preocupante la miop\u00eda?<\/span><span class=\"ez-toc-section-end\"><\/span><\/h2>\n<p><span style=\"font-weight: 400;\">A partir de las 6 dioptr\u00edas, que es cuando se considera que el paciente tiene miop\u00eda magna. En este caso, adem\u00e1s de la visi\u00f3n borrosa que implica la miop\u00eda, tambi\u00e9n existe un riesgo serio de desprendimiento de retina, por lo que se trata de un problema que debe tener un seguimiento continuo por parte del oftalm\u00f3logo.<\/span><\/p>\n<p><img loading=\"lazy\" decoding=\"async\" data-attachment-id=\"34210\" data-permalink=\"https:\/\/www.clinicabaviera.com\/blog\/aumento-de-la-miopia-y-la-edad-adulta-relacion\/miopia-patologica-2-sin-texto\/\" data-orig-file=\"https:\/\/cdn.clinicabaviera.com\/blog\/wp-content\/uploads\/2022\/11\/miopia-patologica-2-sin-texto-scaled.jpg\" data-orig-size=\"2560,833\" data-comments-opened=\"1\" data-image-meta=\"{&quot;aperture&quot;:&quot;0&quot;,&quot;credit&quot;:&quot;&quot;,&quot;camera&quot;:&quot;&quot;,&quot;caption&quot;:&quot;&quot;,&quot;created_timestamp&quot;:&quot;0&quot;,&quot;copyright&quot;:&quot;&quot;,&quot;focal_length&quot;:&quot;0&quot;,&quot;iso&quot;:&quot;0&quot;,&quot;shutter_speed&quot;:&quot;0&quot;,&quot;title&quot;:&quot;&quot;,&quot;orientation&quot;:&quot;0&quot;}\" data-image-title=\"miopia patologica 2 sin texto\" data-image-description=\"\" data-image-caption=\"\" data-large-file=\"https:\/\/cdn.clinicabaviera.com\/blog\/wp-content\/uploads\/2022\/11\/miopia-patologica-2-sin-texto-840x273.jpg\" class=\"alignnone wp-image-34210 size-full\" src=\"https:\/\/cdn.clinicabaviera.com\/blog\/wp-content\/uploads\/2022\/11\/miopia-patologica-2-sin-texto-scaled.jpg\" alt=\"Ojo normal y ojo con miop\u00eda magna\" width=\"2560\" height=\"833\" srcset=\"https:\/\/cdn.clinicabaviera.com\/blog\/wp-content\/uploads\/2022\/11\/miopia-patologica-2-sin-texto-scaled.jpg 2560w, https:\/\/cdn.clinicabaviera.com\/blog\/wp-content\/uploads\/2022\/11\/miopia-patologica-2-sin-texto-300x98.jpg 300w, https:\/\/cdn.clinicabaviera.com\/blog\/wp-content\/uploads\/2022\/11\/miopia-patologica-2-sin-texto-840x273.jpg 840w, https:\/\/cdn.clinicabaviera.com\/blog\/wp-content\/uploads\/2022\/11\/miopia-patologica-2-sin-texto-200x65.jpg 200w, https:\/\/cdn.clinicabaviera.com\/blog\/wp-content\/uploads\/2022\/11\/miopia-patologica-2-sin-texto-768x250.jpg 768w, https:\/\/cdn.clinicabaviera.com\/blog\/wp-content\/uploads\/2022\/11\/miopia-patologica-2-sin-texto-1536x500.jpg 1536w, https:\/\/cdn.clinicabaviera.com\/blog\/wp-content\/uploads\/2022\/11\/miopia-patologica-2-sin-texto-2048x667.jpg 2048w\" sizes=\"auto, (max-width: 2560px) 100vw, 2560px\" \/><\/p>\n<h2><span class=\"ez-toc-section\" id=\"Fuentes\"><\/span><span style=\"font-weight: 400;\">Fuentes<\/span><span class=\"ez-toc-section-end\"><\/span><\/h2>\n<ul>\n<li><a href=\"https:\/\/www.aao.org\/salud-ocular\/enfermedades\/miopia\" rel=\"nofollow\">Academia Americana de Oftalmolog\u00eda (AAO) &#8211; Visi\u00f3n de cerca: \u00bfQu\u00e9 es la miop\u00eda?<\/a><\/li>\n<li><a href=\"https:\/\/miopiamagna.org\/miopia-magna-que-es\/\" rel=\"nofollow\">Amires &#8211; Miop\u00eda Magna: qu\u00e9 es, s\u00edntomas y tratamiento<\/a><\/li>\n<\/ul>\n<hr \/>\n<pre class=\"ti-widget\"><template id=\"trustindex-google-widget-html\"><div class=\" ti-widget  ti-goog ti-review-text-mode-readmore ti-text-align-left\" data-no-translation=\"true\" data-plugin-version=\"13.2.9\" data-layout-id=\"5\" data-layout-category=\"slider\" data-set-id=\"light-minimal\" data-pid=\"\" data-language=\"es\" data-close-locale=\"Cerca\" data-review-target-width=\"275\" data-css-version=\"2\" data-reply-by-locale=\"Respuesta del propietario\" data-only-rating-locale=\"Esta usuario solo dej\u00f3 una calificaci\u00f3n.\" data-pager-autoplay-timeout=\"6\"> <div class=\"ti-widget-container ti-col-4\"> <div class=\"ti-footer ti-footer-grid source-Google\"> <div class=\"ti-fade-container\"> <div class=\"ti-rating-text\"> <strong class=\"ti-rating ti-rating-large\"> EXCELENTE <\/strong> <\/div> <span class=\"ti-stars star-lg\"><trustindex-image class=\"ti-star\" data-imgurl=\"https:\/\/cdn.trustindex.io\/assets\/platform\/Google\/star\/f.svg\" alt=\"Google star 1\" width=\"17\" height=\"17\" loading=\"lazy\"><\/trustindex-image><trustindex-image class=\"ti-star\" data-imgurl=\"https:\/\/cdn.trustindex.io\/assets\/platform\/Google\/star\/f.svg\" alt=\"Google star 2\" width=\"17\" height=\"17\" loading=\"lazy\"><\/trustindex-image><trustindex-image class=\"ti-star\" data-imgurl=\"https:\/\/cdn.trustindex.io\/assets\/platform\/Google\/star\/f.svg\" alt=\"Google star 3\" width=\"17\" height=\"17\" loading=\"lazy\"><\/trustindex-image><trustindex-image class=\"ti-star\" data-imgurl=\"https:\/\/cdn.trustindex.io\/assets\/platform\/Google\/star\/f.svg\" alt=\"Google star 4\" width=\"17\" height=\"17\" loading=\"lazy\"><\/trustindex-image><trustindex-image class=\"ti-star\" data-imgurl=\"https:\/\/cdn.trustindex.io\/assets\/platform\/Google\/star\/f.svg\" alt=\"Google star 5\" width=\"17\" height=\"17\" loading=\"lazy\"><\/trustindex-image><\/span> <div class=\"ti-rating-text\"> <span class=\"nowrap\">A base de <strong>570 rese\u00f1as<\/strong><\/span> <\/div> <div class=\"ti-large-logo\"> <div class=\"ti-v-center\"> <trustindex-image class=\"ti-logo-fb\" data-imgurl=\"https:\/\/cdn.trustindex.io\/assets\/platform\/Google\/logo.svg\" width=\"150\" height=\"25\" loading=\"lazy\" alt=\"Google\"><\/trustindex-image> <\/div> <\/div> <\/div> <\/div> <div class=\"ti-reviews-container\"> <div class=\"ti-controls\"> <div class=\"ti-next\" aria-label=\"Siguiente rese\u00f1a\" role=\"button\" tabindex=\"0\"><\/div> <div class=\"ti-prev\" aria-label=\"Rese\u00f1a anterior\" role=\"button\" tabindex=\"0\"><\/div> <\/div> <div class=\"ti-reviews-container-wrapper\">  <div data-empty=\"0\" class=\"ti-review-item source-Google ti-image-layout-thumbnail\" data-time=\"\" data-id=\"cfcd208495d565ef66e7dff9f98764da\" data-language=\"\"> <div class=\"ti-inner\"> <div class=\"ti-review-header\"> <div class=\"ti-platform-icon ti-with-tooltip\"> <span class=\"ti-tooltip\">Publicado en Google<\/span> <trustindex-image data-imgurl=\"https:\/\/cdn.trustindex.io\/assets\/platform\/Google\/icon.svg\" alt=\"Google\" width=\"20\" height=\"20\" loading=\"lazy\"><\/trustindex-image> <\/div> <div class=\"ti-profile-img\"> <trustindex-image data-imgurl=\"https:\/\/lh3.googleusercontent.com\/a\/ACg8ocKWHKmwDoN8jelN8JHWQw2buiU4ji6WyuVq8pcV4kRI=w40-h40-c-rp-mo-br100\" alt=\"Karelys Asencio Torres profile picture\" loading=\"lazy\"><\/trustindex-image> <\/div> <div class=\"ti-profile-details\"> <div class=\"ti-name\"> Karelys Asencio Torres <\/div> <div class=\"ti-date\">05\/03\/2024<\/div> <\/div> <\/div> <span class=\"ti-stars\"><trustindex-image class=\"ti-star\" data-imgurl=\"https:\/\/cdn.trustindex.io\/assets\/platform\/Google\/star\/f.svg\" alt=\"Google star 1\" width=\"17\" height=\"17\" loading=\"lazy\"><\/trustindex-image><trustindex-image class=\"ti-star\" data-imgurl=\"https:\/\/cdn.trustindex.io\/assets\/platform\/Google\/star\/f.svg\" alt=\"Google star 2\" width=\"17\" height=\"17\" loading=\"lazy\"><\/trustindex-image><trustindex-image class=\"ti-star\" data-imgurl=\"https:\/\/cdn.trustindex.io\/assets\/platform\/Google\/star\/f.svg\" alt=\"Google star 3\" width=\"17\" height=\"17\" loading=\"lazy\"><\/trustindex-image><trustindex-image class=\"ti-star\" data-imgurl=\"https:\/\/cdn.trustindex.io\/assets\/platform\/Google\/star\/f.svg\" alt=\"Google star 4\" width=\"17\" height=\"17\" loading=\"lazy\"><\/trustindex-image><trustindex-image class=\"ti-star\" data-imgurl=\"https:\/\/cdn.trustindex.io\/assets\/platform\/Google\/star\/f.svg\" alt=\"Google star 5\" width=\"17\" height=\"17\" loading=\"lazy\"><\/trustindex-image><span class=\"ti-verified-review ti-verified-platform\"><span class=\"ti-verified-tooltip\">Trustindex verifica que la fuente original de la rese\u00f1a sea Google.<\/span><\/span><\/span> <div class=\"ti-review-text-container ti-review-content\"><!-- R-CONTENT -->Esta cl\u00ednica sin duda es la mejor !! El trato en recepci\u00f3n y de los m\u00e9dicos es excepcional. Estoy muy contenta con los resultados. Muchas gracias !<!-- R-CONTENT --><\/div> <span class=\"ti-read-more\" data-container=\".ti-review-content\" data-collapse-text=\"Ocultar\" data-open-text=\"Leer m\u00e1s\"><\/span> <\/div> <\/div>  <div data-empty=\"0\" class=\"ti-review-item source-Google ti-image-layout-thumbnail\" data-time=\"\" data-id=\"cfcd208495d565ef66e7dff9f98764da\" data-language=\"\"> <div class=\"ti-inner\"> <div class=\"ti-review-header\"> <div class=\"ti-platform-icon ti-with-tooltip\"> <span class=\"ti-tooltip\">Publicado en Google<\/span> <trustindex-image data-imgurl=\"https:\/\/cdn.trustindex.io\/assets\/platform\/Google\/icon.svg\" alt=\"Google\" width=\"20\" height=\"20\" loading=\"lazy\"><\/trustindex-image> <\/div> <div class=\"ti-profile-img\"> <trustindex-image data-imgurl=\"https:\/\/lh3.googleusercontent.com\/a\/ACg8ocJx5lc8VzH_Kx5vNl4iC9Qof6IGYcXj03vtn_CJ67tj=w40-h40-c-rp-mo-br100\" alt=\"Vanesa Delgado Arcos profile picture\" loading=\"lazy\"><\/trustindex-image> <\/div> <div class=\"ti-profile-details\"> <div class=\"ti-name\"> Vanesa Delgado Arcos <\/div> <div class=\"ti-date\">01\/03\/2024<\/div> <\/div> <\/div> <span class=\"ti-stars\"><trustindex-image class=\"ti-star\" data-imgurl=\"https:\/\/cdn.trustindex.io\/assets\/platform\/Google\/star\/f.svg\" alt=\"Google star 1\" width=\"17\" height=\"17\" loading=\"lazy\"><\/trustindex-image><trustindex-image class=\"ti-star\" data-imgurl=\"https:\/\/cdn.trustindex.io\/assets\/platform\/Google\/star\/f.svg\" alt=\"Google star 2\" width=\"17\" height=\"17\" loading=\"lazy\"><\/trustindex-image><trustindex-image class=\"ti-star\" data-imgurl=\"https:\/\/cdn.trustindex.io\/assets\/platform\/Google\/star\/f.svg\" alt=\"Google star 3\" width=\"17\" height=\"17\" loading=\"lazy\"><\/trustindex-image><trustindex-image class=\"ti-star\" data-imgurl=\"https:\/\/cdn.trustindex.io\/assets\/platform\/Google\/star\/f.svg\" alt=\"Google star 4\" width=\"17\" height=\"17\" loading=\"lazy\"><\/trustindex-image><trustindex-image class=\"ti-star\" data-imgurl=\"https:\/\/cdn.trustindex.io\/assets\/platform\/Google\/star\/f.svg\" alt=\"Google star 5\" width=\"17\" height=\"17\" loading=\"lazy\"><\/trustindex-image><span class=\"ti-verified-review ti-verified-platform\"><span class=\"ti-verified-tooltip\">Trustindex verifica que la fuente original de la rese\u00f1a sea Google.<\/span><\/span><\/span> <div class=\"ti-review-text-container ti-review-content\"><!-- R-CONTENT -->Much\u00edsima profesionalidad por parte de todo el equipo desde recepci\u00f3n y por supuesto si doctor.Estoy totalmente complacida por el resultado de la operaci\u00f3n y posteriores seguimientos.100%recomendable.<!-- R-CONTENT --><\/div> <span class=\"ti-read-more\" data-container=\".ti-review-content\" data-collapse-text=\"Ocultar\" data-open-text=\"Leer m\u00e1s\"><\/span> <\/div> <\/div>  <div data-empty=\"0\" class=\"ti-review-item source-Google ti-image-layout-thumbnail\" data-time=\"\" data-id=\"cfcd208495d565ef66e7dff9f98764da\" data-language=\"\"> <div class=\"ti-inner\"> <div class=\"ti-review-header\"> <div class=\"ti-platform-icon ti-with-tooltip\"> <span class=\"ti-tooltip\">Publicado en Google<\/span> <trustindex-image data-imgurl=\"https:\/\/cdn.trustindex.io\/assets\/platform\/Google\/icon.svg\" alt=\"Google\" width=\"20\" height=\"20\" loading=\"lazy\"><\/trustindex-image> <\/div> <div class=\"ti-profile-img\"> <trustindex-image data-imgurl=\"https:\/\/lh3.googleusercontent.com\/a-\/ALV-UjViSSX9rp-UKWvltgBF-J8MwK4Ga5nbJvaYsl3jYkAh2LQ=w40-h40-c-rp-mo-br100\" alt=\"Jorge Carnicero profile picture\" loading=\"lazy\"><\/trustindex-image> <\/div> <div class=\"ti-profile-details\"> <div class=\"ti-name\"> Jorge Carnicero <\/div> <div class=\"ti-date\">27\/02\/2024<\/div> <\/div> <\/div> <span class=\"ti-stars\"><trustindex-image class=\"ti-star\" data-imgurl=\"https:\/\/cdn.trustindex.io\/assets\/platform\/Google\/star\/f.svg\" alt=\"Google star 1\" width=\"17\" height=\"17\" loading=\"lazy\"><\/trustindex-image><trustindex-image class=\"ti-star\" data-imgurl=\"https:\/\/cdn.trustindex.io\/assets\/platform\/Google\/star\/f.svg\" alt=\"Google star 2\" width=\"17\" height=\"17\" loading=\"lazy\"><\/trustindex-image><trustindex-image class=\"ti-star\" data-imgurl=\"https:\/\/cdn.trustindex.io\/assets\/platform\/Google\/star\/f.svg\" alt=\"Google star 3\" width=\"17\" height=\"17\" loading=\"lazy\"><\/trustindex-image><trustindex-image class=\"ti-star\" data-imgurl=\"https:\/\/cdn.trustindex.io\/assets\/platform\/Google\/star\/f.svg\" alt=\"Google star 4\" width=\"17\" height=\"17\" loading=\"lazy\"><\/trustindex-image><trustindex-image class=\"ti-star\" data-imgurl=\"https:\/\/cdn.trustindex.io\/assets\/platform\/Google\/star\/f.svg\" alt=\"Google star 5\" width=\"17\" height=\"17\" loading=\"lazy\"><\/trustindex-image><span class=\"ti-verified-review ti-verified-platform\"><span class=\"ti-verified-tooltip\">Trustindex verifica que la fuente original de la rese\u00f1a sea Google.<\/span><\/span><\/span> <div class=\"ti-review-text-container ti-review-content\"><!-- R-CONTENT -->Me oper\u00e9 ya hace un mes con laser de miop\u00eda y no pude tomar mejor decisi\u00f3n, buen asesoramiento desde el principio, un equipo maravilloso que est\u00e1n disponibles para cualquier consulta y unos resultados \u00f3ptimos, sensaci\u00f3n inmejorable poder ver otra vez perfectamente sin necesidad de gafas.<!-- R-CONTENT --><\/div> <span class=\"ti-read-more\" data-container=\".ti-review-content\" data-collapse-text=\"Ocultar\" data-open-text=\"Leer m\u00e1s\"><\/span> <\/div> <\/div>  <div data-empty=\"0\" class=\"ti-review-item source-Google ti-image-layout-thumbnail\" data-time=\"\" data-id=\"cfcd208495d565ef66e7dff9f98764da\" data-language=\"\"> <div class=\"ti-inner\"> <div class=\"ti-review-header\"> <div class=\"ti-platform-icon ti-with-tooltip\"> <span class=\"ti-tooltip\">Publicado en Google<\/span> <trustindex-image data-imgurl=\"https:\/\/cdn.trustindex.io\/assets\/platform\/Google\/icon.svg\" alt=\"Google\" width=\"20\" height=\"20\" loading=\"lazy\"><\/trustindex-image> <\/div> <div class=\"ti-profile-img\"> <trustindex-image data-imgurl=\"https:\/\/lh3.googleusercontent.com\/a\/ACg8ocLf5YTDoqTOI9RiEgIqmgY0sL1jjWzGDFlZUKGefO3E=w40-h40-c-rp-mo-br100\" alt=\"Carlos \u00c1ngel P\u00e9rez profile picture\" loading=\"lazy\"><\/trustindex-image> <\/div> <div class=\"ti-profile-details\"> <div class=\"ti-name\"> Carlos \u00c1ngel P\u00e9rez <\/div> <div class=\"ti-date\">27\/02\/2024<\/div> <\/div> <\/div> <span class=\"ti-stars\"><trustindex-image class=\"ti-star\" data-imgurl=\"https:\/\/cdn.trustindex.io\/assets\/platform\/Google\/star\/f.svg\" alt=\"Google star 1\" width=\"17\" height=\"17\" loading=\"lazy\"><\/trustindex-image><trustindex-image class=\"ti-star\" data-imgurl=\"https:\/\/cdn.trustindex.io\/assets\/platform\/Google\/star\/f.svg\" alt=\"Google star 2\" width=\"17\" height=\"17\" loading=\"lazy\"><\/trustindex-image><trustindex-image class=\"ti-star\" data-imgurl=\"https:\/\/cdn.trustindex.io\/assets\/platform\/Google\/star\/f.svg\" alt=\"Google star 3\" width=\"17\" height=\"17\" loading=\"lazy\"><\/trustindex-image><trustindex-image class=\"ti-star\" data-imgurl=\"https:\/\/cdn.trustindex.io\/assets\/platform\/Google\/star\/f.svg\" alt=\"Google star 4\" width=\"17\" height=\"17\" loading=\"lazy\"><\/trustindex-image><trustindex-image class=\"ti-star\" data-imgurl=\"https:\/\/cdn.trustindex.io\/assets\/platform\/Google\/star\/f.svg\" alt=\"Google star 5\" width=\"17\" height=\"17\" loading=\"lazy\"><\/trustindex-image><span class=\"ti-verified-review ti-verified-platform\"><span class=\"ti-verified-tooltip\">Trustindex verifica que la fuente original de la rese\u00f1a sea Google.<\/span><\/span><\/span> <div class=\"ti-review-text-container ti-review-content\"><!-- R-CONTENT -->Atenci\u00f3n muy buena de la doctora y de las auxiliares<!-- R-CONTENT --><\/div> <span class=\"ti-read-more\" data-container=\".ti-review-content\" data-collapse-text=\"Ocultar\" data-open-text=\"Leer m\u00e1s\"><\/span> <\/div> <\/div>  <div data-empty=\"0\" class=\"ti-review-item source-Google ti-image-layout-thumbnail\" data-time=\"\" data-id=\"cfcd208495d565ef66e7dff9f98764da\" data-language=\"\"> <div class=\"ti-inner\"> <div class=\"ti-review-header\"> <div class=\"ti-platform-icon ti-with-tooltip\"> <span class=\"ti-tooltip\">Publicado en Google<\/span> <trustindex-image data-imgurl=\"https:\/\/cdn.trustindex.io\/assets\/platform\/Google\/icon.svg\" alt=\"Google\" width=\"20\" height=\"20\" loading=\"lazy\"><\/trustindex-image> <\/div> <div class=\"ti-profile-img\"> <trustindex-image data-imgurl=\"https:\/\/lh3.googleusercontent.com\/a\/ACg8ocLJ9j-vNwboPm0yglVXrs4FTPEon3Om3ZTJi7xaqcjl=w40-h40-c-rp-mo-br100\" alt=\"Virginia Jimenez profile picture\" loading=\"lazy\"><\/trustindex-image> <\/div> <div class=\"ti-profile-details\"> <div class=\"ti-name\"> Virginia Jimenez <\/div> <div class=\"ti-date\">22\/02\/2024<\/div> <\/div> <\/div> <span class=\"ti-stars\"><trustindex-image class=\"ti-star\" data-imgurl=\"https:\/\/cdn.trustindex.io\/assets\/platform\/Google\/star\/f.svg\" alt=\"Google star 1\" width=\"17\" height=\"17\" loading=\"lazy\"><\/trustindex-image><trustindex-image class=\"ti-star\" data-imgurl=\"https:\/\/cdn.trustindex.io\/assets\/platform\/Google\/star\/f.svg\" alt=\"Google star 2\" width=\"17\" height=\"17\" loading=\"lazy\"><\/trustindex-image><trustindex-image class=\"ti-star\" data-imgurl=\"https:\/\/cdn.trustindex.io\/assets\/platform\/Google\/star\/f.svg\" alt=\"Google star 3\" width=\"17\" height=\"17\" loading=\"lazy\"><\/trustindex-image><trustindex-image class=\"ti-star\" data-imgurl=\"https:\/\/cdn.trustindex.io\/assets\/platform\/Google\/star\/f.svg\" alt=\"Google star 4\" width=\"17\" height=\"17\" loading=\"lazy\"><\/trustindex-image><trustindex-image class=\"ti-star\" data-imgurl=\"https:\/\/cdn.trustindex.io\/assets\/platform\/Google\/star\/f.svg\" alt=\"Google star 5\" width=\"17\" height=\"17\" loading=\"lazy\"><\/trustindex-image><span class=\"ti-verified-review ti-verified-platform\"><span class=\"ti-verified-tooltip\">Trustindex verifica que la fuente original de la rese\u00f1a sea Google.<\/span><\/span><\/span> <div class=\"ti-review-text-container ti-review-content\"><!-- R-CONTENT -->He recibido un trato espectacular por parte de todos los trabajadores de la cl\u00ednica de M\u00f3stoles.\nLa operaci\u00f3n me la realiz\u00f3 el doctor Rafael, y sali\u00f3 todo muy muy bien me operado de miop\u00eda y astigmatismo, y el mismo d\u00eda por la noche ya pod\u00eda ver y hacer vida normal. Lo recomiendo 100 por 100.\nLlegue con miedo por que la vista es algo muy delicado y a d\u00eda de hoy la mejor decisi\u00f3n que tom\u00e9 fue quitarme las gafas y hacerlo con ellos.\n\nGracias<!-- R-CONTENT --><\/div> <span class=\"ti-read-more\" data-container=\".ti-review-content\" data-collapse-text=\"Ocultar\" data-open-text=\"Leer m\u00e1s\"><\/span> <\/div> <\/div>  <div data-empty=\"0\" class=\"ti-review-item source-Google ti-image-layout-thumbnail\" data-time=\"\" data-id=\"cfcd208495d565ef66e7dff9f98764da\" data-language=\"\"> <div class=\"ti-inner\"> <div class=\"ti-review-header\"> <div class=\"ti-platform-icon ti-with-tooltip\"> <span class=\"ti-tooltip\">Publicado en Google<\/span> <trustindex-image data-imgurl=\"https:\/\/cdn.trustindex.io\/assets\/platform\/Google\/icon.svg\" alt=\"Google\" width=\"20\" height=\"20\" loading=\"lazy\"><\/trustindex-image> <\/div> <div class=\"ti-profile-img\"> <trustindex-image data-imgurl=\"https:\/\/lh3.googleusercontent.com\/a-\/ALV-UjVdbd3Sm-F_C3qjnSPIEeZ28H3K404OeYdISk2TIzCrhH0=w40-h40-c-rp-mo-ba2-br100\" alt=\"Isidro Hoyas profile picture\" loading=\"lazy\"><\/trustindex-image> <\/div> <div class=\"ti-profile-details\"> <div class=\"ti-name\"> Isidro Hoyas <\/div> <div class=\"ti-date\">20\/02\/2024<\/div> <\/div> <\/div> <span class=\"ti-stars\"><trustindex-image class=\"ti-star\" data-imgurl=\"https:\/\/cdn.trustindex.io\/assets\/platform\/Google\/star\/f.svg\" alt=\"Google star 1\" width=\"17\" height=\"17\" loading=\"lazy\"><\/trustindex-image><trustindex-image class=\"ti-star\" data-imgurl=\"https:\/\/cdn.trustindex.io\/assets\/platform\/Google\/star\/f.svg\" alt=\"Google star 2\" width=\"17\" height=\"17\" loading=\"lazy\"><\/trustindex-image><trustindex-image class=\"ti-star\" data-imgurl=\"https:\/\/cdn.trustindex.io\/assets\/platform\/Google\/star\/f.svg\" alt=\"Google star 3\" width=\"17\" height=\"17\" loading=\"lazy\"><\/trustindex-image><trustindex-image class=\"ti-star\" data-imgurl=\"https:\/\/cdn.trustindex.io\/assets\/platform\/Google\/star\/f.svg\" alt=\"Google star 4\" width=\"17\" height=\"17\" loading=\"lazy\"><\/trustindex-image><trustindex-image class=\"ti-star\" data-imgurl=\"https:\/\/cdn.trustindex.io\/assets\/platform\/Google\/star\/f.svg\" alt=\"Google star 5\" width=\"17\" height=\"17\" loading=\"lazy\"><\/trustindex-image><span class=\"ti-verified-review ti-verified-platform\"><span class=\"ti-verified-tooltip\">Trustindex verifica que la fuente original de la rese\u00f1a sea Google.<\/span><\/span><\/span> <div class=\"ti-review-text-container ti-review-content\"><!-- R-CONTENT -->Buenos profesionales y las chicas muy amables y atentas<!-- R-CONTENT --><\/div> <span class=\"ti-read-more\" data-container=\".ti-review-content\" data-collapse-text=\"Ocultar\" data-open-text=\"Leer m\u00e1s\"><\/span> <\/div> <\/div>  <\/div> <div class=\"ti-controls-line\"> <div class=\"dot\"><\/div> <\/div>   <\/div> <\/div> <\/div> <\/template><\/pre><div data-src=\"https:\/\/cdn.trustindex.io\/loader.js?wp-widget\" data-template-id=\"trustindex-google-widget-html\" data-css-url=\"https:\/\/cdn.clinicabaviera.com\/blog\/wp-content\/uploads\/trustindex-google-widget.css?1774511208\"><\/div>\n<hr \/>\n<p>&nbsp;<\/p>\n","protected":false},"excerpt":{"rendered":"<p>\u00bfEres de los que cree que la edad adulta favorece el aumento de la miop\u00eda? \u00bfC\u00f3mo distinguirla de la presbicia en esos casos?\u00a0 En este art\u00edculo te contamos todo lo que debes saber sobre la relaci\u00f3n que existe entre el aumento de la miop\u00eda y la edad adulta. \u00bfQu\u00e9 relaci\u00f3n existe entre el aumento de [&hellip;]<\/p>\n","protected":false},"author":36,"featured_media":10818,"comment_status":"open","ping_status":"closed","sticky":false,"template":"","format":"standard","meta":{"jetpack_post_was_ever_published":true,"_jetpack_newsletter_access":"","_jetpack_dont_email_post_to_subs":false,"_jetpack_newsletter_tier_id":0,"_jetpack_memberships_contains_paywalled_content":false,"_jetpack_memberships_contains_paid_content":false,"footnotes":""},"categories":[1146],"tags":[1928],"ppma_author":[2262],"class_list":["post-10817","post","type-post","status-publish","format-standard","has-post-thumbnail","hentry","category-vive-la-vida-sin-gafas","tag-aumento-miopia-edad-adulta"],"yoast_head":"<!-- This site is optimized with the Yoast SEO plugin v27.5 - https:\/\/yoast.com\/product\/yoast-seo-wordpress\/ -->\n<title>Relaci\u00f3n entre aumento de la miop\u00eda y la edad adulta<\/title>\n<meta name=\"description\" content=\"La relaci\u00f3n entre aumento de la miop\u00eda y la edad adulta es una de las cuestiones que se tiene que tener en cuenta antes de operarse.\" \/>\n<meta name=\"robots\" content=\"index, follow, max-snippet:-1, max-image-preview:large, max-video-preview:-1\" \/>\n<link rel=\"canonical\" href=\"https:\/\/www.clinicabaviera.com\/blog\/aumento-de-la-miopia-y-la-edad-adulta-relacion\/\" \/>\n<meta property=\"og:locale\" content=\"es_ES\" \/>\n<meta property=\"og:type\" content=\"article\" \/>\n<meta property=\"og:title\" content=\"Relaci\u00f3n entre aumento de la miop\u00eda y la edad adulta\" \/>\n<meta property=\"og:description\" content=\"La relaci\u00f3n entre aumento de la miop\u00eda y la edad adulta es una de las cuestiones que se tiene que tener en cuenta antes de operarse.\" \/>\n<meta property=\"og:url\" content=\"https:\/\/www.clinicabaviera.com\/blog\/aumento-de-la-miopia-y-la-edad-adulta-relacion\/\" \/>\n<meta property=\"og:site_name\" content=\"Blog de Baviera antes Cl\u00ednica Baviera\" \/>\n<meta property=\"article:publisher\" content=\"https:\/\/www.facebook.com\/CLINICABAVIERA\" \/>\n<meta property=\"article:published_time\" content=\"2022-11-23T06:00:00+00:00\" \/>\n<meta property=\"article:modified_time\" content=\"2025-02-14T11:33:49+00:00\" \/>\n<meta property=\"og:image\" content=\"https:\/\/cdn.clinicabaviera.com\/blog\/wp-content\/uploads\/2017\/07\/iStock-669346614.jpg\" \/>\n\t<meta property=\"og:image:width\" content=\"702\" \/>\n\t<meta property=\"og:image:height\" content=\"498\" \/>\n\t<meta property=\"og:image:type\" content=\"image\/jpeg\" \/>\n<meta name=\"author\" content=\"Dr. Fernando Llovet\" \/>\n<meta name=\"twitter:card\" content=\"summary_large_image\" \/>\n<meta name=\"twitter:label1\" content=\"Escrito por\" \/>\n\t<meta name=\"twitter:data1\" content=\"Dr. Fernando Llovet\" \/>\n\t<meta name=\"twitter:label2\" content=\"Tiempo de lectura\" \/>\n\t<meta name=\"twitter:data2\" content=\"6 minutos\" \/>\n<!-- \/ Yoast SEO plugin. -->","yoast_head_json":{"title":"Relaci\u00f3n entre aumento de la miop\u00eda y la edad adulta","description":"La relaci\u00f3n entre aumento de la miop\u00eda y la edad adulta es una de las cuestiones que se tiene que tener en cuenta antes de operarse.","robots":{"index":"index","follow":"follow","max-snippet":"max-snippet:-1","max-image-preview":"max-image-preview:large","max-video-preview":"max-video-preview:-1"},"canonical":"https:\/\/www.clinicabaviera.com\/blog\/aumento-de-la-miopia-y-la-edad-adulta-relacion\/","og_locale":"es_ES","og_type":"article","og_title":"Relaci\u00f3n entre aumento de la miop\u00eda y la edad adulta","og_description":"La relaci\u00f3n entre aumento de la miop\u00eda y la edad adulta es una de las cuestiones que se tiene que tener en cuenta antes de operarse.","og_url":"https:\/\/www.clinicabaviera.com\/blog\/aumento-de-la-miopia-y-la-edad-adulta-relacion\/","og_site_name":"Blog de Baviera antes Cl\u00ednica Baviera","article_publisher":"https:\/\/www.facebook.com\/CLINICABAVIERA","article_published_time":"2022-11-23T06:00:00+00:00","article_modified_time":"2025-02-14T11:33:49+00:00","og_image":[{"width":702,"height":498,"url":"https:\/\/cdn.clinicabaviera.com\/blog\/wp-content\/uploads\/2017\/07\/iStock-669346614.jpg","type":"image\/jpeg"}],"author":"Dr. Fernando Llovet","twitter_card":"summary_large_image","twitter_misc":{"Escrito por":"Dr. Fernando Llovet","Tiempo de lectura":"6 minutos"},"schema":{"@context":"https:\/\/schema.org","@graph":[{"@type":"Article","@id":"https:\/\/www.clinicabaviera.com\/blog\/aumento-de-la-miopia-y-la-edad-adulta-relacion\/#article","isPartOf":{"@id":"https:\/\/www.clinicabaviera.com\/blog\/aumento-de-la-miopia-y-la-edad-adulta-relacion\/"},"author":{"name":"Fernando Llovet","@id":"https:\/\/www.clinicabaviera.com\/blog\/#\/schema\/person\/6f99a3c85c06ce9bae3b6bdff6094074"},"headline":"Relaci\u00f3n entre aumento de la miop\u00eda y la edad adulta","datePublished":"2022-11-23T06:00:00+00:00","dateModified":"2025-02-14T11:33:49+00:00","mainEntityOfPage":{"@id":"https:\/\/www.clinicabaviera.com\/blog\/aumento-de-la-miopia-y-la-edad-adulta-relacion\/"},"wordCount":998,"commentCount":3,"publisher":{"@id":"https:\/\/www.clinicabaviera.com\/blog\/#organization"},"image":{"@id":"https:\/\/www.clinicabaviera.com\/blog\/aumento-de-la-miopia-y-la-edad-adulta-relacion\/#primaryimage"},"thumbnailUrl":"https:\/\/cdn.clinicabaviera.com\/blog\/wp-content\/uploads\/2017\/07\/iStock-669346614.jpg","keywords":["aumento miopia edad adulta"],"articleSection":["Vive la vida sin gafas"],"inLanguage":"es","potentialAction":[{"@type":"CommentAction","name":"Comment","target":["https:\/\/www.clinicabaviera.com\/blog\/aumento-de-la-miopia-y-la-edad-adulta-relacion\/#respond"]}]},{"@type":"WebPage","@id":"https:\/\/www.clinicabaviera.com\/blog\/aumento-de-la-miopia-y-la-edad-adulta-relacion\/","url":"https:\/\/www.clinicabaviera.com\/blog\/aumento-de-la-miopia-y-la-edad-adulta-relacion\/","name":"Relaci\u00f3n entre aumento de la miop\u00eda y la edad adulta","isPartOf":{"@id":"https:\/\/www.clinicabaviera.com\/blog\/#website"},"primaryImageOfPage":{"@id":"https:\/\/www.clinicabaviera.com\/blog\/aumento-de-la-miopia-y-la-edad-adulta-relacion\/#primaryimage"},"image":{"@id":"https:\/\/www.clinicabaviera.com\/blog\/aumento-de-la-miopia-y-la-edad-adulta-relacion\/#primaryimage"},"thumbnailUrl":"https:\/\/cdn.clinicabaviera.com\/blog\/wp-content\/uploads\/2017\/07\/iStock-669346614.jpg","datePublished":"2022-11-23T06:00:00+00:00","dateModified":"2025-02-14T11:33:49+00:00","description":"La relaci\u00f3n entre aumento de la miop\u00eda y la edad adulta es una de las cuestiones que se tiene que tener en cuenta antes de operarse.","breadcrumb":{"@id":"https:\/\/www.clinicabaviera.com\/blog\/aumento-de-la-miopia-y-la-edad-adulta-relacion\/#breadcrumb"},"inLanguage":"es","potentialAction":[{"@type":"ReadAction","target":["https:\/\/www.clinicabaviera.com\/blog\/aumento-de-la-miopia-y-la-edad-adulta-relacion\/"]}]},{"@type":"ImageObject","inLanguage":"es","@id":"https:\/\/www.clinicabaviera.com\/blog\/aumento-de-la-miopia-y-la-edad-adulta-relacion\/#primaryimage","url":"https:\/\/cdn.clinicabaviera.com\/blog\/wp-content\/uploads\/2017\/07\/iStock-669346614.jpg","contentUrl":"https:\/\/cdn.clinicabaviera.com\/blog\/wp-content\/uploads\/2017\/07\/iStock-669346614.jpg","width":702,"height":498,"caption":"aumento de la miop\u00eda y la edad adulta"},{"@type":"BreadcrumbList","@id":"https:\/\/www.clinicabaviera.com\/blog\/aumento-de-la-miopia-y-la-edad-adulta-relacion\/#breadcrumb","itemListElement":[{"@type":"ListItem","position":1,"name":"Inicio","item":"https:\/\/www.clinicabaviera.com\/blog\/"},{"@type":"ListItem","position":2,"name":"Relaci\u00f3n entre aumento de la miop\u00eda y la edad adulta"}]},{"@type":"WebSite","@id":"https:\/\/www.clinicabaviera.com\/blog\/#website","url":"https:\/\/www.clinicabaviera.com\/blog\/","name":"Blog de Baviera antes Cl\u00ednica Baviera","description":"Informaci\u00f3n sobre la salud visual","publisher":{"@id":"https:\/\/www.clinicabaviera.com\/blog\/#organization"},"potentialAction":[{"@type":"SearchAction","target":{"@type":"EntryPoint","urlTemplate":"https:\/\/www.clinicabaviera.com\/blog\/?s={search_term_string}"},"query-input":{"@type":"PropertyValueSpecification","valueRequired":true,"valueName":"search_term_string"}}],"inLanguage":"es"},{"@type":"Organization","@id":"https:\/\/www.clinicabaviera.com\/blog\/#organization","name":"Blog de Baviera antes Cl\u00ednica Baviera","url":"https:\/\/www.clinicabaviera.com\/blog\/","logo":{"@type":"ImageObject","inLanguage":"es","@id":"https:\/\/www.clinicabaviera.com\/blog\/#\/schema\/logo\/image\/","url":"https:\/\/cdn.clinicabaviera.com\/blog\/wp-content\/uploads\/2021\/02\/logo.png","contentUrl":"https:\/\/cdn.clinicabaviera.com\/blog\/wp-content\/uploads\/2021\/02\/logo.png","width":526,"height":164,"caption":"Blog de Baviera antes Cl\u00ednica Baviera"},"image":{"@id":"https:\/\/www.clinicabaviera.com\/blog\/#\/schema\/logo\/image\/"},"sameAs":["https:\/\/www.facebook.com\/CLINICABAVIERA"]},{"@type":"Person","@id":"https:\/\/www.clinicabaviera.com\/blog\/#\/schema\/person\/6f99a3c85c06ce9bae3b6bdff6094074","name":"Fernando Llovet","image":{"@type":"ImageObject","inLanguage":"es","@id":"https:\/\/www.clinicabaviera.com\/blog\/wp-content\/uploads\/2022\/07\/fernando_llovet_valencia_1-2-scaled.jpg8676b0fc3d378e07f4060734118f7d9c","url":"https:\/\/cdn.clinicabaviera.com\/blog\/wp-content\/uploads\/2022\/07\/fernando_llovet_valencia_1-2-scaled.jpg","contentUrl":"https:\/\/cdn.clinicabaviera.com\/blog\/wp-content\/uploads\/2022\/07\/fernando_llovet_valencia_1-2-scaled.jpg","caption":"Fernando Llovet"},"description":"El Dr. Fernando Llovet es oftalm\u00f3logo especialista en cirug\u00eda refractiva, cirug\u00eda de la presbicia y cataratas. Adem\u00e1s, es co-fundador de Baviera. Desarrolla su labor asistencial en Baviera Madrid y Baviera Valencia.","sameAs":["https:\/\/www.clinicabaviera.com\/clinica-oftalmologica-medico\/fernando-llovet"],"url":"https:\/\/www.clinicabaviera.com\/clinica-oftalmologica-medico\/fernando-llovet"}]}},"jetpack_featured_media_url":"https:\/\/cdn.clinicabaviera.com\/blog\/wp-content\/uploads\/2017\/07\/iStock-669346614.jpg","jetpack_shortlink":"https:\/\/wp.me\/p3aNmD-2Ot","jetpack_sharing_enabled":true,"authors":[{"term_id":2262,"user_id":36,"is_guest":0,"slug":"dr-fernando-llovet","display_name":"Dr. Fernando Llovet","avatar_url":{"url":"https:\/\/cdn.clinicabaviera.com\/blog\/wp-content\/uploads\/2022\/07\/fernando_llovet_valencia_1-2-scaled.jpg","url2x":"https:\/\/cdn.clinicabaviera.com\/blog\/wp-content\/uploads\/2022\/07\/fernando_llovet_valencia_1-2-scaled.jpg"},"0":null,"1":"","2":"","3":"","4":"","5":"","6":"","7":"","8":""}],"_links":{"self":[{"href":"https:\/\/www.clinicabaviera.com\/blog\/wp-json\/wp\/v2\/posts\/10817","targetHints":{"allow":["GET"]}}],"collection":[{"href":"https:\/\/www.clinicabaviera.com\/blog\/wp-json\/wp\/v2\/posts"}],"about":[{"href":"https:\/\/www.clinicabaviera.com\/blog\/wp-json\/wp\/v2\/types\/post"}],"author":[{"embeddable":true,"href":"https:\/\/www.clinicabaviera.com\/blog\/wp-json\/wp\/v2\/users\/36"}],"replies":[{"embeddable":true,"href":"https:\/\/www.clinicabaviera.com\/blog\/wp-json\/wp\/v2\/comments?post=10817"}],"version-history":[{"count":21,"href":"https:\/\/www.clinicabaviera.com\/blog\/wp-json\/wp\/v2\/posts\/10817\/revisions"}],"predecessor-version":[{"id":36039,"href":"https:\/\/www.clinicabaviera.com\/blog\/wp-json\/wp\/v2\/posts\/10817\/revisions\/36039"}],"wp:featuredmedia":[{"embeddable":true,"href":"https:\/\/www.clinicabaviera.com\/blog\/wp-json\/wp\/v2\/media\/10818"}],"wp:attachment":[{"href":"https:\/\/www.clinicabaviera.com\/blog\/wp-json\/wp\/v2\/media?parent=10817"}],"wp:term":[{"taxonomy":"category","embeddable":true,"href":"https:\/\/www.clinicabaviera.com\/blog\/wp-json\/wp\/v2\/categories?post=10817"},{"taxonomy":"post_tag","embeddable":true,"href":"https:\/\/www.clinicabaviera.com\/blog\/wp-json\/wp\/v2\/tags?post=10817"},{"taxonomy":"author","embeddable":true,"href":"https:\/\/www.clinicabaviera.com\/blog\/wp-json\/wp\/v2\/ppma_author?post=10817"}],"curies":[{"name":"wp","href":"https:\/\/api.w.org\/{rel}","templated":true}]}}