{"id":11405,"date":"2023-04-07T08:00:14","date_gmt":"2023-04-07T06:00:14","guid":{"rendered":"https:\/\/www.clinicabaviera.com\/blog\/?p=11405"},"modified":"2025-02-13T13:02:10","modified_gmt":"2025-02-13T12:02:10","slug":"conjuntivitis-aguda","status":"publish","type":"post","link":"https:\/\/www.clinicabaviera.com\/blog\/conjuntivitis-aguda\/","title":{"rendered":"\u00bfQu\u00e9 es la conjuntivitis aguda y cu\u00e1les son sus s\u00edntomas?"},"content":{"rendered":"\n\n<div class=\"kk-star-ratings kksr-auto kksr-align-left kksr-valign-top\"\n    data-payload='{&quot;align&quot;:&quot;left&quot;,&quot;id&quot;:&quot;11405&quot;,&quot;slug&quot;:&quot;default&quot;,&quot;valign&quot;:&quot;top&quot;,&quot;ignore&quot;:&quot;&quot;,&quot;reference&quot;:&quot;auto&quot;,&quot;class&quot;:&quot;&quot;,&quot;count&quot;:&quot;73&quot;,&quot;legendonly&quot;:&quot;&quot;,&quot;readonly&quot;:&quot;&quot;,&quot;score&quot;:&quot;4.9&quot;,&quot;starsonly&quot;:&quot;&quot;,&quot;best&quot;:&quot;5&quot;,&quot;gap&quot;:&quot;4&quot;,&quot;greet&quot;:&quot;Rate this post&quot;,&quot;legend&quot;:&quot;4.9\\\/5 - (73 votos)&quot;,&quot;size&quot;:&quot;15&quot;,&quot;title&quot;:&quot;\u00bfQu\u00e9 es la conjuntivitis aguda y cu\u00e1les son sus s\u00edntomas?&quot;,&quot;width&quot;:&quot;91.1&quot;,&quot;_legend&quot;:&quot;{score}\\\/{best} - ({count} {votes})&quot;,&quot;font_factor&quot;:&quot;1.25&quot;}'>\n            \n<div class=\"kksr-stars\">\n    \n<div class=\"kksr-stars-inactive\">\n            <div class=\"kksr-star\" data-star=\"1\" style=\"padding-right: 4px\">\n            \n\n<div class=\"kksr-icon\" style=\"width: 15px; height: 15px;\"><\/div>\n        <\/div>\n            <div class=\"kksr-star\" data-star=\"2\" style=\"padding-right: 4px\">\n            \n\n<div class=\"kksr-icon\" style=\"width: 15px; height: 15px;\"><\/div>\n        <\/div>\n            <div class=\"kksr-star\" data-star=\"3\" style=\"padding-right: 4px\">\n            \n\n<div class=\"kksr-icon\" style=\"width: 15px; height: 15px;\"><\/div>\n        <\/div>\n            <div class=\"kksr-star\" data-star=\"4\" style=\"padding-right: 4px\">\n            \n\n<div class=\"kksr-icon\" style=\"width: 15px; height: 15px;\"><\/div>\n        <\/div>\n            <div class=\"kksr-star\" data-star=\"5\" style=\"padding-right: 4px\">\n            \n\n<div class=\"kksr-icon\" style=\"width: 15px; height: 15px;\"><\/div>\n        <\/div>\n    <\/div>\n    \n<div class=\"kksr-stars-active\" style=\"width: 91.1px;\">\n            <div class=\"kksr-star\" style=\"padding-right: 4px\">\n            \n\n<div class=\"kksr-icon\" style=\"width: 15px; height: 15px;\"><\/div>\n        <\/div>\n            <div class=\"kksr-star\" style=\"padding-right: 4px\">\n            \n\n<div class=\"kksr-icon\" style=\"width: 15px; height: 15px;\"><\/div>\n        <\/div>\n            <div class=\"kksr-star\" style=\"padding-right: 4px\">\n            \n\n<div class=\"kksr-icon\" style=\"width: 15px; height: 15px;\"><\/div>\n        <\/div>\n            <div class=\"kksr-star\" style=\"padding-right: 4px\">\n            \n\n<div class=\"kksr-icon\" style=\"width: 15px; height: 15px;\"><\/div>\n        <\/div>\n            <div class=\"kksr-star\" style=\"padding-right: 4px\">\n            \n\n<div class=\"kksr-icon\" style=\"width: 15px; height: 15px;\"><\/div>\n        <\/div>\n    <\/div>\n<\/div>\n                \n\n<div class=\"kksr-legend\" style=\"font-size: 12px;\">\n            4.9\/5 - (73 votos)    <\/div>\n    <\/div>\n<p style=\"text-align: justify;\">En este post explicamos qu\u00e9 es la <strong>conjuntivitis aguda<\/strong>, una de las enfermedades visuales m\u00e1s temidas, no s\u00f3lo por los s\u00edntomas que la caracterizan sino, adem\u00e1s, por los efectos secundarios que puede provocar.<\/p>\n<p style=\"text-align: justify;\">\u00bfCu\u00e1les son esos s\u00edntomas? \u00bfCu\u00e1les pueden ser las causas de este problema? \u00bfC\u00f3mo se trata la conjuntivitis aguda? Descubre cu\u00e1nto sabes de este problema ocular e este post.<\/p>\n<div id=\"ez-toc-container\" class=\"ez-toc-v2_0_82_2 ez-toc-wrap-center counter-hierarchy ez-toc-counter ez-toc-custom ez-toc-container-direction\">\n<div class=\"ez-toc-title-container\">\n<p class=\"ez-toc-title\" style=\"cursor:inherit\">\u00cdndice<\/p>\n<span class=\"ez-toc-title-toggle\"><\/span><\/div>\n<nav><ul class='ez-toc-list ez-toc-list-level-1 ' ><li class='ez-toc-page-1 ez-toc-heading-level-2'><a class=\"ez-toc-link ez-toc-heading-1\" href=\"https:\/\/www.clinicabaviera.com\/blog\/conjuntivitis-aguda\/#%C2%BFQue_es_la_conjuntivitis_aguda\" >\u00bfQu\u00e9 es la conjuntivitis aguda?<\/a><\/li><li class='ez-toc-page-1 ez-toc-heading-level-2'><a class=\"ez-toc-link ez-toc-heading-2\" href=\"https:\/\/www.clinicabaviera.com\/blog\/conjuntivitis-aguda\/#%C2%BFCuales_pueden_ser_las_causas_de_la_conjuntivitis_aguda\" >\u00bfCu\u00e1les pueden ser las causas de la conjuntivitis aguda?<\/a><\/li><li class='ez-toc-page-1 ez-toc-heading-level-2'><a class=\"ez-toc-link ez-toc-heading-3\" href=\"https:\/\/www.clinicabaviera.com\/blog\/conjuntivitis-aguda\/#%C2%BFCuales_son_sus_sintomas\" >\u00bfCu\u00e1les son sus s\u00edntomas?<\/a><\/li><li class='ez-toc-page-1 ez-toc-heading-level-2'><a class=\"ez-toc-link ez-toc-heading-4\" href=\"https:\/\/www.clinicabaviera.com\/blog\/conjuntivitis-aguda\/#%C2%BFComo_se_realiza_el_diagnostico\" >\u00bfC\u00f3mo se realiza el diagn\u00f3stico?<\/a><\/li><li class='ez-toc-page-1 ez-toc-heading-level-2'><a class=\"ez-toc-link ez-toc-heading-5\" href=\"https:\/\/www.clinicabaviera.com\/blog\/conjuntivitis-aguda\/#%C2%BFCual_es_su_tratamiento\" >\u00bfCu\u00e1l es su tratamiento?<\/a><\/li><li class='ez-toc-page-1 ez-toc-heading-level-2'><a class=\"ez-toc-link ez-toc-heading-6\" href=\"https:\/\/www.clinicabaviera.com\/blog\/conjuntivitis-aguda\/#%C2%BFCual_es_la_diferencia_entre_la_conjuntivitis_aguda_y_la_conjuntivitis_hiperaguda\" >\u00bfCu\u00e1l es la diferencia entre la conjuntivitis aguda y la conjuntivitis hiperaguda?<\/a><\/li><li class='ez-toc-page-1 ez-toc-heading-level-2'><a class=\"ez-toc-link ez-toc-heading-7\" href=\"https:\/\/www.clinicabaviera.com\/blog\/conjuntivitis-aguda\/#Fuentes\" >Fuentes<\/a><\/li><\/ul><\/nav><\/div>\n\n<h2><span class=\"ez-toc-section\" id=\"%C2%BFQue_es_la_conjuntivitis_aguda\"><\/span>\u00bfQu\u00e9 es la conjuntivitis aguda?<span class=\"ez-toc-section-end\"><\/span><\/h2>\n<p>Con el t\u00e9rmino <a href=\"https:\/\/www.clinicabaviera.com\/blog\/cuanto-dura-la-conjuntivitis\/\">conjuntivitis<\/a> nos referimos a un grupo de trastornos inflamatorios que afectan a la conjuntiva, una membrana mucosa y transparente que cubre la cara posterior de los p\u00e1rpados y la parte anterior del globo ocular (parte blanca del ojo).<\/p>\n<p>Las conjuntivitis pueden clasificarse seg\u00fan su origen y seg\u00fan su evoluci\u00f3n.<\/p>\n<h3>Conjuntivitis seg\u00fan su origen:<\/h3>\n<ul>\n<li>V\u00edricas.<\/li>\n<li>Bacterianas.<\/li>\n<li>Al\u00e9rgicas.<\/li>\n<\/ul>\n<p><img loading=\"lazy\" decoding=\"async\" data-attachment-id=\"34143\" data-permalink=\"https:\/\/www.clinicabaviera.com\/blog\/sabes-que-hacer-cuando-usas-lentillas-y-tienes-conjuntivitis\/conjuntivitis-2\/\" data-orig-file=\"https:\/\/cdn.clinicabaviera.com\/blog\/wp-content\/uploads\/2023\/06\/Conjuntivitis-scaled.jpg\" data-orig-size=\"2560,911\" data-comments-opened=\"1\" data-image-meta=\"{&quot;aperture&quot;:&quot;0&quot;,&quot;credit&quot;:&quot;&quot;,&quot;camera&quot;:&quot;&quot;,&quot;caption&quot;:&quot;&quot;,&quot;created_timestamp&quot;:&quot;0&quot;,&quot;copyright&quot;:&quot;&quot;,&quot;focal_length&quot;:&quot;0&quot;,&quot;iso&quot;:&quot;0&quot;,&quot;shutter_speed&quot;:&quot;0&quot;,&quot;title&quot;:&quot;&quot;,&quot;orientation&quot;:&quot;0&quot;}\" data-image-title=\"Conjuntivitis\" data-image-description=\"\" data-image-caption=\"\" data-large-file=\"https:\/\/cdn.clinicabaviera.com\/blog\/wp-content\/uploads\/2023\/06\/Conjuntivitis-840x299.jpg\" class=\"alignnone wp-image-34143 size-full\" src=\"https:\/\/cdn.clinicabaviera.com\/blog\/wp-content\/uploads\/2023\/06\/Conjuntivitis-scaled.jpg\" alt=\"\u00bfQu\u00e9 tipos de conjuntivitis existen?\" width=\"2560\" height=\"911\" srcset=\"https:\/\/cdn.clinicabaviera.com\/blog\/wp-content\/uploads\/2023\/06\/Conjuntivitis-scaled.jpg 2560w, https:\/\/cdn.clinicabaviera.com\/blog\/wp-content\/uploads\/2023\/06\/Conjuntivitis-300x107.jpg 300w, https:\/\/cdn.clinicabaviera.com\/blog\/wp-content\/uploads\/2023\/06\/Conjuntivitis-840x299.jpg 840w, https:\/\/cdn.clinicabaviera.com\/blog\/wp-content\/uploads\/2023\/06\/Conjuntivitis-200x71.jpg 200w, https:\/\/cdn.clinicabaviera.com\/blog\/wp-content\/uploads\/2023\/06\/Conjuntivitis-768x273.jpg 768w, https:\/\/cdn.clinicabaviera.com\/blog\/wp-content\/uploads\/2023\/06\/Conjuntivitis-1536x547.jpg 1536w, https:\/\/cdn.clinicabaviera.com\/blog\/wp-content\/uploads\/2023\/06\/Conjuntivitis-2048x729.jpg 2048w\" sizes=\"auto, (max-width: 2560px) 100vw, 2560px\" \/><\/p>\n<h3>Conjuntivitis seg\u00fan su evoluci\u00f3n<\/h3>\n<ul>\n<li>Agudas.<\/li>\n<li>Cr\u00f3nicas.<\/li>\n<\/ul>\n<p>La conjuntivitis aguda (a diferencia de la cr\u00f3nica) suele tener un comienzo s\u00fabito y una evoluci\u00f3n r\u00e1pida, incluida su resoluci\u00f3n.<\/p>\n<p>La conjuntivitis cr\u00f3nica, por el contrario, es aquella que se vuelve recurrente en el tiempo. En la mayor parte de las ocasiones, la conjuntivitis cr\u00f3nica tiene un origen al\u00e9rgico.<\/p>\n<p>Para que la conjuntivitis aguda no se convierta en cr\u00f3nica, es necesario abordar su tratamiento lo antes posible.<\/p>\n<p><a href=\"https:\/\/cloud.info.clinicabaviera.com\/ojo-con-tus-ojos\"><img loading=\"lazy\" decoding=\"async\" data-attachment-id=\"35824\" data-permalink=\"https:\/\/www.clinicabaviera.com\/blog\/bye-bye-gafas\/distancia-para-ver-la-tv-cual-es-la-mejor\/ojo_con_tus_ojos_horizontal-2\/\" data-orig-file=\"https:\/\/cdn.clinicabaviera.com\/blog\/wp-content\/uploads\/2025\/01\/Ojo_con_tus_ojos_horizontal.jpg\" data-orig-size=\"751,367\" data-comments-opened=\"1\" data-image-meta=\"{&quot;aperture&quot;:&quot;0&quot;,&quot;credit&quot;:&quot;&quot;,&quot;camera&quot;:&quot;&quot;,&quot;caption&quot;:&quot;&quot;,&quot;created_timestamp&quot;:&quot;0&quot;,&quot;copyright&quot;:&quot;&quot;,&quot;focal_length&quot;:&quot;0&quot;,&quot;iso&quot;:&quot;0&quot;,&quot;shutter_speed&quot;:&quot;0&quot;,&quot;title&quot;:&quot;&quot;,&quot;orientation&quot;:&quot;0&quot;}\" data-image-title=\"Ojo_con_tus_ojos_horizontal\" data-image-description=\"\" data-image-caption=\"\" data-large-file=\"https:\/\/cdn.clinicabaviera.com\/blog\/wp-content\/uploads\/2025\/01\/Ojo_con_tus_ojos_horizontal.jpg\" class=\"aligncenter wp-image-35824 size-full\" src=\"https:\/\/cdn.clinicabaviera.com\/blog\/wp-content\/uploads\/2025\/01\/Ojo_con_tus_ojos_horizontal.jpg\" alt=\"\" width=\"751\" height=\"367\" srcset=\"https:\/\/cdn.clinicabaviera.com\/blog\/wp-content\/uploads\/2025\/01\/Ojo_con_tus_ojos_horizontal.jpg 751w, https:\/\/cdn.clinicabaviera.com\/blog\/wp-content\/uploads\/2025\/01\/Ojo_con_tus_ojos_horizontal-300x147.jpg 300w, https:\/\/cdn.clinicabaviera.com\/blog\/wp-content\/uploads\/2025\/01\/Ojo_con_tus_ojos_horizontal-200x98.jpg 200w\" sizes=\"auto, (max-width: 751px) 100vw, 751px\" \/><\/a><\/p>\n<h2><span class=\"ez-toc-section\" id=\"%C2%BFCuales_pueden_ser_las_causas_de_la_conjuntivitis_aguda\"><\/span>\u00bfCu\u00e1les pueden ser las causas de la conjuntivitis aguda?<span class=\"ez-toc-section-end\"><\/span><\/h2>\n<p style=\"text-align: justify;\">El primer error que cometen muchos pacientes es creer que la conjuntivitis aguda puede ser siempre del mismo tipo. En realidad, bajo esta denominaci\u00f3n caben conjuntivitis cuyo origen es diverso y por esto mismo es necesario conocer las causas que han provocado el problema. Veamos las principales:<\/p>\n<h3><a href=\"https:\/\/www.clinicabaviera.com\/blog\/conjuntivitis-virica-tratamiento-recomendaciones\/\">Conjuntivitis v\u00edricas agudas<\/a><\/h3>\n<p>Las conjuntivitis virales se clasifican dentro de las conjuntivitis infecciosas y son bastante contagiosas.<\/p>\n<p>Son aquellas que normalmente se originan por la acci\u00f3n de los adenovirus, un grupo de virus similar al que provoca los catarros.<\/p>\n<p>Afectan principalmente a las secreciones de la nariz, la boca y los ojos y se pueden transmitir de la persona infectada a otra con el solo hecho de estornudar cerca, toser o compartir toallas, lentes de contacto u otros utensilios de aseo personal.<\/p>\n<p>En los casos m\u00e1s graves pueden generar da\u00f1os en la c\u00f3rnea.<\/p>\n<h3><a href=\"https:\/\/www.clinicabaviera.com\/blog\/conjuntivitis-bacteriana-causas-sintomas-y-tratamiento\/\">Conjuntivitis bacterianas agudas<\/a><\/h3>\n<p>Tambi\u00e9n se clasifican dentro de las conjuntivitis infecciosas y son bastante contagiosas.<\/p>\n<p>Algunas de las bacterias que pueden causar este tipo de conjuntivitis aguda son_<\/p>\n<ul>\n<li>Haemophilus influenza.<\/li>\n<li>Neumococos.<\/li>\n<li>Estreptococos.<\/li>\n<li>Estafilococos.<\/li>\n<\/ul>\n<p>En casi todos los casos, la infecci\u00f3n se propaga debido al contacto con las manos o en otro tipo de situaciones, por ejemplo cuando las madres dan a luz a sus beb\u00e9s. De hecho, es bastante com\u00fan que las <a href=\"https:\/\/www.clinicabaviera.com\/blog\/conjuntivitis-en-ninos-puede-ser-grave\/\">conjuntivitis en beb\u00e9s<\/a> tengan un origen bacteriano.<\/p>\n<p>La mayor\u00eda de las conjuntivitis bacterianas son agudas, mientras que la conjuntivitis bacteriana cr\u00f3nica suele estar causada por la bacteria Chlamydia y rara vez por la bacteria Moraxella.<\/p>\n<h3>Conjuntivitis al\u00e9rgicas agudas<\/h3>\n<p>Se trata de aquellas que se presentan por el efecto de un elemento o material en el ambiente, tal como sucede en los meses de primavera, cuando el polen y otras sustancias suelen flotar en el aire afectando a nuestra visi\u00f3n hasta el punto de producir afecciones de estas caracter\u00edsticas.<\/p>\n<p>Tambi\u00e9n se pueden generar por el contacto directo o indirecto de una sustancia qu\u00edmica.<\/p>\n<p>Las conjuntivitis al\u00e9rgicas suelen ser de evoluci\u00f3n cr\u00f3nica y suelen acompa\u00f1arse de otros s\u00edntomas al\u00e9rgicos, como rinitis o urticaria.<\/p>\n<p>Adem\u00e1s de estos tipos de conjuntivitis agudas, tambi\u00e9n existen otros tipos menos frecuentes, como las <a href=\"https:\/\/www.clinicabaviera.com\/blog\/la-conjuntivitis-folicular\/\">conjuntivitis foliculares agudas.<\/a><\/p>\n<p>&nbsp;<\/p>\n<p><img loading=\"lazy\" decoding=\"async\" data-attachment-id=\"11467\" data-permalink=\"https:\/\/www.clinicabaviera.com\/blog\/conjuntivitis-aguda\/boy-scratching-his-eye\/\" data-orig-file=\"https:\/\/cdn.clinicabaviera.com\/blog\/wp-content\/uploads\/2017\/09\/iStock-496922747.jpg\" data-orig-size=\"789,443\" data-comments-opened=\"1\" data-image-meta=\"{&quot;aperture&quot;:&quot;5.6&quot;,&quot;credit&quot;:&quot;Getty Images\/iStockphoto&quot;,&quot;camera&quot;:&quot;SLT-A35&quot;,&quot;caption&quot;:&quot;Boy Scratching his Eye&quot;,&quot;created_timestamp&quot;:&quot;1400666691&quot;,&quot;copyright&quot;:&quot;LadyKonstantia&quot;,&quot;focal_length&quot;:&quot;45&quot;,&quot;iso&quot;:&quot;400&quot;,&quot;shutter_speed&quot;:&quot;0.0125&quot;,&quot;title&quot;:&quot;Boy Scratching his Eye&quot;,&quot;orientation&quot;:&quot;1&quot;}\" data-image-title=\"conjuntivitis aguda\" data-image-description=\"\" data-image-caption=\"&lt;p&gt;iStockphoto&lt;\/p&gt;\n\" data-large-file=\"https:\/\/cdn.clinicabaviera.com\/blog\/wp-content\/uploads\/2017\/09\/iStock-496922747.jpg\" class=\"alignnone wp-image-11467 size-full\" src=\"https:\/\/cdn.clinicabaviera.com\/blog\/wp-content\/uploads\/2017\/09\/iStock-496922747.jpg\" alt=\"Ni\u00f1o moreno con ojos verdes rasc\u00e1ndose un ojo\" width=\"789\" height=\"443\" srcset=\"https:\/\/cdn.clinicabaviera.com\/blog\/wp-content\/uploads\/2017\/09\/iStock-496922747.jpg 789w, https:\/\/cdn.clinicabaviera.com\/blog\/wp-content\/uploads\/2017\/09\/iStock-496922747-200x112.jpg 200w, https:\/\/cdn.clinicabaviera.com\/blog\/wp-content\/uploads\/2017\/09\/iStock-496922747-300x168.jpg 300w, https:\/\/cdn.clinicabaviera.com\/blog\/wp-content\/uploads\/2017\/09\/iStock-496922747-768x431.jpg 768w\" sizes=\"auto, (max-width: 789px) 100vw, 789px\" \/><\/p>\n<h2 style=\"text-align: justify;\"><span class=\"ez-toc-section\" id=\"%C2%BFCuales_son_sus_sintomas\"><\/span>\u00bfCu\u00e1les son sus s\u00edntomas?<span class=\"ez-toc-section-end\"><\/span><\/h2>\n<p style=\"text-align: justify;\">Una de las claves para el oportuno tratamiento de la conjuntivitis aguda consiste en diagnosticar la enfermedad en sus etapas iniciales. De hecho, conviene conocer cu\u00e1les son los principales s\u00edntomas de la conjuntivitis para mantenernos alerta y tomar medidas en el menor tiempo posible.<\/p>\n<p style=\"text-align: justify;\">Veamos los s\u00edntomas m\u00e1s comunes de esta enfermedad:<\/p>\n<ul style=\"text-align: justify;\">\n<li><strong>Ojos irritados y enrojecidos<\/strong> (como <a href=\"https:\/\/www.clinicabaviera.com\/blog\/salud-visual\/por-que-veces-aparecen-pequenas-manchas-rojas-en-el-ojo\/\">manchas rojas en el ojo<\/a> o <a href=\"https:\/\/www.clinicabaviera.com\/blog\/mundo-baviera-derrames-oculares-por-que-ocurren\/\">sangre en el ojo<\/a>): no se trata de un enrojecimiento temporal; en este caso, los vasos sangu\u00edneos se mantienen irritados sin que su aspecto cambie.<\/li>\n<li><strong>Sensaci\u00f3n de aspereza o <a href=\"https:\/\/www.clinicabaviera.com\/blog\/sensacion-tener-algo-ojo-remedio\/\">cuerpo extra\u00f1o en los ojos<\/a><\/strong>: la conjuntivitis aguda genera un estado de permanente incomodidad que nos impide parpadear con la misma naturalidad con la que lo hacemos en el d\u00eda a d\u00eda.<\/li>\n<li><a href=\"https:\/\/www.clinicabaviera.com\/blog\/bye-bye-gafas\/que-es-la-fotofobia\/\"><strong>Sensibilidad a la luz o fotofobia.<\/strong><\/a><\/li>\n<li><strong>Secreci\u00f3n continua<\/strong>: si algo caracteriza esta enfermedad es la continua secreci\u00f3n de una sustancia amarillenta, una especie de l\u00e1grimas espesas que expulsamos como producto de la infecci\u00f3n y se suelen acumular cerca del conducto lagrimal. En las horas de la noche, es posible que estos l\u00edquidos se acumulen en el ojo y acaben por convertirse en lega\u00f1as que se detectan al despertarnos por la ma\u00f1ana.<\/li>\n<li><a href=\"https:\/\/www.clinicabaviera.com\/blog\/me-pican-los-ojos-que-puede-ser\/\"><strong>Picaz\u00f3n o picor<\/strong><\/a>: las personas que han sufrido la conjuntivitis aguda saben el esfuerzo que debe hacerse para no frotarse los ojos con las manos a causa de la picaz\u00f3n que se genera en la zona ocular.<\/li>\n<li><a href=\"https:\/\/www.clinicabaviera.com\/blog\/parpados-ojos-hinchados-causas-y-tratamiento\/\"><strong>Inflamaci\u00f3n en los p\u00e1rpados<\/strong><\/a>.<\/li>\n<\/ul>\n<h2><span class=\"ez-toc-section\" id=\"%C2%BFComo_se_realiza_el_diagnostico\"><\/span>\u00bfC\u00f3mo se realiza el diagn\u00f3stico?<span class=\"ez-toc-section-end\"><\/span><\/h2>\n<p style=\"text-align: justify;\">A la hora de realizar el diagn\u00f3stico, es necesario acudir al oftalm\u00f3logo para que haga una exploraci\u00f3n a fondo de la zona ocular y para que determine el tipo de conjuntivitis aguda que se ha desarrollado.<\/p>\n<p>Para ello el especialista llevar\u00e1 a cabo:<\/p>\n<ul>\n<li style=\"text-align: justify;\">Una evaluaci\u00f3n cl\u00ednica.<\/li>\n<li style=\"text-align: justify;\">Un cultivo de frotis o raspados conjuntivales para determinar el origen de la inflamaci\u00f3n de la conjuntiva.<\/li>\n<\/ul>\n<p style=\"text-align: justify;\">El \u00e9xito del tratamiento depender\u00e1, en cierta medida, de que este diagn\u00f3stico sea el correcto y de que el paciente siga las pautas indicadas por el m\u00e9dico.<\/p>\n<h2><span class=\"ez-toc-section\" id=\"%C2%BFCual_es_su_tratamiento\"><\/span>\u00bfCu\u00e1l es su tratamiento?<span class=\"ez-toc-section-end\"><\/span><\/h2>\n<p>El tratamiento que decida aplicar el oftalm\u00f3logo tambi\u00e9n depender\u00e1 de las causas que hayan provocado la conjuntivitis aguda:<\/p>\n<ul>\n<li>La mayor parte de las conjuntivitis v\u00edricas se resuelven por s\u00ed solas y no requieren ning\u00fan tratamiento espec\u00edfico. En algunas ocasiones, el m\u00e9dico recomendar\u00e1 ciertos medicamentos para tratar los s\u00edntomas provocados por este tipo de infecci\u00f3n.<\/li>\n<li>Las conjuntivitis al\u00e9rgicas se suelen tratar con <a href=\"https:\/\/www.clinicabaviera.com\/blog\/lagrimas-artificiales-que-son-y-para-que-sirven\/\">l\u00e1grimas artificiales<\/a> y antihistam\u00ednicos indicados por el especialista.<\/li>\n<li>El tratamiento de las conjuntivitis bacterianas suele incluir medidas para prevenir su propagaci\u00f3n y <a href=\"https:\/\/www.clinicabaviera.com\/blog\/para-que-se-usan-los-colirios-antibioticos\/\">colirios antibi\u00f3ticos<\/a>.<\/li>\n<\/ul>\n<p>Adem\u00e1s, es necesario tomar ciertas medidas higi\u00e9nicas y profil\u00e1cticas mientras duren los s\u00edntomas de la conjuntivitis aguda, especialmente si esta es v\u00edrica o bacteriana, ya que estas se pueden contagiar:<\/p>\n<ul>\n<li>Mantener los ojos limpios y evitar la acumulaci\u00f3n de secreciones.<\/li>\n<li>No frotarse los ojos ni rascarse.<\/li>\n<li>No tocarse los ojos con las manos y, si lo hacemos, lav\u00e1rnoslas cuanto antes.<\/li>\n<li>No compartir con otras personas las toallas, las almohadas o los productos de maquillaje.<\/li>\n<li>Evitar el uso de lentes de contacto y desechar las que est\u00e1bamos usando cuando apareci\u00f3 el problema para evitar infecciones recurrentes.<\/li>\n<\/ul>\n<h2><span class=\"ez-toc-section\" id=\"%C2%BFCual_es_la_diferencia_entre_la_conjuntivitis_aguda_y_la_conjuntivitis_hiperaguda\"><\/span>\u00bfCu\u00e1l es la diferencia entre la conjuntivitis aguda y la conjuntivitis hiperaguda?<span class=\"ez-toc-section-end\"><\/span><\/h2>\n<p>La conjuntivitis hiperaguda habitualmente es una conjuntivitis bacteriana rara y m\u00e1s grave que el resto y tiene las siguientes caracter\u00edsticas:<\/p>\n<ul>\n<li>Su aparici\u00f3n y su evoluci\u00f3n son r\u00e1pidas.<\/li>\n<li>Sus s\u00edntomas son intensos e incluyen:\n<ul>\n<li>Exudado cuantioso.<\/li>\n<li>Quemosis grave.<\/li>\n<li>Inflamaci\u00f3n de p\u00e1rpados.<\/li>\n<li>Hiperemia marcada.<\/li>\n<li>Dolor.<\/li>\n<li>Visi\u00f3n disminuida.<\/li>\n<\/ul>\n<\/li>\n<li>Est\u00e1 causada por las bacterias Neisseria gonorrhoeae o Neisseria meningitidis.<\/li>\n<li>Puede llegar a da\u00f1ar gravemente la c\u00f3rnea y causar p\u00e9rdida de visi\u00f3n permanente.<\/li>\n<\/ul>\n<h2><span class=\"ez-toc-section\" id=\"Fuentes\"><\/span>Fuentes<span class=\"ez-toc-section-end\"><\/span><\/h2>\n<ul>\n<li><a href=\"https:\/\/www.sciencedirect.com\/science\/article\/abs\/pii\/S1695403304783502\" rel=\"nofollow\">Science Direct &#8211; Conjuntivitis bacteriana: pat\u00f3genos m\u00e1s prevalentes y sensibilidad antibi\u00f3tica<\/a><\/li>\n<li><a href=\"https:\/\/www.cdc.gov\/conjunctivitis\/clinical-sp.html\" rel=\"nofollow\">Centros para el Control y la Prevenci\u00f3n de las Enfermedades (CDC) &#8211; Conjuntivitis<\/a><\/li>\n<\/ul>\n<hr \/>\n<pre class=\"ti-widget\"><template id=\"trustindex-google-widget-html\"><div class=\" ti-widget  ti-goog ti-review-text-mode-readmore ti-text-align-left\" data-no-translation=\"true\" data-plugin-version=\"13.2.9\" data-layout-id=\"5\" data-layout-category=\"slider\" data-set-id=\"light-minimal\" data-pid=\"\" data-language=\"es\" data-close-locale=\"Cerca\" data-review-target-width=\"275\" data-css-version=\"2\" data-reply-by-locale=\"Respuesta del propietario\" data-only-rating-locale=\"Esta usuario solo dej\u00f3 una calificaci\u00f3n.\" data-pager-autoplay-timeout=\"6\"> <div class=\"ti-widget-container ti-col-4\"> <div class=\"ti-footer ti-footer-grid source-Google\"> <div class=\"ti-fade-container\"> <div class=\"ti-rating-text\"> <strong class=\"ti-rating ti-rating-large\"> EXCELENTE <\/strong> <\/div> <span class=\"ti-stars star-lg\"><trustindex-image class=\"ti-star\" data-imgurl=\"https:\/\/cdn.trustindex.io\/assets\/platform\/Google\/star\/f.svg\" alt=\"Google star 1\" width=\"17\" height=\"17\" loading=\"lazy\"><\/trustindex-image><trustindex-image class=\"ti-star\" data-imgurl=\"https:\/\/cdn.trustindex.io\/assets\/platform\/Google\/star\/f.svg\" alt=\"Google star 2\" width=\"17\" height=\"17\" loading=\"lazy\"><\/trustindex-image><trustindex-image class=\"ti-star\" data-imgurl=\"https:\/\/cdn.trustindex.io\/assets\/platform\/Google\/star\/f.svg\" alt=\"Google star 3\" width=\"17\" height=\"17\" loading=\"lazy\"><\/trustindex-image><trustindex-image class=\"ti-star\" data-imgurl=\"https:\/\/cdn.trustindex.io\/assets\/platform\/Google\/star\/f.svg\" alt=\"Google star 4\" width=\"17\" height=\"17\" loading=\"lazy\"><\/trustindex-image><trustindex-image class=\"ti-star\" data-imgurl=\"https:\/\/cdn.trustindex.io\/assets\/platform\/Google\/star\/f.svg\" alt=\"Google star 5\" width=\"17\" height=\"17\" loading=\"lazy\"><\/trustindex-image><\/span> <div class=\"ti-rating-text\"> <span class=\"nowrap\">A base de <strong>570 rese\u00f1as<\/strong><\/span> <\/div> <div class=\"ti-large-logo\"> <div class=\"ti-v-center\"> <trustindex-image class=\"ti-logo-fb\" data-imgurl=\"https:\/\/cdn.trustindex.io\/assets\/platform\/Google\/logo.svg\" width=\"150\" height=\"25\" loading=\"lazy\" alt=\"Google\"><\/trustindex-image> <\/div> <\/div> <\/div> <\/div> <div class=\"ti-reviews-container\"> <div class=\"ti-controls\"> <div class=\"ti-next\" aria-label=\"Siguiente rese\u00f1a\" role=\"button\" tabindex=\"0\"><\/div> <div class=\"ti-prev\" aria-label=\"Rese\u00f1a anterior\" role=\"button\" tabindex=\"0\"><\/div> <\/div> <div class=\"ti-reviews-container-wrapper\">  <div data-empty=\"0\" class=\"ti-review-item source-Google ti-image-layout-thumbnail\" data-time=\"\" data-id=\"cfcd208495d565ef66e7dff9f98764da\" data-language=\"\"> <div class=\"ti-inner\"> <div class=\"ti-review-header\"> <div class=\"ti-platform-icon ti-with-tooltip\"> <span class=\"ti-tooltip\">Publicado en Google<\/span> <trustindex-image data-imgurl=\"https:\/\/cdn.trustindex.io\/assets\/platform\/Google\/icon.svg\" alt=\"Google\" width=\"20\" height=\"20\" loading=\"lazy\"><\/trustindex-image> <\/div> <div class=\"ti-profile-img\"> <trustindex-image data-imgurl=\"https:\/\/lh3.googleusercontent.com\/a\/ACg8ocKWHKmwDoN8jelN8JHWQw2buiU4ji6WyuVq8pcV4kRI=w40-h40-c-rp-mo-br100\" alt=\"Karelys Asencio Torres profile picture\" loading=\"lazy\"><\/trustindex-image> <\/div> <div class=\"ti-profile-details\"> <div class=\"ti-name\"> Karelys Asencio Torres <\/div> <div class=\"ti-date\">05\/03\/2024<\/div> <\/div> <\/div> <span class=\"ti-stars\"><trustindex-image class=\"ti-star\" data-imgurl=\"https:\/\/cdn.trustindex.io\/assets\/platform\/Google\/star\/f.svg\" alt=\"Google star 1\" width=\"17\" height=\"17\" loading=\"lazy\"><\/trustindex-image><trustindex-image class=\"ti-star\" data-imgurl=\"https:\/\/cdn.trustindex.io\/assets\/platform\/Google\/star\/f.svg\" alt=\"Google star 2\" width=\"17\" height=\"17\" loading=\"lazy\"><\/trustindex-image><trustindex-image class=\"ti-star\" data-imgurl=\"https:\/\/cdn.trustindex.io\/assets\/platform\/Google\/star\/f.svg\" alt=\"Google star 3\" width=\"17\" height=\"17\" loading=\"lazy\"><\/trustindex-image><trustindex-image class=\"ti-star\" data-imgurl=\"https:\/\/cdn.trustindex.io\/assets\/platform\/Google\/star\/f.svg\" alt=\"Google star 4\" width=\"17\" height=\"17\" loading=\"lazy\"><\/trustindex-image><trustindex-image class=\"ti-star\" data-imgurl=\"https:\/\/cdn.trustindex.io\/assets\/platform\/Google\/star\/f.svg\" alt=\"Google star 5\" width=\"17\" height=\"17\" loading=\"lazy\"><\/trustindex-image><span class=\"ti-verified-review ti-verified-platform\"><span class=\"ti-verified-tooltip\">Trustindex verifica que la fuente original de la rese\u00f1a sea Google.<\/span><\/span><\/span> <div class=\"ti-review-text-container ti-review-content\"><!-- R-CONTENT -->Esta cl\u00ednica sin duda es la mejor !! El trato en recepci\u00f3n y de los m\u00e9dicos es excepcional. Estoy muy contenta con los resultados. Muchas gracias !<!-- R-CONTENT --><\/div> <span class=\"ti-read-more\" data-container=\".ti-review-content\" data-collapse-text=\"Ocultar\" data-open-text=\"Leer m\u00e1s\"><\/span> <\/div> <\/div>  <div data-empty=\"0\" class=\"ti-review-item source-Google ti-image-layout-thumbnail\" data-time=\"\" data-id=\"cfcd208495d565ef66e7dff9f98764da\" data-language=\"\"> <div class=\"ti-inner\"> <div class=\"ti-review-header\"> <div class=\"ti-platform-icon ti-with-tooltip\"> <span class=\"ti-tooltip\">Publicado en Google<\/span> <trustindex-image data-imgurl=\"https:\/\/cdn.trustindex.io\/assets\/platform\/Google\/icon.svg\" alt=\"Google\" width=\"20\" height=\"20\" loading=\"lazy\"><\/trustindex-image> <\/div> <div class=\"ti-profile-img\"> <trustindex-image data-imgurl=\"https:\/\/lh3.googleusercontent.com\/a\/ACg8ocJx5lc8VzH_Kx5vNl4iC9Qof6IGYcXj03vtn_CJ67tj=w40-h40-c-rp-mo-br100\" alt=\"Vanesa Delgado Arcos profile picture\" loading=\"lazy\"><\/trustindex-image> <\/div> <div class=\"ti-profile-details\"> <div class=\"ti-name\"> Vanesa Delgado Arcos <\/div> <div class=\"ti-date\">01\/03\/2024<\/div> <\/div> <\/div> <span class=\"ti-stars\"><trustindex-image class=\"ti-star\" data-imgurl=\"https:\/\/cdn.trustindex.io\/assets\/platform\/Google\/star\/f.svg\" alt=\"Google star 1\" width=\"17\" height=\"17\" loading=\"lazy\"><\/trustindex-image><trustindex-image class=\"ti-star\" data-imgurl=\"https:\/\/cdn.trustindex.io\/assets\/platform\/Google\/star\/f.svg\" alt=\"Google star 2\" width=\"17\" height=\"17\" loading=\"lazy\"><\/trustindex-image><trustindex-image class=\"ti-star\" data-imgurl=\"https:\/\/cdn.trustindex.io\/assets\/platform\/Google\/star\/f.svg\" alt=\"Google star 3\" width=\"17\" height=\"17\" loading=\"lazy\"><\/trustindex-image><trustindex-image class=\"ti-star\" data-imgurl=\"https:\/\/cdn.trustindex.io\/assets\/platform\/Google\/star\/f.svg\" alt=\"Google star 4\" width=\"17\" height=\"17\" loading=\"lazy\"><\/trustindex-image><trustindex-image class=\"ti-star\" data-imgurl=\"https:\/\/cdn.trustindex.io\/assets\/platform\/Google\/star\/f.svg\" alt=\"Google star 5\" width=\"17\" height=\"17\" loading=\"lazy\"><\/trustindex-image><span class=\"ti-verified-review ti-verified-platform\"><span class=\"ti-verified-tooltip\">Trustindex verifica que la fuente original de la rese\u00f1a sea Google.<\/span><\/span><\/span> <div class=\"ti-review-text-container ti-review-content\"><!-- R-CONTENT -->Much\u00edsima profesionalidad por parte de todo el equipo desde recepci\u00f3n y por supuesto si doctor.Estoy totalmente complacida por el resultado de la operaci\u00f3n y posteriores seguimientos.100%recomendable.<!-- R-CONTENT --><\/div> <span class=\"ti-read-more\" data-container=\".ti-review-content\" data-collapse-text=\"Ocultar\" data-open-text=\"Leer m\u00e1s\"><\/span> <\/div> <\/div>  <div data-empty=\"0\" class=\"ti-review-item source-Google ti-image-layout-thumbnail\" data-time=\"\" data-id=\"cfcd208495d565ef66e7dff9f98764da\" data-language=\"\"> <div class=\"ti-inner\"> <div class=\"ti-review-header\"> <div class=\"ti-platform-icon ti-with-tooltip\"> <span class=\"ti-tooltip\">Publicado en Google<\/span> <trustindex-image data-imgurl=\"https:\/\/cdn.trustindex.io\/assets\/platform\/Google\/icon.svg\" alt=\"Google\" width=\"20\" height=\"20\" loading=\"lazy\"><\/trustindex-image> <\/div> <div class=\"ti-profile-img\"> <trustindex-image data-imgurl=\"https:\/\/lh3.googleusercontent.com\/a-\/ALV-UjViSSX9rp-UKWvltgBF-J8MwK4Ga5nbJvaYsl3jYkAh2LQ=w40-h40-c-rp-mo-br100\" alt=\"Jorge Carnicero profile picture\" loading=\"lazy\"><\/trustindex-image> <\/div> <div class=\"ti-profile-details\"> <div class=\"ti-name\"> Jorge Carnicero <\/div> <div class=\"ti-date\">27\/02\/2024<\/div> <\/div> <\/div> <span class=\"ti-stars\"><trustindex-image class=\"ti-star\" data-imgurl=\"https:\/\/cdn.trustindex.io\/assets\/platform\/Google\/star\/f.svg\" alt=\"Google star 1\" width=\"17\" height=\"17\" loading=\"lazy\"><\/trustindex-image><trustindex-image class=\"ti-star\" data-imgurl=\"https:\/\/cdn.trustindex.io\/assets\/platform\/Google\/star\/f.svg\" alt=\"Google star 2\" width=\"17\" height=\"17\" loading=\"lazy\"><\/trustindex-image><trustindex-image class=\"ti-star\" data-imgurl=\"https:\/\/cdn.trustindex.io\/assets\/platform\/Google\/star\/f.svg\" alt=\"Google star 3\" width=\"17\" height=\"17\" loading=\"lazy\"><\/trustindex-image><trustindex-image class=\"ti-star\" data-imgurl=\"https:\/\/cdn.trustindex.io\/assets\/platform\/Google\/star\/f.svg\" alt=\"Google star 4\" width=\"17\" height=\"17\" loading=\"lazy\"><\/trustindex-image><trustindex-image class=\"ti-star\" data-imgurl=\"https:\/\/cdn.trustindex.io\/assets\/platform\/Google\/star\/f.svg\" alt=\"Google star 5\" width=\"17\" height=\"17\" loading=\"lazy\"><\/trustindex-image><span class=\"ti-verified-review ti-verified-platform\"><span class=\"ti-verified-tooltip\">Trustindex verifica que la fuente original de la rese\u00f1a sea Google.<\/span><\/span><\/span> <div class=\"ti-review-text-container ti-review-content\"><!-- R-CONTENT -->Me oper\u00e9 ya hace un mes con laser de miop\u00eda y no pude tomar mejor decisi\u00f3n, buen asesoramiento desde el principio, un equipo maravilloso que est\u00e1n disponibles para cualquier consulta y unos resultados \u00f3ptimos, sensaci\u00f3n inmejorable poder ver otra vez perfectamente sin necesidad de gafas.<!-- R-CONTENT --><\/div> <span class=\"ti-read-more\" data-container=\".ti-review-content\" data-collapse-text=\"Ocultar\" data-open-text=\"Leer m\u00e1s\"><\/span> <\/div> <\/div>  <div data-empty=\"0\" class=\"ti-review-item source-Google ti-image-layout-thumbnail\" data-time=\"\" data-id=\"cfcd208495d565ef66e7dff9f98764da\" data-language=\"\"> <div class=\"ti-inner\"> <div class=\"ti-review-header\"> <div class=\"ti-platform-icon ti-with-tooltip\"> <span class=\"ti-tooltip\">Publicado en Google<\/span> <trustindex-image data-imgurl=\"https:\/\/cdn.trustindex.io\/assets\/platform\/Google\/icon.svg\" alt=\"Google\" width=\"20\" height=\"20\" loading=\"lazy\"><\/trustindex-image> <\/div> <div class=\"ti-profile-img\"> <trustindex-image data-imgurl=\"https:\/\/lh3.googleusercontent.com\/a\/ACg8ocLf5YTDoqTOI9RiEgIqmgY0sL1jjWzGDFlZUKGefO3E=w40-h40-c-rp-mo-br100\" alt=\"Carlos \u00c1ngel P\u00e9rez profile picture\" loading=\"lazy\"><\/trustindex-image> <\/div> <div class=\"ti-profile-details\"> <div class=\"ti-name\"> Carlos \u00c1ngel P\u00e9rez <\/div> <div class=\"ti-date\">27\/02\/2024<\/div> <\/div> <\/div> <span class=\"ti-stars\"><trustindex-image class=\"ti-star\" data-imgurl=\"https:\/\/cdn.trustindex.io\/assets\/platform\/Google\/star\/f.svg\" alt=\"Google star 1\" width=\"17\" height=\"17\" loading=\"lazy\"><\/trustindex-image><trustindex-image class=\"ti-star\" data-imgurl=\"https:\/\/cdn.trustindex.io\/assets\/platform\/Google\/star\/f.svg\" alt=\"Google star 2\" width=\"17\" height=\"17\" loading=\"lazy\"><\/trustindex-image><trustindex-image class=\"ti-star\" data-imgurl=\"https:\/\/cdn.trustindex.io\/assets\/platform\/Google\/star\/f.svg\" alt=\"Google star 3\" width=\"17\" height=\"17\" loading=\"lazy\"><\/trustindex-image><trustindex-image class=\"ti-star\" data-imgurl=\"https:\/\/cdn.trustindex.io\/assets\/platform\/Google\/star\/f.svg\" alt=\"Google star 4\" width=\"17\" height=\"17\" loading=\"lazy\"><\/trustindex-image><trustindex-image class=\"ti-star\" data-imgurl=\"https:\/\/cdn.trustindex.io\/assets\/platform\/Google\/star\/f.svg\" alt=\"Google star 5\" width=\"17\" height=\"17\" loading=\"lazy\"><\/trustindex-image><span class=\"ti-verified-review ti-verified-platform\"><span class=\"ti-verified-tooltip\">Trustindex verifica que la fuente original de la rese\u00f1a sea Google.<\/span><\/span><\/span> <div class=\"ti-review-text-container ti-review-content\"><!-- R-CONTENT -->Atenci\u00f3n muy buena de la doctora y de las auxiliares<!-- R-CONTENT --><\/div> <span class=\"ti-read-more\" data-container=\".ti-review-content\" data-collapse-text=\"Ocultar\" data-open-text=\"Leer m\u00e1s\"><\/span> <\/div> <\/div>  <div data-empty=\"0\" class=\"ti-review-item source-Google ti-image-layout-thumbnail\" data-time=\"\" data-id=\"cfcd208495d565ef66e7dff9f98764da\" data-language=\"\"> <div class=\"ti-inner\"> <div class=\"ti-review-header\"> <div class=\"ti-platform-icon ti-with-tooltip\"> <span class=\"ti-tooltip\">Publicado en Google<\/span> <trustindex-image data-imgurl=\"https:\/\/cdn.trustindex.io\/assets\/platform\/Google\/icon.svg\" alt=\"Google\" width=\"20\" height=\"20\" loading=\"lazy\"><\/trustindex-image> <\/div> <div class=\"ti-profile-img\"> <trustindex-image data-imgurl=\"https:\/\/lh3.googleusercontent.com\/a\/ACg8ocLJ9j-vNwboPm0yglVXrs4FTPEon3Om3ZTJi7xaqcjl=w40-h40-c-rp-mo-br100\" alt=\"Virginia Jimenez profile picture\" loading=\"lazy\"><\/trustindex-image> <\/div> <div class=\"ti-profile-details\"> <div class=\"ti-name\"> Virginia Jimenez <\/div> <div class=\"ti-date\">22\/02\/2024<\/div> <\/div> <\/div> <span class=\"ti-stars\"><trustindex-image class=\"ti-star\" data-imgurl=\"https:\/\/cdn.trustindex.io\/assets\/platform\/Google\/star\/f.svg\" alt=\"Google star 1\" width=\"17\" height=\"17\" loading=\"lazy\"><\/trustindex-image><trustindex-image class=\"ti-star\" data-imgurl=\"https:\/\/cdn.trustindex.io\/assets\/platform\/Google\/star\/f.svg\" alt=\"Google star 2\" width=\"17\" height=\"17\" loading=\"lazy\"><\/trustindex-image><trustindex-image class=\"ti-star\" data-imgurl=\"https:\/\/cdn.trustindex.io\/assets\/platform\/Google\/star\/f.svg\" alt=\"Google star 3\" width=\"17\" height=\"17\" loading=\"lazy\"><\/trustindex-image><trustindex-image class=\"ti-star\" data-imgurl=\"https:\/\/cdn.trustindex.io\/assets\/platform\/Google\/star\/f.svg\" alt=\"Google star 4\" width=\"17\" height=\"17\" loading=\"lazy\"><\/trustindex-image><trustindex-image class=\"ti-star\" data-imgurl=\"https:\/\/cdn.trustindex.io\/assets\/platform\/Google\/star\/f.svg\" alt=\"Google star 5\" width=\"17\" height=\"17\" loading=\"lazy\"><\/trustindex-image><span class=\"ti-verified-review ti-verified-platform\"><span class=\"ti-verified-tooltip\">Trustindex verifica que la fuente original de la rese\u00f1a sea Google.<\/span><\/span><\/span> <div class=\"ti-review-text-container ti-review-content\"><!-- R-CONTENT -->He recibido un trato espectacular por parte de todos los trabajadores de la cl\u00ednica de M\u00f3stoles.\nLa operaci\u00f3n me la realiz\u00f3 el doctor Rafael, y sali\u00f3 todo muy muy bien me operado de miop\u00eda y astigmatismo, y el mismo d\u00eda por la noche ya pod\u00eda ver y hacer vida normal. Lo recomiendo 100 por 100.\nLlegue con miedo por que la vista es algo muy delicado y a d\u00eda de hoy la mejor decisi\u00f3n que tom\u00e9 fue quitarme las gafas y hacerlo con ellos.\n\nGracias<!-- R-CONTENT --><\/div> <span class=\"ti-read-more\" data-container=\".ti-review-content\" data-collapse-text=\"Ocultar\" data-open-text=\"Leer m\u00e1s\"><\/span> <\/div> <\/div>  <div data-empty=\"0\" class=\"ti-review-item source-Google ti-image-layout-thumbnail\" data-time=\"\" data-id=\"cfcd208495d565ef66e7dff9f98764da\" data-language=\"\"> <div class=\"ti-inner\"> <div class=\"ti-review-header\"> <div class=\"ti-platform-icon ti-with-tooltip\"> <span class=\"ti-tooltip\">Publicado en Google<\/span> <trustindex-image data-imgurl=\"https:\/\/cdn.trustindex.io\/assets\/platform\/Google\/icon.svg\" alt=\"Google\" width=\"20\" height=\"20\" loading=\"lazy\"><\/trustindex-image> <\/div> <div class=\"ti-profile-img\"> <trustindex-image data-imgurl=\"https:\/\/lh3.googleusercontent.com\/a-\/ALV-UjVdbd3Sm-F_C3qjnSPIEeZ28H3K404OeYdISk2TIzCrhH0=w40-h40-c-rp-mo-ba2-br100\" alt=\"Isidro Hoyas profile picture\" loading=\"lazy\"><\/trustindex-image> <\/div> <div class=\"ti-profile-details\"> <div class=\"ti-name\"> Isidro Hoyas <\/div> <div class=\"ti-date\">20\/02\/2024<\/div> <\/div> <\/div> <span class=\"ti-stars\"><trustindex-image class=\"ti-star\" data-imgurl=\"https:\/\/cdn.trustindex.io\/assets\/platform\/Google\/star\/f.svg\" alt=\"Google star 1\" width=\"17\" height=\"17\" loading=\"lazy\"><\/trustindex-image><trustindex-image class=\"ti-star\" data-imgurl=\"https:\/\/cdn.trustindex.io\/assets\/platform\/Google\/star\/f.svg\" alt=\"Google star 2\" width=\"17\" height=\"17\" loading=\"lazy\"><\/trustindex-image><trustindex-image class=\"ti-star\" data-imgurl=\"https:\/\/cdn.trustindex.io\/assets\/platform\/Google\/star\/f.svg\" alt=\"Google star 3\" width=\"17\" height=\"17\" loading=\"lazy\"><\/trustindex-image><trustindex-image class=\"ti-star\" data-imgurl=\"https:\/\/cdn.trustindex.io\/assets\/platform\/Google\/star\/f.svg\" alt=\"Google star 4\" width=\"17\" height=\"17\" loading=\"lazy\"><\/trustindex-image><trustindex-image class=\"ti-star\" data-imgurl=\"https:\/\/cdn.trustindex.io\/assets\/platform\/Google\/star\/f.svg\" alt=\"Google star 5\" width=\"17\" height=\"17\" loading=\"lazy\"><\/trustindex-image><span class=\"ti-verified-review ti-verified-platform\"><span class=\"ti-verified-tooltip\">Trustindex verifica que la fuente original de la rese\u00f1a sea Google.<\/span><\/span><\/span> <div class=\"ti-review-text-container ti-review-content\"><!-- R-CONTENT -->Buenos profesionales y las chicas muy amables y atentas<!-- R-CONTENT --><\/div> <span class=\"ti-read-more\" data-container=\".ti-review-content\" data-collapse-text=\"Ocultar\" data-open-text=\"Leer m\u00e1s\"><\/span> <\/div> <\/div>  <\/div> <div class=\"ti-controls-line\"> <div class=\"dot\"><\/div> <\/div>   <\/div> <\/div> <\/div> <\/template><\/pre><div data-src=\"https:\/\/cdn.trustindex.io\/loader.js?wp-widget\" data-template-id=\"trustindex-google-widget-html\" data-css-url=\"https:\/\/cdn.clinicabaviera.com\/blog\/wp-content\/uploads\/trustindex-google-widget.css?1774511208\"><\/div>\n<hr \/>\n<p>&nbsp;<\/p>\n","protected":false},"excerpt":{"rendered":"<p>En este post explicamos qu\u00e9 es la conjuntivitis aguda, una de las enfermedades visuales m\u00e1s temidas, no s\u00f3lo por los s\u00edntomas que la caracterizan sino, adem\u00e1s, por los efectos secundarios que puede provocar. \u00bfCu\u00e1les son esos s\u00edntomas? \u00bfCu\u00e1les pueden ser las causas de este problema? \u00bfC\u00f3mo se trata la conjuntivitis aguda? Descubre cu\u00e1nto sabes de [&hellip;]<\/p>\n","protected":false},"author":36,"featured_media":11467,"comment_status":"open","ping_status":"closed","sticky":false,"template":"","format":"standard","meta":{"jetpack_post_was_ever_published":false,"_jetpack_newsletter_access":"","_jetpack_dont_email_post_to_subs":false,"_jetpack_newsletter_tier_id":0,"_jetpack_memberships_contains_paywalled_content":false,"_jetpack_memberships_contains_paid_content":false,"footnotes":""},"categories":[1144],"tags":[1997],"ppma_author":[2262],"class_list":["post-11405","post","type-post","status-publish","format-standard","has-post-thumbnail","hentry","category-conoce-tus-ojos","tag-conjuntivitis-aguda"],"yoast_head":"<!-- This site is optimized with the Yoast SEO plugin v27.5 - https:\/\/yoast.com\/product\/yoast-seo-wordpress\/ -->\n<title>Conjuntivitis aguda: qu\u00e9 es y cu\u00e1les son los s\u00edntomas | Blog de Cl\u00ednica Baviera<\/title>\n<meta name=\"description\" content=\"La conjuntivitis aguda tiene varias causas: bacterias, virus y alergias del ojo. Si es grave puede da\u00f1ar la c\u00f3rnea \u27a6 Descubre qu\u00e9 es y c\u00f3mo saber si tienes.\" \/>\n<meta name=\"robots\" content=\"index, follow, max-snippet:-1, max-image-preview:large, max-video-preview:-1\" \/>\n<link rel=\"canonical\" href=\"https:\/\/www.clinicabaviera.com\/blog\/conjuntivitis-aguda\/\" \/>\n<meta property=\"og:locale\" content=\"es_ES\" \/>\n<meta property=\"og:type\" content=\"article\" \/>\n<meta property=\"og:title\" content=\"Conjuntivitis aguda: qu\u00e9 es y cu\u00e1les son los s\u00edntomas | Blog de Cl\u00ednica Baviera\" \/>\n<meta property=\"og:description\" content=\"La conjuntivitis aguda tiene varias causas: bacterias, virus y alergias del ojo. Si es grave puede da\u00f1ar la c\u00f3rnea \u27a6 Descubre qu\u00e9 es y c\u00f3mo saber si tienes.\" \/>\n<meta property=\"og:url\" content=\"https:\/\/www.clinicabaviera.com\/blog\/conjuntivitis-aguda\/\" \/>\n<meta property=\"og:site_name\" content=\"Blog de Baviera antes Cl\u00ednica Baviera\" \/>\n<meta property=\"article:publisher\" content=\"https:\/\/www.facebook.com\/CLINICABAVIERA\" \/>\n<meta property=\"article:published_time\" content=\"2023-04-07T06:00:14+00:00\" \/>\n<meta property=\"article:modified_time\" content=\"2025-02-13T12:02:10+00:00\" \/>\n<meta property=\"og:image\" content=\"https:\/\/cdn.clinicabaviera.com\/blog\/wp-content\/uploads\/2017\/09\/iStock-496922747.jpg\" \/>\n\t<meta property=\"og:image:width\" content=\"789\" \/>\n\t<meta property=\"og:image:height\" content=\"443\" \/>\n\t<meta property=\"og:image:type\" content=\"image\/jpeg\" \/>\n<meta name=\"author\" content=\"Dr. Fernando Llovet\" \/>\n<meta name=\"twitter:card\" content=\"summary_large_image\" \/>\n<meta name=\"twitter:label1\" content=\"Escrito por\" \/>\n\t<meta name=\"twitter:data1\" content=\"Dr. Fernando Llovet\" \/>\n\t<meta name=\"twitter:label2\" content=\"Tiempo de lectura\" \/>\n\t<meta name=\"twitter:data2\" content=\"7 minutos\" \/>\n<!-- \/ Yoast SEO plugin. -->","yoast_head_json":{"title":"Conjuntivitis aguda: qu\u00e9 es y cu\u00e1les son los s\u00edntomas | Blog de Cl\u00ednica Baviera","description":"La conjuntivitis aguda tiene varias causas: bacterias, virus y alergias del ojo. Si es grave puede da\u00f1ar la c\u00f3rnea \u27a6 Descubre qu\u00e9 es y c\u00f3mo saber si tienes.","robots":{"index":"index","follow":"follow","max-snippet":"max-snippet:-1","max-image-preview":"max-image-preview:large","max-video-preview":"max-video-preview:-1"},"canonical":"https:\/\/www.clinicabaviera.com\/blog\/conjuntivitis-aguda\/","og_locale":"es_ES","og_type":"article","og_title":"Conjuntivitis aguda: qu\u00e9 es y cu\u00e1les son los s\u00edntomas | Blog de Cl\u00ednica Baviera","og_description":"La conjuntivitis aguda tiene varias causas: bacterias, virus y alergias del ojo. Si es grave puede da\u00f1ar la c\u00f3rnea \u27a6 Descubre qu\u00e9 es y c\u00f3mo saber si tienes.","og_url":"https:\/\/www.clinicabaviera.com\/blog\/conjuntivitis-aguda\/","og_site_name":"Blog de Baviera antes Cl\u00ednica Baviera","article_publisher":"https:\/\/www.facebook.com\/CLINICABAVIERA","article_published_time":"2023-04-07T06:00:14+00:00","article_modified_time":"2025-02-13T12:02:10+00:00","og_image":[{"width":789,"height":443,"url":"https:\/\/cdn.clinicabaviera.com\/blog\/wp-content\/uploads\/2017\/09\/iStock-496922747.jpg","type":"image\/jpeg"}],"author":"Dr. Fernando Llovet","twitter_card":"summary_large_image","twitter_misc":{"Escrito por":"Dr. Fernando Llovet","Tiempo de lectura":"7 minutos"},"schema":{"@context":"https:\/\/schema.org","@graph":[{"@type":"Article","@id":"https:\/\/www.clinicabaviera.com\/blog\/conjuntivitis-aguda\/#article","isPartOf":{"@id":"https:\/\/www.clinicabaviera.com\/blog\/conjuntivitis-aguda\/"},"author":{"name":"Fernando Llovet","@id":"https:\/\/www.clinicabaviera.com\/blog\/#\/schema\/person\/6f99a3c85c06ce9bae3b6bdff6094074"},"headline":"\u00bfQu\u00e9 es la conjuntivitis aguda y cu\u00e1les son sus s\u00edntomas?","datePublished":"2023-04-07T06:00:14+00:00","dateModified":"2025-02-13T12:02:10+00:00","mainEntityOfPage":{"@id":"https:\/\/www.clinicabaviera.com\/blog\/conjuntivitis-aguda\/"},"wordCount":1328,"commentCount":1,"publisher":{"@id":"https:\/\/www.clinicabaviera.com\/blog\/#organization"},"image":{"@id":"https:\/\/www.clinicabaviera.com\/blog\/conjuntivitis-aguda\/#primaryimage"},"thumbnailUrl":"https:\/\/cdn.clinicabaviera.com\/blog\/wp-content\/uploads\/2017\/09\/iStock-496922747.jpg","keywords":["conjuntivitis aguda"],"articleSection":["Cuida tus ojos"],"inLanguage":"es","potentialAction":[{"@type":"CommentAction","name":"Comment","target":["https:\/\/www.clinicabaviera.com\/blog\/conjuntivitis-aguda\/#respond"]}]},{"@type":"WebPage","@id":"https:\/\/www.clinicabaviera.com\/blog\/conjuntivitis-aguda\/","url":"https:\/\/www.clinicabaviera.com\/blog\/conjuntivitis-aguda\/","name":"Conjuntivitis aguda: qu\u00e9 es y cu\u00e1les son los s\u00edntomas | Blog de Cl\u00ednica Baviera","isPartOf":{"@id":"https:\/\/www.clinicabaviera.com\/blog\/#website"},"primaryImageOfPage":{"@id":"https:\/\/www.clinicabaviera.com\/blog\/conjuntivitis-aguda\/#primaryimage"},"image":{"@id":"https:\/\/www.clinicabaviera.com\/blog\/conjuntivitis-aguda\/#primaryimage"},"thumbnailUrl":"https:\/\/cdn.clinicabaviera.com\/blog\/wp-content\/uploads\/2017\/09\/iStock-496922747.jpg","datePublished":"2023-04-07T06:00:14+00:00","dateModified":"2025-02-13T12:02:10+00:00","description":"La conjuntivitis aguda tiene varias causas: bacterias, virus y alergias del ojo. Si es grave puede da\u00f1ar la c\u00f3rnea \u27a6 Descubre qu\u00e9 es y c\u00f3mo saber si tienes.","breadcrumb":{"@id":"https:\/\/www.clinicabaviera.com\/blog\/conjuntivitis-aguda\/#breadcrumb"},"inLanguage":"es","potentialAction":[{"@type":"ReadAction","target":["https:\/\/www.clinicabaviera.com\/blog\/conjuntivitis-aguda\/"]}]},{"@type":"ImageObject","inLanguage":"es","@id":"https:\/\/www.clinicabaviera.com\/blog\/conjuntivitis-aguda\/#primaryimage","url":"https:\/\/cdn.clinicabaviera.com\/blog\/wp-content\/uploads\/2017\/09\/iStock-496922747.jpg","contentUrl":"https:\/\/cdn.clinicabaviera.com\/blog\/wp-content\/uploads\/2017\/09\/iStock-496922747.jpg","width":789,"height":443,"caption":"iStockphoto"},{"@type":"BreadcrumbList","@id":"https:\/\/www.clinicabaviera.com\/blog\/conjuntivitis-aguda\/#breadcrumb","itemListElement":[{"@type":"ListItem","position":1,"name":"Inicio","item":"https:\/\/www.clinicabaviera.com\/blog\/"},{"@type":"ListItem","position":2,"name":"\u00bfQu\u00e9 es la conjuntivitis aguda y cu\u00e1les son sus s\u00edntomas?"}]},{"@type":"WebSite","@id":"https:\/\/www.clinicabaviera.com\/blog\/#website","url":"https:\/\/www.clinicabaviera.com\/blog\/","name":"Blog de Baviera antes Cl\u00ednica Baviera","description":"Informaci\u00f3n sobre la salud visual","publisher":{"@id":"https:\/\/www.clinicabaviera.com\/blog\/#organization"},"potentialAction":[{"@type":"SearchAction","target":{"@type":"EntryPoint","urlTemplate":"https:\/\/www.clinicabaviera.com\/blog\/?s={search_term_string}"},"query-input":{"@type":"PropertyValueSpecification","valueRequired":true,"valueName":"search_term_string"}}],"inLanguage":"es"},{"@type":"Organization","@id":"https:\/\/www.clinicabaviera.com\/blog\/#organization","name":"Blog de Baviera antes Cl\u00ednica Baviera","url":"https:\/\/www.clinicabaviera.com\/blog\/","logo":{"@type":"ImageObject","inLanguage":"es","@id":"https:\/\/www.clinicabaviera.com\/blog\/#\/schema\/logo\/image\/","url":"https:\/\/cdn.clinicabaviera.com\/blog\/wp-content\/uploads\/2021\/02\/logo.png","contentUrl":"https:\/\/cdn.clinicabaviera.com\/blog\/wp-content\/uploads\/2021\/02\/logo.png","width":526,"height":164,"caption":"Blog de Baviera antes Cl\u00ednica Baviera"},"image":{"@id":"https:\/\/www.clinicabaviera.com\/blog\/#\/schema\/logo\/image\/"},"sameAs":["https:\/\/www.facebook.com\/CLINICABAVIERA"]},{"@type":"Person","@id":"https:\/\/www.clinicabaviera.com\/blog\/#\/schema\/person\/6f99a3c85c06ce9bae3b6bdff6094074","name":"Fernando Llovet","image":{"@type":"ImageObject","inLanguage":"es","@id":"https:\/\/www.clinicabaviera.com\/blog\/wp-content\/uploads\/2022\/07\/fernando_llovet_valencia_1-2-scaled.jpg8676b0fc3d378e07f4060734118f7d9c","url":"https:\/\/cdn.clinicabaviera.com\/blog\/wp-content\/uploads\/2022\/07\/fernando_llovet_valencia_1-2-scaled.jpg","contentUrl":"https:\/\/cdn.clinicabaviera.com\/blog\/wp-content\/uploads\/2022\/07\/fernando_llovet_valencia_1-2-scaled.jpg","caption":"Fernando Llovet"},"description":"El Dr. Fernando Llovet es oftalm\u00f3logo especialista en cirug\u00eda refractiva, cirug\u00eda de la presbicia y cataratas. Adem\u00e1s, es co-fundador de Baviera. Desarrolla su labor asistencial en Baviera Madrid y Baviera Valencia.","sameAs":["https:\/\/www.clinicabaviera.com\/clinica-oftalmologica-medico\/fernando-llovet"],"url":"https:\/\/www.clinicabaviera.com\/clinica-oftalmologica-medico\/fernando-llovet"}]}},"jetpack_featured_media_url":"https:\/\/cdn.clinicabaviera.com\/blog\/wp-content\/uploads\/2017\/09\/iStock-496922747.jpg","jetpack_shortlink":"https:\/\/wp.me\/p3aNmD-2XX","jetpack_sharing_enabled":true,"authors":[{"term_id":2262,"user_id":36,"is_guest":0,"slug":"dr-fernando-llovet","display_name":"Dr. Fernando Llovet","avatar_url":{"url":"https:\/\/cdn.clinicabaviera.com\/blog\/wp-content\/uploads\/2022\/07\/fernando_llovet_valencia_1-2-scaled.jpg","url2x":"https:\/\/cdn.clinicabaviera.com\/blog\/wp-content\/uploads\/2022\/07\/fernando_llovet_valencia_1-2-scaled.jpg"},"0":null,"1":"","2":"","3":"","4":"","5":"","6":"","7":"","8":""}],"_links":{"self":[{"href":"https:\/\/www.clinicabaviera.com\/blog\/wp-json\/wp\/v2\/posts\/11405","targetHints":{"allow":["GET"]}}],"collection":[{"href":"https:\/\/www.clinicabaviera.com\/blog\/wp-json\/wp\/v2\/posts"}],"about":[{"href":"https:\/\/www.clinicabaviera.com\/blog\/wp-json\/wp\/v2\/types\/post"}],"author":[{"embeddable":true,"href":"https:\/\/www.clinicabaviera.com\/blog\/wp-json\/wp\/v2\/users\/36"}],"replies":[{"embeddable":true,"href":"https:\/\/www.clinicabaviera.com\/blog\/wp-json\/wp\/v2\/comments?post=11405"}],"version-history":[{"count":23,"href":"https:\/\/www.clinicabaviera.com\/blog\/wp-json\/wp\/v2\/posts\/11405\/revisions"}],"predecessor-version":[{"id":35983,"href":"https:\/\/www.clinicabaviera.com\/blog\/wp-json\/wp\/v2\/posts\/11405\/revisions\/35983"}],"wp:featuredmedia":[{"embeddable":true,"href":"https:\/\/www.clinicabaviera.com\/blog\/wp-json\/wp\/v2\/media\/11467"}],"wp:attachment":[{"href":"https:\/\/www.clinicabaviera.com\/blog\/wp-json\/wp\/v2\/media?parent=11405"}],"wp:term":[{"taxonomy":"category","embeddable":true,"href":"https:\/\/www.clinicabaviera.com\/blog\/wp-json\/wp\/v2\/categories?post=11405"},{"taxonomy":"post_tag","embeddable":true,"href":"https:\/\/www.clinicabaviera.com\/blog\/wp-json\/wp\/v2\/tags?post=11405"},{"taxonomy":"author","embeddable":true,"href":"https:\/\/www.clinicabaviera.com\/blog\/wp-json\/wp\/v2\/ppma_author?post=11405"}],"curies":[{"name":"wp","href":"https:\/\/api.w.org\/{rel}","templated":true}]}}