{"id":11471,"date":"2023-06-19T08:00:18","date_gmt":"2023-06-19T06:00:18","guid":{"rendered":"https:\/\/www.clinicabaviera.com\/blog\/?p=11471"},"modified":"2025-02-13T12:07:25","modified_gmt":"2025-02-13T11:07:25","slug":"bye-bye-gafasestilo-de-vidabye-bye-gafasestilo-de-vidason-los-ojos-claros-mas-propensos-a-sufrir-ciertas-enfermedades","status":"publish","type":"post","link":"https:\/\/www.clinicabaviera.com\/blog\/son-los-ojos-claros-mas-propensos-a-sufrir-ciertas-enfermedades\/","title":{"rendered":"\u00bfSon los ojos claros m\u00e1s propensos a sufrir ciertas enfermedades?"},"content":{"rendered":"\n\n<div class=\"kk-star-ratings kksr-auto kksr-align-left kksr-valign-top\"\n    data-payload='{&quot;align&quot;:&quot;left&quot;,&quot;id&quot;:&quot;11471&quot;,&quot;slug&quot;:&quot;default&quot;,&quot;valign&quot;:&quot;top&quot;,&quot;ignore&quot;:&quot;&quot;,&quot;reference&quot;:&quot;auto&quot;,&quot;class&quot;:&quot;&quot;,&quot;count&quot;:&quot;165&quot;,&quot;legendonly&quot;:&quot;&quot;,&quot;readonly&quot;:&quot;&quot;,&quot;score&quot;:&quot;4.9&quot;,&quot;starsonly&quot;:&quot;&quot;,&quot;best&quot;:&quot;5&quot;,&quot;gap&quot;:&quot;4&quot;,&quot;greet&quot;:&quot;Rate this post&quot;,&quot;legend&quot;:&quot;4.9\\\/5 - (165 votos)&quot;,&quot;size&quot;:&quot;15&quot;,&quot;title&quot;:&quot;\u00bfSon los ojos claros m\u00e1s propensos a sufrir ciertas enfermedades?&quot;,&quot;width&quot;:&quot;91.1&quot;,&quot;_legend&quot;:&quot;{score}\\\/{best} - ({count} {votes})&quot;,&quot;font_factor&quot;:&quot;1.25&quot;}'>\n            \n<div class=\"kksr-stars\">\n    \n<div class=\"kksr-stars-inactive\">\n            <div class=\"kksr-star\" data-star=\"1\" style=\"padding-right: 4px\">\n            \n\n<div class=\"kksr-icon\" style=\"width: 15px; height: 15px;\"><\/div>\n        <\/div>\n            <div class=\"kksr-star\" data-star=\"2\" style=\"padding-right: 4px\">\n            \n\n<div class=\"kksr-icon\" style=\"width: 15px; height: 15px;\"><\/div>\n        <\/div>\n            <div class=\"kksr-star\" data-star=\"3\" style=\"padding-right: 4px\">\n            \n\n<div class=\"kksr-icon\" style=\"width: 15px; height: 15px;\"><\/div>\n        <\/div>\n            <div class=\"kksr-star\" data-star=\"4\" style=\"padding-right: 4px\">\n            \n\n<div class=\"kksr-icon\" style=\"width: 15px; height: 15px;\"><\/div>\n        <\/div>\n            <div class=\"kksr-star\" data-star=\"5\" style=\"padding-right: 4px\">\n            \n\n<div class=\"kksr-icon\" style=\"width: 15px; height: 15px;\"><\/div>\n        <\/div>\n    <\/div>\n    \n<div class=\"kksr-stars-active\" style=\"width: 91.1px;\">\n            <div class=\"kksr-star\" style=\"padding-right: 4px\">\n            \n\n<div class=\"kksr-icon\" style=\"width: 15px; height: 15px;\"><\/div>\n        <\/div>\n            <div class=\"kksr-star\" style=\"padding-right: 4px\">\n            \n\n<div class=\"kksr-icon\" style=\"width: 15px; height: 15px;\"><\/div>\n        <\/div>\n            <div class=\"kksr-star\" style=\"padding-right: 4px\">\n            \n\n<div class=\"kksr-icon\" style=\"width: 15px; height: 15px;\"><\/div>\n        <\/div>\n            <div class=\"kksr-star\" style=\"padding-right: 4px\">\n            \n\n<div class=\"kksr-icon\" style=\"width: 15px; height: 15px;\"><\/div>\n        <\/div>\n            <div class=\"kksr-star\" style=\"padding-right: 4px\">\n            \n\n<div class=\"kksr-icon\" style=\"width: 15px; height: 15px;\"><\/div>\n        <\/div>\n    <\/div>\n<\/div>\n                \n\n<div class=\"kksr-legend\" style=\"font-size: 12px;\">\n            4.9\/5 - (165 votos)    <\/div>\n    <\/div>\n<p><span style=\"font-weight: 400;\">La creencia de que las personas con <\/span><b>ojos claros<\/b><span style=\"font-weight: 400;\"> son m\u00e1s propensas a sufrir enfermedades de la vista est\u00e1 muy extendida. Sin embargo, se trata de una afirmaci\u00f3n err\u00f3nea, sin ning\u00fan tipo de fundamento cient\u00edfico.\u00a0<\/span><\/p>\n<p style=\"text-align: justify;\"><span style=\"font-weight: 400;\">Est\u00e1 comprobado que los ojos claros no son, en absoluto, m\u00e1s propensos a sufrir <\/span><a href=\"https:\/\/www.clinicabaviera.com\/blog\/conjuntivitis-virica-tratamiento-recomendaciones\/\"><span style=\"font-weight: 400;\">conjuntivitis <\/span><\/a><span style=\"font-weight: 400;\">ni enfermedades m\u00e1s graves como los <\/span><a href=\"https:\/\/www.clinicabaviera.com\/desprendimiento-retina\"><span style=\"font-weight: 400;\">desprendimientos de retina<\/span><\/a><span style=\"font-weight: 400;\">. Tampoco es cierto que las personas con ojos claros tengan mayor tendencia a sufrir defectos refractivos como la <\/span><a href=\"https:\/\/www.clinicabaviera.com\/refractiva-miopia\"><span style=\"font-weight: 400;\">miop\u00eda<\/span><\/a><span style=\"font-weight: 400;\">, la <\/span><a href=\"https:\/\/www.clinicabaviera.com\/refractiva-hipermetropia\"><span style=\"font-weight: 400;\">hipermetrop\u00eda<\/span><\/a><span style=\"font-weight: 400;\"> o el <\/span><a href=\"https:\/\/www.clinicabaviera.com\/refractiva-astigmatismo\"><span style=\"font-weight: 400;\">astigmatismo<\/span><\/a><span style=\"font-weight: 400;\">.<\/span><\/p>\n<p style=\"text-align: left;\"><div id=\"ez-toc-container\" class=\"ez-toc-v2_0_82_2 ez-toc-wrap-center counter-hierarchy ez-toc-counter ez-toc-custom ez-toc-container-direction\">\n<div class=\"ez-toc-title-container\">\n<p class=\"ez-toc-title\" style=\"cursor:inherit\">\u00cdndice<\/p>\n<span class=\"ez-toc-title-toggle\"><\/span><\/div>\n<nav><ul class='ez-toc-list ez-toc-list-level-1 ' ><li class='ez-toc-page-1 ez-toc-heading-level-2'><a class=\"ez-toc-link ez-toc-heading-1\" href=\"https:\/\/www.clinicabaviera.com\/blog\/son-los-ojos-claros-mas-propensos-a-sufrir-ciertas-enfermedades\/#%C2%BFQue_diferencias_existen_entre_los_ojos_claros_y_los_oscuros\" >\u00bfQu\u00e9 diferencias existen entre los ojos claros y los oscuros?<\/a><\/li><li class='ez-toc-page-1 ez-toc-heading-level-2'><a class=\"ez-toc-link ez-toc-heading-2\" href=\"https:\/\/www.clinicabaviera.com\/blog\/son-los-ojos-claros-mas-propensos-a-sufrir-ciertas-enfermedades\/#%C2%BFPor_que_los_ojos_claros_son_mas_sensibles_al_uso_de_las_gotas_para_dilatar_la_pupila\" >\u00bfPor qu\u00e9 los ojos claros son m\u00e1s sensibles al uso de las gotas para dilatar la pupila?<\/a><\/li><li class='ez-toc-page-1 ez-toc-heading-level-2'><a class=\"ez-toc-link ez-toc-heading-3\" href=\"https:\/\/www.clinicabaviera.com\/blog\/son-los-ojos-claros-mas-propensos-a-sufrir-ciertas-enfermedades\/#%C2%BFLos_ojos_claros_suelen_ser_mas_sensibles_a_la_luz\" >\u00bfLos ojos claros suelen ser m\u00e1s sensibles a la luz?<\/a><\/li><li class='ez-toc-page-1 ez-toc-heading-level-2'><a class=\"ez-toc-link ez-toc-heading-4\" href=\"https:\/\/www.clinicabaviera.com\/blog\/son-los-ojos-claros-mas-propensos-a-sufrir-ciertas-enfermedades\/#%C2%BFLos_ojos_claros_necesitan_mas_cuidados_que_los_ojos_oscuros\" >\u00bfLos ojos claros necesitan m\u00e1s cuidados que los ojos oscuros?<\/a><\/li><li class='ez-toc-page-1 ez-toc-heading-level-2'><a class=\"ez-toc-link ez-toc-heading-5\" href=\"https:\/\/www.clinicabaviera.com\/blog\/son-los-ojos-claros-mas-propensos-a-sufrir-ciertas-enfermedades\/#Fuentes\" >Fuentes<\/a><\/li><\/ul><\/nav><\/div>\n\n<h2><span class=\"ez-toc-section\" id=\"%C2%BFQue_diferencias_existen_entre_los_ojos_claros_y_los_oscuros\"><\/span><span style=\"font-weight: 400;\">\u00bfQu\u00e9 diferencias existen entre los ojos claros y los oscuros?<\/span><span class=\"ez-toc-section-end\"><\/span><\/h2>\n<h3>Diferencias est\u00e9ticas<\/h3>\n<p>El <a href=\"https:\/\/www.clinicabaviera.com\/blog\/genetica-ojos-como-influye-en-el-color\/\">color de los ojos<\/a> viene determinado por la melanina, un pigmento que tambi\u00e9n establece el color y el tono de nuestra piel. Seg\u00fan la cantidad de pigmento que tengamos en nuestros ojos (en concreto, en el <a href=\"https:\/\/www.clinicabaviera.com\/blog\/bye-bye-gafasconoce-tus-ojosiris-del-ojo-que-es-y-que-funcion-tiene\/\">iris<\/a>), \u00e9stos ser\u00e1n m\u00e1s claros o m\u00e1s oscuros.<\/p>\n<ul>\n<li>Si tenemos m\u00e1s cantidad de pigmento, lo que, por otro lado, es m\u00e1s habitual, nuestros ojos ser\u00e1n m\u00e1s oscuros.<\/li>\n<li>Si tenemos menos cantidad de pigmento, el iris tomar\u00e1 una tonalidad azulada o verdosa.<\/li>\n<\/ul>\n<p>La cantidad de melanina que tenemos en la piel y en los ojos viene determinada por un componente gen\u00e9tico, por lo que, si alguno de nuestros padres o abuelos tienen los ojos claros, tendremos m\u00e1s posibilidades de tenerlos tambi\u00e9n de ese color. Aunque no es una cuesti\u00f3n tan simple, existen genes recesivos, por lo que tambi\u00e9n podemos heredar el color de los ojos de generaciones anteriores.<\/p>\n<h3>Diferencias funcionales<\/h3>\n<p><span style=\"font-weight: 400;\">M\u00e1s all\u00e1 de una cuesti\u00f3n est\u00e9tica, no existen diferencias realmente significativas a nivel de funcionamiento entre los ojos claros y los oscuros. <\/span><\/p>\n<h3>Diferencias respecto a tratamientos m\u00e9dicos<\/h3>\n<p><span style=\"font-weight: 400;\">En lo que respecta al efecto de los tratamientos oftalmol\u00f3gicos, s\u00ed encontramos algunas variaciones en funci\u00f3n del color.<\/span><\/p>\n<p><span style=\"font-weight: 400;\">La diferencia m\u00e1s importante se da en el uso de las <\/span><a href=\"https:\/\/www.clinicabaviera.com\/blog\/gotas-dilatar-la-pupila-recomendaciones-uso\/\"><span style=\"font-weight: 400;\">gotas para dilatar la pupila<\/span><\/a><span style=\"font-weight: 400;\"> (muy utilizadas por oftalm\u00f3logos y \u00f3pticos para poder realizar adecuadamente una exploraci\u00f3n de fondo de ojo). En general, lo que ocurre es que dichas gotas tienen un efecto m\u00e1s r\u00e1pido, intenso y duradero en los ojos claros que en los oscuros.<\/span><\/p>\n<p><img loading=\"lazy\" decoding=\"async\" data-attachment-id=\"11479\" data-permalink=\"https:\/\/www.clinicabaviera.com\/blog\/son-los-ojos-claros-mas-propensos-a-sufrir-ciertas-enfermedades\/beauty-female-eye-with-curl-long-false-eyelashes\/\" data-orig-file=\"https:\/\/cdn.clinicabaviera.com\/blog\/wp-content\/uploads\/2017\/09\/iStock-521816266.jpg\" data-orig-size=\"1146,916\" data-comments-opened=\"1\" data-image-meta=\"{&quot;aperture&quot;:&quot;25&quot;,&quot;credit&quot;:&quot;Getty Images\/iStockphoto&quot;,&quot;camera&quot;:&quot;NIKON D800&quot;,&quot;caption&quot;:&quot;Beauty female blue eye with curl long false eyelashes - macro shot over white background&quot;,&quot;created_timestamp&quot;:&quot;1460983247&quot;,&quot;copyright&quot;:&quot;ValuaVitaly&quot;,&quot;focal_length&quot;:&quot;105&quot;,&quot;iso&quot;:&quot;560&quot;,&quot;shutter_speed&quot;:&quot;0.004&quot;,&quot;title&quot;:&quot;Beauty female eye with curl long false eyelashes&quot;,&quot;orientation&quot;:&quot;1&quot;}\" data-image-title=\"\u00bfSon los ojos claros m\u00e1s propensos a sufrir ciertas enfermedades?\" data-image-description=\"\" data-image-caption=\"\" data-large-file=\"https:\/\/cdn.clinicabaviera.com\/blog\/wp-content\/uploads\/2017\/09\/iStock-521816266-840x671.jpg\" class=\"aligncenter wp-image-11479 size-full\" src=\"https:\/\/cdn.clinicabaviera.com\/blog\/wp-content\/uploads\/2017\/09\/iStock-521816266.jpg\" alt=\"ojos claros\" width=\"1146\" height=\"916\" srcset=\"https:\/\/cdn.clinicabaviera.com\/blog\/wp-content\/uploads\/2017\/09\/iStock-521816266.jpg 1146w, https:\/\/cdn.clinicabaviera.com\/blog\/wp-content\/uploads\/2017\/09\/iStock-521816266-200x160.jpg 200w, https:\/\/cdn.clinicabaviera.com\/blog\/wp-content\/uploads\/2017\/09\/iStock-521816266-300x240.jpg 300w, https:\/\/cdn.clinicabaviera.com\/blog\/wp-content\/uploads\/2017\/09\/iStock-521816266-768x614.jpg 768w, https:\/\/cdn.clinicabaviera.com\/blog\/wp-content\/uploads\/2017\/09\/iStock-521816266-840x671.jpg 840w\" sizes=\"auto, (max-width: 1146px) 100vw, 1146px\" \/><\/p>\n<h2><span class=\"ez-toc-section\" id=\"%C2%BFPor_que_los_ojos_claros_son_mas_sensibles_al_uso_de_las_gotas_para_dilatar_la_pupila\"><\/span><span style=\"font-weight: 400;\">\u00bfPor qu\u00e9 los ojos claros son m\u00e1s sensibles al uso de las gotas para dilatar la pupila?<\/span><span class=\"ez-toc-section-end\"><\/span><\/h2>\n<ul>\n<li style=\"font-weight: 400;\" aria-level=\"1\"><span style=\"font-weight: 400;\">El iris de los ojos oscuros tiene m\u00e1s tejido de sost\u00e9n adem\u00e1s de m\u00e1s pigmento, y esto da como resultado un iris de mayor grosor.\u00a0<\/span><\/li>\n<li style=\"font-weight: 400;\" aria-level=\"1\"><span style=\"font-weight: 400;\">Como las gotas de dilataci\u00f3n tienen que atravesar todo el iris hasta llegar al m\u00fasculo que abre y cierra la pupila, en los ojos marrones se encuentran con mayores dificultades, retardando y minimizando sus efectos que en los ojos verdes o azules.\u00a0<\/span><\/li>\n<li style=\"font-weight: 400;\" aria-level=\"1\"><span style=\"font-weight: 400;\">En el caso de los ojos claros, el medicamento llega con m\u00e1s facilidad hasta la pupila, provocando que sus efectos sean m\u00e1s r\u00e1pidos y efectivos.<\/span><\/li>\n<\/ul>\n<p><span style=\"font-weight: 400;\">Tambi\u00e9n se han detectado algunas diferencias a la hora de aplicar determinados tratamientos, como aquellos que se utilizan para el <\/span><a href=\"https:\/\/www.clinicabaviera.com\/glaucoma\"><span style=\"font-weight: 400;\">glaucoma<\/span><\/a><span style=\"font-weight: 400;\">.<\/span><\/p>\n<p><a href=\"https:\/\/cloud.info.clinicabaviera.com\/principales-problemas\"><img loading=\"lazy\" decoding=\"async\" data-attachment-id=\"35819\" data-permalink=\"https:\/\/www.clinicabaviera.com\/blog\/manchas-iris-posibles-patologias\/problemas_horizontal\/\" data-orig-file=\"https:\/\/cdn.clinicabaviera.com\/blog\/wp-content\/uploads\/2025\/01\/Problemas_horizontal.jpg\" data-orig-size=\"751,367\" data-comments-opened=\"1\" data-image-meta=\"{&quot;aperture&quot;:&quot;0&quot;,&quot;credit&quot;:&quot;&quot;,&quot;camera&quot;:&quot;&quot;,&quot;caption&quot;:&quot;&quot;,&quot;created_timestamp&quot;:&quot;0&quot;,&quot;copyright&quot;:&quot;&quot;,&quot;focal_length&quot;:&quot;0&quot;,&quot;iso&quot;:&quot;0&quot;,&quot;shutter_speed&quot;:&quot;0&quot;,&quot;title&quot;:&quot;&quot;,&quot;orientation&quot;:&quot;0&quot;}\" data-image-title=\"Problemas_horizontal\" data-image-description=\"\" data-image-caption=\"\" data-large-file=\"https:\/\/cdn.clinicabaviera.com\/blog\/wp-content\/uploads\/2025\/01\/Problemas_horizontal.jpg\" class=\"aligncenter wp-image-35819 size-full\" src=\"https:\/\/cdn.clinicabaviera.com\/blog\/wp-content\/uploads\/2025\/01\/Problemas_horizontal.jpg\" alt=\"\" width=\"751\" height=\"367\" srcset=\"https:\/\/cdn.clinicabaviera.com\/blog\/wp-content\/uploads\/2025\/01\/Problemas_horizontal.jpg 751w, https:\/\/cdn.clinicabaviera.com\/blog\/wp-content\/uploads\/2025\/01\/Problemas_horizontal-300x147.jpg 300w, https:\/\/cdn.clinicabaviera.com\/blog\/wp-content\/uploads\/2025\/01\/Problemas_horizontal-200x98.jpg 200w\" sizes=\"auto, (max-width: 751px) 100vw, 751px\" \/><\/a><\/p>\n<h2><span class=\"ez-toc-section\" id=\"%C2%BFLos_ojos_claros_suelen_ser_mas_sensibles_a_la_luz\"><\/span><span style=\"font-weight: 400;\">\u00bfLos ojos claros suelen ser m\u00e1s sensibles a la luz?<\/span><span class=\"ez-toc-section-end\"><\/span><\/h2>\n<p><span style=\"font-weight: 400;\">Aunque los ojos claros no son m\u00e1s propensos a sufrir enfermedades de la vista, en general, los ojos claros suelen ser m\u00e1s <a href=\"https:\/\/www.clinicabaviera.com\/blog\/bye-bye-gafas\/que-es-la-fotofobia\/\">sensibles a la luz.<\/a> Esto no significa que las personas con los ojos claros vayan a sufrir ning\u00fan tipo de enfermedad por este motivo. Solo implica que suelen presentar algo m\u00e1s de sensibilidad cuando reciben de forma directa demasiada luz.<\/span><\/p>\n<p><span style=\"font-weight: 400;\">El motivo de la mayor sensibilidad a la luz de algunas personas que tienen los ojos claros se encuentra en realidad en la retina, concretamente en el <\/span><span style=\"font-weight: 400;\">epitelio pigmentario<\/span><span style=\"font-weight: 400;\">. <\/span><\/p>\n<p><span style=\"font-weight: 400;\">La cuesti\u00f3n es que los ojos negros o marrones tienen una mayor cantidad de un pigmento denominado melanina, que afecta a la coloraci\u00f3n del iris y que est\u00e1 presente tambi\u00e9n en la piel. Por eso, los ojos oscuros suelen absorber mejor la luz que los ojos claros que tienen una menor cantidad de melanina.\u00a0<\/span><\/p>\n<p><span class=\"embed-youtube\" style=\"text-align:center; display: block;\"><iframe loading=\"lazy\" class=\"youtube-player\" width=\"640\" height=\"360\" src=\"https:\/\/www.youtube.com\/embed\/x8DbrPN3C08?version=3&#038;rel=1&#038;showsearch=0&#038;showinfo=1&#038;iv_load_policy=1&#038;fs=1&#038;hl=es-ES&#038;autohide=2&#038;wmode=transparent\" allowfullscreen=\"true\" style=\"border:0;\" sandbox=\"allow-scripts allow-same-origin allow-popups allow-presentation allow-popups-to-escape-sandbox\"><\/iframe><\/span><\/p>\n<h2><span class=\"ez-toc-section\" id=\"%C2%BFLos_ojos_claros_necesitan_mas_cuidados_que_los_ojos_oscuros\"><\/span><span style=\"font-weight: 400;\">\u00bfLos ojos claros necesitan m\u00e1s cuidados que los ojos oscuros?<\/span><span class=\"ez-toc-section-end\"><\/span><\/h2>\n<p><span style=\"font-weight: 400;\">Los cuidados de nuestros ojos son los mismos, tanto si tenemos los ojos claros como si los tenemos oscuros.\u00a0<\/span><\/p>\n<p><span style=\"font-weight: 400;\">En general, algunas buenas recomendaciones que podemos seguir para cuidar nuestros ojos (sean del color que sean) son las siguientes:\u00a0<\/span><\/p>\n<ul>\n<li style=\"font-weight: 400;\" aria-level=\"1\"><span style=\"font-weight: 400;\">Llevar una buena alimentaci\u00f3n. Sobre todo, es importante que sea rica en alimentos como frutas y verduras frescas, as\u00ed como en <\/span><a href=\"https:\/\/www.clinicabaviera.com\/blog\/bye-bye-gafas\/beneficios-omega-3-para-la-vista\/\"><span style=\"font-weight: 400;\">alimentos ricos en omega 3<\/span><\/a><span style=\"font-weight: 400;\">.\u00a0<\/span><\/li>\n<li style=\"font-weight: 400;\" aria-level=\"1\"><span style=\"font-weight: 400;\">Realizar ejercicio y llevar una vida activa. Esto contribuye a una buena salud en general, incluida nuestra salud cardiovascular, que afecta de forma directa a la salud de nuestros ojos.\u00a0<\/span><\/li>\n<li style=\"font-weight: 400;\" aria-level=\"1\"><span style=\"font-weight: 400;\">Proteger nuestros ojos de la luz del sol usando <\/span><a href=\"https:\/\/www.clinicabaviera.com\/blog\/gafas-de-sol-polarizadas-beneficios\/\"><span style=\"font-weight: 400;\">gafas de sol homologadas<\/span><\/a><span style=\"font-weight: 400;\"> (tanto si tenemos los ojos claros como oscuros).\u00a0<\/span><\/li>\n<li style=\"font-weight: 400;\" aria-level=\"1\"><span style=\"font-weight: 400;\">Proteger nuestros ojos del agua de la piscina y de la playa usando gafas especiales cuando nos ba\u00f1amos.\u00a0<\/span><\/li>\n<li style=\"font-weight: 400;\" aria-level=\"1\"><span style=\"font-weight: 400;\">No abusar de las pantallas y evitar la <\/span><a href=\"https:\/\/www.clinicabaviera.com\/blog\/bye-bye-gafasconoce-tus-ojosconoce-los-sintomas-de-los-ojos-cansados\/\"><span style=\"font-weight: 400;\">fatiga ocular<\/span><\/a><span style=\"font-weight: 400;\">.\u00a0<\/span><\/li>\n<li style=\"font-weight: 400;\" aria-level=\"1\"><span style=\"font-weight: 400;\">Si usamos lentillas, hacer un uso responsable de \u00e9stas.\u00a0<\/span><\/li>\n<li style=\"font-weight: 400;\" aria-level=\"1\"><span style=\"font-weight: 400;\">Si tenemos <\/span><a href=\"https:\/\/www.clinicabaviera.com\/ojo-seco\"><span style=\"font-weight: 400;\">ojo seco<\/span><\/a><span style=\"font-weight: 400;\">, usar <\/span><a href=\"https:\/\/www.clinicabaviera.com\/blog\/lagrimas-artificiales-que-son-y-para-que-sirven\/\"><span style=\"font-weight: 400;\">l\u00e1grimas artificiales<\/span><\/a><span style=\"font-weight: 400;\"> para mejorar su hidrataci\u00f3n y lubricaci\u00f3n.\u00a0<\/span><\/li>\n<li style=\"font-weight: 400;\" aria-level=\"1\"><span style=\"font-weight: 400;\">A partir de los 40 a\u00f1os, realizar una revisi\u00f3n rutinaria en el oftalm\u00f3logo. Esto nos permite prevenir problemas y enfermedades oculares como, por ejemplo, el glaucoma.<\/span><\/li>\n<\/ul>\n<h2><span class=\"ez-toc-section\" id=\"Fuentes\"><\/span><span style=\"font-weight: 400;\">Fuentes<\/span><span class=\"ez-toc-section-end\"><\/span><\/h2>\n<ul>\n<li><a href=\"https:\/\/www.aao.org\/salud-ocular\/consejos\/por-que-estan-cambiando-de-color-mis-ojos\" rel=\"nofollow\">Academia Americana de Oftalmolog\u00eda (AAO) &#8211; \u00bfPor qu\u00e9 est\u00e1 cambiando el color de mis ojos?<\/a><\/li>\n<li><a href=\"https:\/\/www.aao.org\/salud-ocular\/consejos\/el-color-de-los-ojos-es-tan-unico\" rel=\"nofollow\">Academia Americana de Oftalmolog\u00eda (AAO) &#8211; El color de los ojos: este es tan \u00fanico como una huella digital<\/a><\/li>\n<\/ul>\n<hr \/>\n<pre class=\"ti-widget\"><template id=\"trustindex-google-widget-html\"><div class=\" ti-widget  ti-goog ti-review-text-mode-readmore ti-text-align-left\" data-no-translation=\"true\" data-plugin-version=\"13.2.9\" data-layout-id=\"5\" data-layout-category=\"slider\" data-set-id=\"light-minimal\" data-pid=\"\" data-language=\"es\" data-close-locale=\"Cerca\" data-review-target-width=\"275\" data-css-version=\"2\" data-reply-by-locale=\"Respuesta del propietario\" data-only-rating-locale=\"Esta usuario solo dej\u00f3 una calificaci\u00f3n.\" data-pager-autoplay-timeout=\"6\"> <div class=\"ti-widget-container ti-col-4\"> <div class=\"ti-footer ti-footer-grid source-Google\"> <div class=\"ti-fade-container\"> <div class=\"ti-rating-text\"> <strong class=\"ti-rating ti-rating-large\"> EXCELENTE <\/strong> <\/div> <span class=\"ti-stars star-lg\"><trustindex-image class=\"ti-star\" data-imgurl=\"https:\/\/cdn.trustindex.io\/assets\/platform\/Google\/star\/f.svg\" alt=\"Google star 1\" width=\"17\" height=\"17\" loading=\"lazy\"><\/trustindex-image><trustindex-image class=\"ti-star\" data-imgurl=\"https:\/\/cdn.trustindex.io\/assets\/platform\/Google\/star\/f.svg\" alt=\"Google star 2\" width=\"17\" height=\"17\" loading=\"lazy\"><\/trustindex-image><trustindex-image class=\"ti-star\" data-imgurl=\"https:\/\/cdn.trustindex.io\/assets\/platform\/Google\/star\/f.svg\" alt=\"Google star 3\" width=\"17\" height=\"17\" loading=\"lazy\"><\/trustindex-image><trustindex-image class=\"ti-star\" data-imgurl=\"https:\/\/cdn.trustindex.io\/assets\/platform\/Google\/star\/f.svg\" alt=\"Google star 4\" width=\"17\" height=\"17\" loading=\"lazy\"><\/trustindex-image><trustindex-image class=\"ti-star\" data-imgurl=\"https:\/\/cdn.trustindex.io\/assets\/platform\/Google\/star\/f.svg\" alt=\"Google star 5\" width=\"17\" height=\"17\" loading=\"lazy\"><\/trustindex-image><\/span> <div class=\"ti-rating-text\"> <span class=\"nowrap\">A base de <strong>570 rese\u00f1as<\/strong><\/span> <\/div> <div class=\"ti-large-logo\"> <div class=\"ti-v-center\"> <trustindex-image class=\"ti-logo-fb\" data-imgurl=\"https:\/\/cdn.trustindex.io\/assets\/platform\/Google\/logo.svg\" width=\"150\" height=\"25\" loading=\"lazy\" alt=\"Google\"><\/trustindex-image> <\/div> <\/div> <\/div> <\/div> <div class=\"ti-reviews-container\"> <div class=\"ti-controls\"> <div class=\"ti-next\" aria-label=\"Siguiente rese\u00f1a\" role=\"button\" tabindex=\"0\"><\/div> <div class=\"ti-prev\" aria-label=\"Rese\u00f1a anterior\" role=\"button\" tabindex=\"0\"><\/div> <\/div> <div class=\"ti-reviews-container-wrapper\">  <div data-empty=\"0\" class=\"ti-review-item source-Google ti-image-layout-thumbnail\" data-time=\"\" data-id=\"cfcd208495d565ef66e7dff9f98764da\" data-language=\"\"> <div class=\"ti-inner\"> <div class=\"ti-review-header\"> <div class=\"ti-platform-icon ti-with-tooltip\"> <span class=\"ti-tooltip\">Publicado en Google<\/span> <trustindex-image data-imgurl=\"https:\/\/cdn.trustindex.io\/assets\/platform\/Google\/icon.svg\" alt=\"Google\" width=\"20\" height=\"20\" loading=\"lazy\"><\/trustindex-image> <\/div> <div class=\"ti-profile-img\"> <trustindex-image data-imgurl=\"https:\/\/lh3.googleusercontent.com\/a\/ACg8ocKWHKmwDoN8jelN8JHWQw2buiU4ji6WyuVq8pcV4kRI=w40-h40-c-rp-mo-br100\" alt=\"Karelys Asencio Torres profile picture\" loading=\"lazy\"><\/trustindex-image> <\/div> <div class=\"ti-profile-details\"> <div class=\"ti-name\"> Karelys Asencio Torres <\/div> <div class=\"ti-date\">05\/03\/2024<\/div> <\/div> <\/div> <span class=\"ti-stars\"><trustindex-image class=\"ti-star\" data-imgurl=\"https:\/\/cdn.trustindex.io\/assets\/platform\/Google\/star\/f.svg\" alt=\"Google star 1\" width=\"17\" height=\"17\" loading=\"lazy\"><\/trustindex-image><trustindex-image class=\"ti-star\" data-imgurl=\"https:\/\/cdn.trustindex.io\/assets\/platform\/Google\/star\/f.svg\" alt=\"Google star 2\" width=\"17\" height=\"17\" loading=\"lazy\"><\/trustindex-image><trustindex-image class=\"ti-star\" data-imgurl=\"https:\/\/cdn.trustindex.io\/assets\/platform\/Google\/star\/f.svg\" alt=\"Google star 3\" width=\"17\" height=\"17\" loading=\"lazy\"><\/trustindex-image><trustindex-image class=\"ti-star\" data-imgurl=\"https:\/\/cdn.trustindex.io\/assets\/platform\/Google\/star\/f.svg\" alt=\"Google star 4\" width=\"17\" height=\"17\" loading=\"lazy\"><\/trustindex-image><trustindex-image class=\"ti-star\" data-imgurl=\"https:\/\/cdn.trustindex.io\/assets\/platform\/Google\/star\/f.svg\" alt=\"Google star 5\" width=\"17\" height=\"17\" loading=\"lazy\"><\/trustindex-image><span class=\"ti-verified-review ti-verified-platform\"><span class=\"ti-verified-tooltip\">Trustindex verifica que la fuente original de la rese\u00f1a sea Google.<\/span><\/span><\/span> <div class=\"ti-review-text-container ti-review-content\"><!-- R-CONTENT -->Esta cl\u00ednica sin duda es la mejor !! El trato en recepci\u00f3n y de los m\u00e9dicos es excepcional. Estoy muy contenta con los resultados. Muchas gracias !<!-- R-CONTENT --><\/div> <span class=\"ti-read-more\" data-container=\".ti-review-content\" data-collapse-text=\"Ocultar\" data-open-text=\"Leer m\u00e1s\"><\/span> <\/div> <\/div>  <div data-empty=\"0\" class=\"ti-review-item source-Google ti-image-layout-thumbnail\" data-time=\"\" data-id=\"cfcd208495d565ef66e7dff9f98764da\" data-language=\"\"> <div class=\"ti-inner\"> <div class=\"ti-review-header\"> <div class=\"ti-platform-icon ti-with-tooltip\"> <span class=\"ti-tooltip\">Publicado en Google<\/span> <trustindex-image data-imgurl=\"https:\/\/cdn.trustindex.io\/assets\/platform\/Google\/icon.svg\" alt=\"Google\" width=\"20\" height=\"20\" loading=\"lazy\"><\/trustindex-image> <\/div> <div class=\"ti-profile-img\"> <trustindex-image data-imgurl=\"https:\/\/lh3.googleusercontent.com\/a\/ACg8ocJx5lc8VzH_Kx5vNl4iC9Qof6IGYcXj03vtn_CJ67tj=w40-h40-c-rp-mo-br100\" alt=\"Vanesa Delgado Arcos profile picture\" loading=\"lazy\"><\/trustindex-image> <\/div> <div class=\"ti-profile-details\"> <div class=\"ti-name\"> Vanesa Delgado Arcos <\/div> <div class=\"ti-date\">01\/03\/2024<\/div> <\/div> <\/div> <span class=\"ti-stars\"><trustindex-image class=\"ti-star\" data-imgurl=\"https:\/\/cdn.trustindex.io\/assets\/platform\/Google\/star\/f.svg\" alt=\"Google star 1\" width=\"17\" height=\"17\" loading=\"lazy\"><\/trustindex-image><trustindex-image class=\"ti-star\" data-imgurl=\"https:\/\/cdn.trustindex.io\/assets\/platform\/Google\/star\/f.svg\" alt=\"Google star 2\" width=\"17\" height=\"17\" loading=\"lazy\"><\/trustindex-image><trustindex-image class=\"ti-star\" data-imgurl=\"https:\/\/cdn.trustindex.io\/assets\/platform\/Google\/star\/f.svg\" alt=\"Google star 3\" width=\"17\" height=\"17\" loading=\"lazy\"><\/trustindex-image><trustindex-image class=\"ti-star\" data-imgurl=\"https:\/\/cdn.trustindex.io\/assets\/platform\/Google\/star\/f.svg\" alt=\"Google star 4\" width=\"17\" height=\"17\" loading=\"lazy\"><\/trustindex-image><trustindex-image class=\"ti-star\" data-imgurl=\"https:\/\/cdn.trustindex.io\/assets\/platform\/Google\/star\/f.svg\" alt=\"Google star 5\" width=\"17\" height=\"17\" loading=\"lazy\"><\/trustindex-image><span class=\"ti-verified-review ti-verified-platform\"><span class=\"ti-verified-tooltip\">Trustindex verifica que la fuente original de la rese\u00f1a sea Google.<\/span><\/span><\/span> <div class=\"ti-review-text-container ti-review-content\"><!-- R-CONTENT -->Much\u00edsima profesionalidad por parte de todo el equipo desde recepci\u00f3n y por supuesto si doctor.Estoy totalmente complacida por el resultado de la operaci\u00f3n y posteriores seguimientos.100%recomendable.<!-- R-CONTENT --><\/div> <span class=\"ti-read-more\" data-container=\".ti-review-content\" data-collapse-text=\"Ocultar\" data-open-text=\"Leer m\u00e1s\"><\/span> <\/div> <\/div>  <div data-empty=\"0\" class=\"ti-review-item source-Google ti-image-layout-thumbnail\" data-time=\"\" data-id=\"cfcd208495d565ef66e7dff9f98764da\" data-language=\"\"> <div class=\"ti-inner\"> <div class=\"ti-review-header\"> <div class=\"ti-platform-icon ti-with-tooltip\"> <span class=\"ti-tooltip\">Publicado en Google<\/span> <trustindex-image data-imgurl=\"https:\/\/cdn.trustindex.io\/assets\/platform\/Google\/icon.svg\" alt=\"Google\" width=\"20\" height=\"20\" loading=\"lazy\"><\/trustindex-image> <\/div> <div class=\"ti-profile-img\"> <trustindex-image data-imgurl=\"https:\/\/lh3.googleusercontent.com\/a-\/ALV-UjViSSX9rp-UKWvltgBF-J8MwK4Ga5nbJvaYsl3jYkAh2LQ=w40-h40-c-rp-mo-br100\" alt=\"Jorge Carnicero profile picture\" loading=\"lazy\"><\/trustindex-image> <\/div> <div class=\"ti-profile-details\"> <div class=\"ti-name\"> Jorge Carnicero <\/div> <div class=\"ti-date\">27\/02\/2024<\/div> <\/div> <\/div> <span class=\"ti-stars\"><trustindex-image class=\"ti-star\" data-imgurl=\"https:\/\/cdn.trustindex.io\/assets\/platform\/Google\/star\/f.svg\" alt=\"Google star 1\" width=\"17\" height=\"17\" loading=\"lazy\"><\/trustindex-image><trustindex-image class=\"ti-star\" data-imgurl=\"https:\/\/cdn.trustindex.io\/assets\/platform\/Google\/star\/f.svg\" alt=\"Google star 2\" width=\"17\" height=\"17\" loading=\"lazy\"><\/trustindex-image><trustindex-image class=\"ti-star\" data-imgurl=\"https:\/\/cdn.trustindex.io\/assets\/platform\/Google\/star\/f.svg\" alt=\"Google star 3\" width=\"17\" height=\"17\" loading=\"lazy\"><\/trustindex-image><trustindex-image class=\"ti-star\" data-imgurl=\"https:\/\/cdn.trustindex.io\/assets\/platform\/Google\/star\/f.svg\" alt=\"Google star 4\" width=\"17\" height=\"17\" loading=\"lazy\"><\/trustindex-image><trustindex-image class=\"ti-star\" data-imgurl=\"https:\/\/cdn.trustindex.io\/assets\/platform\/Google\/star\/f.svg\" alt=\"Google star 5\" width=\"17\" height=\"17\" loading=\"lazy\"><\/trustindex-image><span class=\"ti-verified-review ti-verified-platform\"><span class=\"ti-verified-tooltip\">Trustindex verifica que la fuente original de la rese\u00f1a sea Google.<\/span><\/span><\/span> <div class=\"ti-review-text-container ti-review-content\"><!-- R-CONTENT -->Me oper\u00e9 ya hace un mes con laser de miop\u00eda y no pude tomar mejor decisi\u00f3n, buen asesoramiento desde el principio, un equipo maravilloso que est\u00e1n disponibles para cualquier consulta y unos resultados \u00f3ptimos, sensaci\u00f3n inmejorable poder ver otra vez perfectamente sin necesidad de gafas.<!-- R-CONTENT --><\/div> <span class=\"ti-read-more\" data-container=\".ti-review-content\" data-collapse-text=\"Ocultar\" data-open-text=\"Leer m\u00e1s\"><\/span> <\/div> <\/div>  <div data-empty=\"0\" class=\"ti-review-item source-Google ti-image-layout-thumbnail\" data-time=\"\" data-id=\"cfcd208495d565ef66e7dff9f98764da\" data-language=\"\"> <div class=\"ti-inner\"> <div class=\"ti-review-header\"> <div class=\"ti-platform-icon ti-with-tooltip\"> <span class=\"ti-tooltip\">Publicado en Google<\/span> <trustindex-image data-imgurl=\"https:\/\/cdn.trustindex.io\/assets\/platform\/Google\/icon.svg\" alt=\"Google\" width=\"20\" height=\"20\" loading=\"lazy\"><\/trustindex-image> <\/div> <div class=\"ti-profile-img\"> <trustindex-image data-imgurl=\"https:\/\/lh3.googleusercontent.com\/a\/ACg8ocLf5YTDoqTOI9RiEgIqmgY0sL1jjWzGDFlZUKGefO3E=w40-h40-c-rp-mo-br100\" alt=\"Carlos \u00c1ngel P\u00e9rez profile picture\" loading=\"lazy\"><\/trustindex-image> <\/div> <div class=\"ti-profile-details\"> <div class=\"ti-name\"> Carlos \u00c1ngel P\u00e9rez <\/div> <div class=\"ti-date\">27\/02\/2024<\/div> <\/div> <\/div> <span class=\"ti-stars\"><trustindex-image class=\"ti-star\" data-imgurl=\"https:\/\/cdn.trustindex.io\/assets\/platform\/Google\/star\/f.svg\" alt=\"Google star 1\" width=\"17\" height=\"17\" loading=\"lazy\"><\/trustindex-image><trustindex-image class=\"ti-star\" data-imgurl=\"https:\/\/cdn.trustindex.io\/assets\/platform\/Google\/star\/f.svg\" alt=\"Google star 2\" width=\"17\" height=\"17\" loading=\"lazy\"><\/trustindex-image><trustindex-image class=\"ti-star\" data-imgurl=\"https:\/\/cdn.trustindex.io\/assets\/platform\/Google\/star\/f.svg\" alt=\"Google star 3\" width=\"17\" height=\"17\" loading=\"lazy\"><\/trustindex-image><trustindex-image class=\"ti-star\" data-imgurl=\"https:\/\/cdn.trustindex.io\/assets\/platform\/Google\/star\/f.svg\" alt=\"Google star 4\" width=\"17\" height=\"17\" loading=\"lazy\"><\/trustindex-image><trustindex-image class=\"ti-star\" data-imgurl=\"https:\/\/cdn.trustindex.io\/assets\/platform\/Google\/star\/f.svg\" alt=\"Google star 5\" width=\"17\" height=\"17\" loading=\"lazy\"><\/trustindex-image><span class=\"ti-verified-review ti-verified-platform\"><span class=\"ti-verified-tooltip\">Trustindex verifica que la fuente original de la rese\u00f1a sea Google.<\/span><\/span><\/span> <div class=\"ti-review-text-container ti-review-content\"><!-- R-CONTENT -->Atenci\u00f3n muy buena de la doctora y de las auxiliares<!-- R-CONTENT --><\/div> <span class=\"ti-read-more\" data-container=\".ti-review-content\" data-collapse-text=\"Ocultar\" data-open-text=\"Leer m\u00e1s\"><\/span> <\/div> <\/div>  <div data-empty=\"0\" class=\"ti-review-item source-Google ti-image-layout-thumbnail\" data-time=\"\" data-id=\"cfcd208495d565ef66e7dff9f98764da\" data-language=\"\"> <div class=\"ti-inner\"> <div class=\"ti-review-header\"> <div class=\"ti-platform-icon ti-with-tooltip\"> <span class=\"ti-tooltip\">Publicado en Google<\/span> <trustindex-image data-imgurl=\"https:\/\/cdn.trustindex.io\/assets\/platform\/Google\/icon.svg\" alt=\"Google\" width=\"20\" height=\"20\" loading=\"lazy\"><\/trustindex-image> <\/div> <div class=\"ti-profile-img\"> <trustindex-image data-imgurl=\"https:\/\/lh3.googleusercontent.com\/a\/ACg8ocLJ9j-vNwboPm0yglVXrs4FTPEon3Om3ZTJi7xaqcjl=w40-h40-c-rp-mo-br100\" alt=\"Virginia Jimenez profile picture\" loading=\"lazy\"><\/trustindex-image> <\/div> <div class=\"ti-profile-details\"> <div class=\"ti-name\"> Virginia Jimenez <\/div> <div class=\"ti-date\">22\/02\/2024<\/div> <\/div> <\/div> <span class=\"ti-stars\"><trustindex-image class=\"ti-star\" data-imgurl=\"https:\/\/cdn.trustindex.io\/assets\/platform\/Google\/star\/f.svg\" alt=\"Google star 1\" width=\"17\" height=\"17\" loading=\"lazy\"><\/trustindex-image><trustindex-image class=\"ti-star\" data-imgurl=\"https:\/\/cdn.trustindex.io\/assets\/platform\/Google\/star\/f.svg\" alt=\"Google star 2\" width=\"17\" height=\"17\" loading=\"lazy\"><\/trustindex-image><trustindex-image class=\"ti-star\" data-imgurl=\"https:\/\/cdn.trustindex.io\/assets\/platform\/Google\/star\/f.svg\" alt=\"Google star 3\" width=\"17\" height=\"17\" loading=\"lazy\"><\/trustindex-image><trustindex-image class=\"ti-star\" data-imgurl=\"https:\/\/cdn.trustindex.io\/assets\/platform\/Google\/star\/f.svg\" alt=\"Google star 4\" width=\"17\" height=\"17\" loading=\"lazy\"><\/trustindex-image><trustindex-image class=\"ti-star\" data-imgurl=\"https:\/\/cdn.trustindex.io\/assets\/platform\/Google\/star\/f.svg\" alt=\"Google star 5\" width=\"17\" height=\"17\" loading=\"lazy\"><\/trustindex-image><span class=\"ti-verified-review ti-verified-platform\"><span class=\"ti-verified-tooltip\">Trustindex verifica que la fuente original de la rese\u00f1a sea Google.<\/span><\/span><\/span> <div class=\"ti-review-text-container ti-review-content\"><!-- R-CONTENT -->He recibido un trato espectacular por parte de todos los trabajadores de la cl\u00ednica de M\u00f3stoles.\nLa operaci\u00f3n me la realiz\u00f3 el doctor Rafael, y sali\u00f3 todo muy muy bien me operado de miop\u00eda y astigmatismo, y el mismo d\u00eda por la noche ya pod\u00eda ver y hacer vida normal. Lo recomiendo 100 por 100.\nLlegue con miedo por que la vista es algo muy delicado y a d\u00eda de hoy la mejor decisi\u00f3n que tom\u00e9 fue quitarme las gafas y hacerlo con ellos.\n\nGracias<!-- R-CONTENT --><\/div> <span class=\"ti-read-more\" data-container=\".ti-review-content\" data-collapse-text=\"Ocultar\" data-open-text=\"Leer m\u00e1s\"><\/span> <\/div> <\/div>  <div data-empty=\"0\" class=\"ti-review-item source-Google ti-image-layout-thumbnail\" data-time=\"\" data-id=\"cfcd208495d565ef66e7dff9f98764da\" data-language=\"\"> <div class=\"ti-inner\"> <div class=\"ti-review-header\"> <div class=\"ti-platform-icon ti-with-tooltip\"> <span class=\"ti-tooltip\">Publicado en Google<\/span> <trustindex-image data-imgurl=\"https:\/\/cdn.trustindex.io\/assets\/platform\/Google\/icon.svg\" alt=\"Google\" width=\"20\" height=\"20\" loading=\"lazy\"><\/trustindex-image> <\/div> <div class=\"ti-profile-img\"> <trustindex-image data-imgurl=\"https:\/\/lh3.googleusercontent.com\/a-\/ALV-UjVdbd3Sm-F_C3qjnSPIEeZ28H3K404OeYdISk2TIzCrhH0=w40-h40-c-rp-mo-ba2-br100\" alt=\"Isidro Hoyas profile picture\" loading=\"lazy\"><\/trustindex-image> <\/div> <div class=\"ti-profile-details\"> <div class=\"ti-name\"> Isidro Hoyas <\/div> <div class=\"ti-date\">20\/02\/2024<\/div> <\/div> <\/div> <span class=\"ti-stars\"><trustindex-image class=\"ti-star\" data-imgurl=\"https:\/\/cdn.trustindex.io\/assets\/platform\/Google\/star\/f.svg\" alt=\"Google star 1\" width=\"17\" height=\"17\" loading=\"lazy\"><\/trustindex-image><trustindex-image class=\"ti-star\" data-imgurl=\"https:\/\/cdn.trustindex.io\/assets\/platform\/Google\/star\/f.svg\" alt=\"Google star 2\" width=\"17\" height=\"17\" loading=\"lazy\"><\/trustindex-image><trustindex-image class=\"ti-star\" data-imgurl=\"https:\/\/cdn.trustindex.io\/assets\/platform\/Google\/star\/f.svg\" alt=\"Google star 3\" width=\"17\" height=\"17\" loading=\"lazy\"><\/trustindex-image><trustindex-image class=\"ti-star\" data-imgurl=\"https:\/\/cdn.trustindex.io\/assets\/platform\/Google\/star\/f.svg\" alt=\"Google star 4\" width=\"17\" height=\"17\" loading=\"lazy\"><\/trustindex-image><trustindex-image class=\"ti-star\" data-imgurl=\"https:\/\/cdn.trustindex.io\/assets\/platform\/Google\/star\/f.svg\" alt=\"Google star 5\" width=\"17\" height=\"17\" loading=\"lazy\"><\/trustindex-image><span class=\"ti-verified-review ti-verified-platform\"><span class=\"ti-verified-tooltip\">Trustindex verifica que la fuente original de la rese\u00f1a sea Google.<\/span><\/span><\/span> <div class=\"ti-review-text-container ti-review-content\"><!-- R-CONTENT -->Buenos profesionales y las chicas muy amables y atentas<!-- R-CONTENT --><\/div> <span class=\"ti-read-more\" data-container=\".ti-review-content\" data-collapse-text=\"Ocultar\" data-open-text=\"Leer m\u00e1s\"><\/span> <\/div> <\/div>  <\/div> <div class=\"ti-controls-line\"> <div class=\"dot\"><\/div> <\/div>   <\/div> <\/div> <\/div> <\/template><\/pre><div data-src=\"https:\/\/cdn.trustindex.io\/loader.js?wp-widget\" data-template-id=\"trustindex-google-widget-html\" data-css-url=\"https:\/\/cdn.clinicabaviera.com\/blog\/wp-content\/uploads\/trustindex-google-widget.css?1774511208\"><\/div>\n<hr \/>\n<p>&nbsp;<\/p>\n","protected":false},"excerpt":{"rendered":"<p>La creencia de que las personas con ojos claros son m\u00e1s propensas a sufrir enfermedades de la vista est\u00e1 muy extendida. Sin embargo, se trata de una afirmaci\u00f3n err\u00f3nea, sin ning\u00fan tipo de fundamento cient\u00edfico.\u00a0 Est\u00e1 comprobado que los ojos claros no son, en absoluto, m\u00e1s propensos a sufrir conjuntivitis ni enfermedades m\u00e1s graves como [&hellip;]<\/p>\n","protected":false},"author":36,"featured_media":11479,"comment_status":"open","ping_status":"closed","sticky":false,"template":"","format":"standard","meta":{"jetpack_post_was_ever_published":true,"_jetpack_newsletter_access":"","_jetpack_dont_email_post_to_subs":false,"_jetpack_newsletter_tier_id":0,"_jetpack_memberships_contains_paywalled_content":false,"_jetpack_memberships_contains_paid_content":false,"footnotes":""},"categories":[1145],"tags":[1366],"ppma_author":[2262],"class_list":["post-11471","post","type-post","status-publish","format-standard","has-post-thumbnail","hentry","category-estilo-de-vida","tag-ojos-claros"],"yoast_head":"<!-- This site is optimized with the Yoast SEO plugin v27.5 - https:\/\/yoast.com\/product\/yoast-seo-wordpress\/ -->\n<title>\u00bfSon los ojos claros m\u00e1s propensos a sufrir ciertas enfermedades? - Blog de Baviera antes Cl\u00ednica Baviera<\/title>\n<meta name=\"description\" content=\"\u00bfEs verdad que los ojos claros son m\u00e1s propensos a la enfermedad o es solo un mito? Te contamos todo lo que necesitas saber al respecto.\" \/>\n<meta name=\"robots\" content=\"index, follow, max-snippet:-1, max-image-preview:large, max-video-preview:-1\" \/>\n<link rel=\"canonical\" href=\"https:\/\/www.clinicabaviera.com\/blog\/son-los-ojos-claros-mas-propensos-a-sufrir-ciertas-enfermedades\/\" \/>\n<meta property=\"og:locale\" content=\"es_ES\" \/>\n<meta property=\"og:type\" content=\"article\" \/>\n<meta property=\"og:title\" content=\"\u00bfSon los ojos claros m\u00e1s propensos a sufrir ciertas enfermedades? - Blog de Baviera antes Cl\u00ednica Baviera\" \/>\n<meta property=\"og:description\" content=\"\u00bfEs verdad que los ojos claros son m\u00e1s propensos a la enfermedad o es solo un mito? Te contamos todo lo que necesitas saber al respecto.\" \/>\n<meta property=\"og:url\" content=\"https:\/\/www.clinicabaviera.com\/blog\/son-los-ojos-claros-mas-propensos-a-sufrir-ciertas-enfermedades\/\" \/>\n<meta property=\"og:site_name\" content=\"Blog de Baviera antes Cl\u00ednica Baviera\" \/>\n<meta property=\"article:publisher\" content=\"https:\/\/www.facebook.com\/CLINICABAVIERA\" \/>\n<meta property=\"article:published_time\" content=\"2023-06-19T06:00:18+00:00\" \/>\n<meta property=\"article:modified_time\" content=\"2025-02-13T11:07:25+00:00\" \/>\n<meta property=\"og:image\" content=\"https:\/\/cdn.clinicabaviera.com\/blog\/wp-content\/uploads\/2017\/09\/iStock-521816266.jpg\" \/>\n\t<meta property=\"og:image:width\" content=\"1146\" \/>\n\t<meta property=\"og:image:height\" content=\"916\" \/>\n\t<meta property=\"og:image:type\" content=\"image\/jpeg\" \/>\n<meta name=\"author\" content=\"Dr. Fernando Llovet\" \/>\n<meta name=\"twitter:card\" content=\"summary_large_image\" \/>\n<meta name=\"twitter:label1\" content=\"Escrito por\" \/>\n\t<meta name=\"twitter:data1\" content=\"Dr. Fernando Llovet\" \/>\n\t<meta name=\"twitter:label2\" content=\"Tiempo de lectura\" \/>\n\t<meta name=\"twitter:data2\" content=\"5 minutos\" \/>\n<!-- \/ Yoast SEO plugin. -->","yoast_head_json":{"title":"\u00bfSon los ojos claros m\u00e1s propensos a sufrir ciertas enfermedades? - Blog de Baviera antes Cl\u00ednica Baviera","description":"\u00bfEs verdad que los ojos claros son m\u00e1s propensos a la enfermedad o es solo un mito? Te contamos todo lo que necesitas saber al respecto.","robots":{"index":"index","follow":"follow","max-snippet":"max-snippet:-1","max-image-preview":"max-image-preview:large","max-video-preview":"max-video-preview:-1"},"canonical":"https:\/\/www.clinicabaviera.com\/blog\/son-los-ojos-claros-mas-propensos-a-sufrir-ciertas-enfermedades\/","og_locale":"es_ES","og_type":"article","og_title":"\u00bfSon los ojos claros m\u00e1s propensos a sufrir ciertas enfermedades? - Blog de Baviera antes Cl\u00ednica Baviera","og_description":"\u00bfEs verdad que los ojos claros son m\u00e1s propensos a la enfermedad o es solo un mito? Te contamos todo lo que necesitas saber al respecto.","og_url":"https:\/\/www.clinicabaviera.com\/blog\/son-los-ojos-claros-mas-propensos-a-sufrir-ciertas-enfermedades\/","og_site_name":"Blog de Baviera antes Cl\u00ednica Baviera","article_publisher":"https:\/\/www.facebook.com\/CLINICABAVIERA","article_published_time":"2023-06-19T06:00:18+00:00","article_modified_time":"2025-02-13T11:07:25+00:00","og_image":[{"width":1146,"height":916,"url":"https:\/\/cdn.clinicabaviera.com\/blog\/wp-content\/uploads\/2017\/09\/iStock-521816266.jpg","type":"image\/jpeg"}],"author":"Dr. Fernando Llovet","twitter_card":"summary_large_image","twitter_misc":{"Escrito por":"Dr. Fernando Llovet","Tiempo de lectura":"5 minutos"},"schema":{"@context":"https:\/\/schema.org","@graph":[{"@type":"Article","@id":"https:\/\/www.clinicabaviera.com\/blog\/son-los-ojos-claros-mas-propensos-a-sufrir-ciertas-enfermedades\/#article","isPartOf":{"@id":"https:\/\/www.clinicabaviera.com\/blog\/son-los-ojos-claros-mas-propensos-a-sufrir-ciertas-enfermedades\/"},"author":{"name":"Fernando Llovet","@id":"https:\/\/www.clinicabaviera.com\/blog\/#\/schema\/person\/6f99a3c85c06ce9bae3b6bdff6094074"},"headline":"\u00bfSon los ojos claros m\u00e1s propensos a sufrir ciertas enfermedades?","datePublished":"2023-06-19T06:00:18+00:00","dateModified":"2025-02-13T11:07:25+00:00","mainEntityOfPage":{"@id":"https:\/\/www.clinicabaviera.com\/blog\/son-los-ojos-claros-mas-propensos-a-sufrir-ciertas-enfermedades\/"},"wordCount":950,"commentCount":0,"publisher":{"@id":"https:\/\/www.clinicabaviera.com\/blog\/#organization"},"image":{"@id":"https:\/\/www.clinicabaviera.com\/blog\/son-los-ojos-claros-mas-propensos-a-sufrir-ciertas-enfermedades\/#primaryimage"},"thumbnailUrl":"https:\/\/cdn.clinicabaviera.com\/blog\/wp-content\/uploads\/2017\/09\/iStock-521816266.jpg","keywords":["ojos claros"],"articleSection":["Estilo de vida"],"inLanguage":"es","potentialAction":[{"@type":"CommentAction","name":"Comment","target":["https:\/\/www.clinicabaviera.com\/blog\/son-los-ojos-claros-mas-propensos-a-sufrir-ciertas-enfermedades\/#respond"]}]},{"@type":"WebPage","@id":"https:\/\/www.clinicabaviera.com\/blog\/son-los-ojos-claros-mas-propensos-a-sufrir-ciertas-enfermedades\/","url":"https:\/\/www.clinicabaviera.com\/blog\/son-los-ojos-claros-mas-propensos-a-sufrir-ciertas-enfermedades\/","name":"\u00bfSon los ojos claros m\u00e1s propensos a sufrir ciertas enfermedades? - Blog de Baviera antes Cl\u00ednica Baviera","isPartOf":{"@id":"https:\/\/www.clinicabaviera.com\/blog\/#website"},"primaryImageOfPage":{"@id":"https:\/\/www.clinicabaviera.com\/blog\/son-los-ojos-claros-mas-propensos-a-sufrir-ciertas-enfermedades\/#primaryimage"},"image":{"@id":"https:\/\/www.clinicabaviera.com\/blog\/son-los-ojos-claros-mas-propensos-a-sufrir-ciertas-enfermedades\/#primaryimage"},"thumbnailUrl":"https:\/\/cdn.clinicabaviera.com\/blog\/wp-content\/uploads\/2017\/09\/iStock-521816266.jpg","datePublished":"2023-06-19T06:00:18+00:00","dateModified":"2025-02-13T11:07:25+00:00","description":"\u00bfEs verdad que los ojos claros son m\u00e1s propensos a la enfermedad o es solo un mito? Te contamos todo lo que necesitas saber al respecto.","breadcrumb":{"@id":"https:\/\/www.clinicabaviera.com\/blog\/son-los-ojos-claros-mas-propensos-a-sufrir-ciertas-enfermedades\/#breadcrumb"},"inLanguage":"es","potentialAction":[{"@type":"ReadAction","target":["https:\/\/www.clinicabaviera.com\/blog\/son-los-ojos-claros-mas-propensos-a-sufrir-ciertas-enfermedades\/"]}]},{"@type":"ImageObject","inLanguage":"es","@id":"https:\/\/www.clinicabaviera.com\/blog\/son-los-ojos-claros-mas-propensos-a-sufrir-ciertas-enfermedades\/#primaryimage","url":"https:\/\/cdn.clinicabaviera.com\/blog\/wp-content\/uploads\/2017\/09\/iStock-521816266.jpg","contentUrl":"https:\/\/cdn.clinicabaviera.com\/blog\/wp-content\/uploads\/2017\/09\/iStock-521816266.jpg","width":1146,"height":916,"caption":"ojos claros"},{"@type":"BreadcrumbList","@id":"https:\/\/www.clinicabaviera.com\/blog\/son-los-ojos-claros-mas-propensos-a-sufrir-ciertas-enfermedades\/#breadcrumb","itemListElement":[{"@type":"ListItem","position":1,"name":"Inicio","item":"https:\/\/www.clinicabaviera.com\/blog\/"},{"@type":"ListItem","position":2,"name":"\u00bfSon los ojos claros m\u00e1s propensos a sufrir ciertas enfermedades?"}]},{"@type":"WebSite","@id":"https:\/\/www.clinicabaviera.com\/blog\/#website","url":"https:\/\/www.clinicabaviera.com\/blog\/","name":"Blog de Baviera antes Cl\u00ednica Baviera","description":"Informaci\u00f3n sobre la salud visual","publisher":{"@id":"https:\/\/www.clinicabaviera.com\/blog\/#organization"},"potentialAction":[{"@type":"SearchAction","target":{"@type":"EntryPoint","urlTemplate":"https:\/\/www.clinicabaviera.com\/blog\/?s={search_term_string}"},"query-input":{"@type":"PropertyValueSpecification","valueRequired":true,"valueName":"search_term_string"}}],"inLanguage":"es"},{"@type":"Organization","@id":"https:\/\/www.clinicabaviera.com\/blog\/#organization","name":"Blog de Baviera antes Cl\u00ednica Baviera","url":"https:\/\/www.clinicabaviera.com\/blog\/","logo":{"@type":"ImageObject","inLanguage":"es","@id":"https:\/\/www.clinicabaviera.com\/blog\/#\/schema\/logo\/image\/","url":"https:\/\/cdn.clinicabaviera.com\/blog\/wp-content\/uploads\/2021\/02\/logo.png","contentUrl":"https:\/\/cdn.clinicabaviera.com\/blog\/wp-content\/uploads\/2021\/02\/logo.png","width":526,"height":164,"caption":"Blog de Baviera antes Cl\u00ednica Baviera"},"image":{"@id":"https:\/\/www.clinicabaviera.com\/blog\/#\/schema\/logo\/image\/"},"sameAs":["https:\/\/www.facebook.com\/CLINICABAVIERA"]},{"@type":"Person","@id":"https:\/\/www.clinicabaviera.com\/blog\/#\/schema\/person\/6f99a3c85c06ce9bae3b6bdff6094074","name":"Fernando Llovet","image":{"@type":"ImageObject","inLanguage":"es","@id":"https:\/\/www.clinicabaviera.com\/blog\/wp-content\/uploads\/2022\/07\/fernando_llovet_valencia_1-2-scaled.jpg8676b0fc3d378e07f4060734118f7d9c","url":"https:\/\/cdn.clinicabaviera.com\/blog\/wp-content\/uploads\/2022\/07\/fernando_llovet_valencia_1-2-scaled.jpg","contentUrl":"https:\/\/cdn.clinicabaviera.com\/blog\/wp-content\/uploads\/2022\/07\/fernando_llovet_valencia_1-2-scaled.jpg","caption":"Fernando Llovet"},"description":"El Dr. Fernando Llovet es oftalm\u00f3logo especialista en cirug\u00eda refractiva, cirug\u00eda de la presbicia y cataratas. Adem\u00e1s, es co-fundador de Baviera. Desarrolla su labor asistencial en Baviera Madrid y Baviera Valencia.","sameAs":["https:\/\/www.clinicabaviera.com\/clinica-oftalmologica-medico\/fernando-llovet"],"url":"https:\/\/www.clinicabaviera.com\/clinica-oftalmologica-medico\/fernando-llovet"}]}},"jetpack_featured_media_url":"https:\/\/cdn.clinicabaviera.com\/blog\/wp-content\/uploads\/2017\/09\/iStock-521816266.jpg","jetpack_shortlink":"https:\/\/wp.me\/p3aNmD-2Z1","jetpack_sharing_enabled":true,"authors":[{"term_id":2262,"user_id":36,"is_guest":0,"slug":"dr-fernando-llovet","display_name":"Dr. Fernando Llovet","avatar_url":{"url":"https:\/\/cdn.clinicabaviera.com\/blog\/wp-content\/uploads\/2022\/07\/fernando_llovet_valencia_1-2-scaled.jpg","url2x":"https:\/\/cdn.clinicabaviera.com\/blog\/wp-content\/uploads\/2022\/07\/fernando_llovet_valencia_1-2-scaled.jpg"},"0":null,"1":"","2":"","3":"","4":"","5":"","6":"","7":"","8":""}],"_links":{"self":[{"href":"https:\/\/www.clinicabaviera.com\/blog\/wp-json\/wp\/v2\/posts\/11471","targetHints":{"allow":["GET"]}}],"collection":[{"href":"https:\/\/www.clinicabaviera.com\/blog\/wp-json\/wp\/v2\/posts"}],"about":[{"href":"https:\/\/www.clinicabaviera.com\/blog\/wp-json\/wp\/v2\/types\/post"}],"author":[{"embeddable":true,"href":"https:\/\/www.clinicabaviera.com\/blog\/wp-json\/wp\/v2\/users\/36"}],"replies":[{"embeddable":true,"href":"https:\/\/www.clinicabaviera.com\/blog\/wp-json\/wp\/v2\/comments?post=11471"}],"version-history":[{"count":18,"href":"https:\/\/www.clinicabaviera.com\/blog\/wp-json\/wp\/v2\/posts\/11471\/revisions"}],"predecessor-version":[{"id":35943,"href":"https:\/\/www.clinicabaviera.com\/blog\/wp-json\/wp\/v2\/posts\/11471\/revisions\/35943"}],"wp:featuredmedia":[{"embeddable":true,"href":"https:\/\/www.clinicabaviera.com\/blog\/wp-json\/wp\/v2\/media\/11479"}],"wp:attachment":[{"href":"https:\/\/www.clinicabaviera.com\/blog\/wp-json\/wp\/v2\/media?parent=11471"}],"wp:term":[{"taxonomy":"category","embeddable":true,"href":"https:\/\/www.clinicabaviera.com\/blog\/wp-json\/wp\/v2\/categories?post=11471"},{"taxonomy":"post_tag","embeddable":true,"href":"https:\/\/www.clinicabaviera.com\/blog\/wp-json\/wp\/v2\/tags?post=11471"},{"taxonomy":"author","embeddable":true,"href":"https:\/\/www.clinicabaviera.com\/blog\/wp-json\/wp\/v2\/ppma_author?post=11471"}],"curies":[{"name":"wp","href":"https:\/\/api.w.org\/{rel}","templated":true}]}}