{"id":12564,"date":"2024-10-08T08:00:15","date_gmt":"2024-10-08T07:00:15","guid":{"rendered":"https:\/\/www.clinicabaviera.com\/blog\/?p=12564"},"modified":"2026-01-22T14:57:19","modified_gmt":"2026-01-22T13:57:19","slug":"cristalino-del-ojo-anatomia-funciones","status":"publish","type":"post","link":"https:\/\/www.clinicabaviera.com\/blog\/cristalino-del-ojo-anatomia-funciones\/","title":{"rendered":"Cristalino del ojo: qu\u00e9 es, funciones y afecciones"},"content":{"rendered":"\n\n<div class=\"kk-star-ratings kksr-auto kksr-align-left kksr-valign-top\"\n    data-payload='{&quot;align&quot;:&quot;left&quot;,&quot;id&quot;:&quot;12564&quot;,&quot;slug&quot;:&quot;default&quot;,&quot;valign&quot;:&quot;top&quot;,&quot;ignore&quot;:&quot;&quot;,&quot;reference&quot;:&quot;auto&quot;,&quot;class&quot;:&quot;&quot;,&quot;count&quot;:&quot;135&quot;,&quot;legendonly&quot;:&quot;&quot;,&quot;readonly&quot;:&quot;&quot;,&quot;score&quot;:&quot;4.9&quot;,&quot;starsonly&quot;:&quot;&quot;,&quot;best&quot;:&quot;5&quot;,&quot;gap&quot;:&quot;4&quot;,&quot;greet&quot;:&quot;Rate this post&quot;,&quot;legend&quot;:&quot;4.9\\\/5 - (135 votos)&quot;,&quot;size&quot;:&quot;15&quot;,&quot;title&quot;:&quot;Cristalino del ojo: qu\u00e9 es, funciones y afecciones&quot;,&quot;width&quot;:&quot;91.1&quot;,&quot;_legend&quot;:&quot;{score}\\\/{best} - ({count} {votes})&quot;,&quot;font_factor&quot;:&quot;1.25&quot;}'>\n            \n<div class=\"kksr-stars\">\n    \n<div class=\"kksr-stars-inactive\">\n            <div class=\"kksr-star\" data-star=\"1\" style=\"padding-right: 4px\">\n            \n\n<div class=\"kksr-icon\" style=\"width: 15px; height: 15px;\"><\/div>\n        <\/div>\n            <div class=\"kksr-star\" data-star=\"2\" style=\"padding-right: 4px\">\n            \n\n<div class=\"kksr-icon\" style=\"width: 15px; height: 15px;\"><\/div>\n        <\/div>\n            <div class=\"kksr-star\" data-star=\"3\" style=\"padding-right: 4px\">\n            \n\n<div class=\"kksr-icon\" style=\"width: 15px; height: 15px;\"><\/div>\n        <\/div>\n            <div class=\"kksr-star\" data-star=\"4\" style=\"padding-right: 4px\">\n            \n\n<div class=\"kksr-icon\" style=\"width: 15px; height: 15px;\"><\/div>\n        <\/div>\n            <div class=\"kksr-star\" data-star=\"5\" style=\"padding-right: 4px\">\n            \n\n<div class=\"kksr-icon\" style=\"width: 15px; height: 15px;\"><\/div>\n        <\/div>\n    <\/div>\n    \n<div class=\"kksr-stars-active\" style=\"width: 91.1px;\">\n            <div class=\"kksr-star\" style=\"padding-right: 4px\">\n            \n\n<div class=\"kksr-icon\" style=\"width: 15px; height: 15px;\"><\/div>\n        <\/div>\n            <div class=\"kksr-star\" style=\"padding-right: 4px\">\n            \n\n<div class=\"kksr-icon\" style=\"width: 15px; height: 15px;\"><\/div>\n        <\/div>\n            <div class=\"kksr-star\" style=\"padding-right: 4px\">\n            \n\n<div class=\"kksr-icon\" style=\"width: 15px; height: 15px;\"><\/div>\n        <\/div>\n            <div class=\"kksr-star\" style=\"padding-right: 4px\">\n            \n\n<div class=\"kksr-icon\" style=\"width: 15px; height: 15px;\"><\/div>\n        <\/div>\n            <div class=\"kksr-star\" style=\"padding-right: 4px\">\n            \n\n<div class=\"kksr-icon\" style=\"width: 15px; height: 15px;\"><\/div>\n        <\/div>\n    <\/div>\n<\/div>\n                \n\n<div class=\"kksr-legend\" style=\"font-size: 12px;\">\n            4.9\/5 - (135 votos)    <\/div>\n    <\/div>\n<p><span style=\"font-weight: 400;\">El <\/span><b>cristalino del ojo<\/b><span style=\"font-weight: 400;\"> es una de las partes m\u00e1s importantes del aparato visual, aunque, por lo general, no es tan mencionado como otras, especialmente la retina y la <a href=\"https:\/\/www.clinicabaviera.com\/cornea-queratocono\">c\u00f3rnea<\/a>. Eso no quiere decir, sin embargo, que su funci\u00f3n en el proceso visual sea secundaria o menos importante que la del resto de partes del ojo. \u00a1Te invitamos a conocerlo en profundidad!<\/span><\/p>\n<p style=\"text-align: justify;\"><div id=\"ez-toc-container\" class=\"ez-toc-v2_0_82_2 ez-toc-wrap-center counter-hierarchy ez-toc-counter ez-toc-custom ez-toc-container-direction\">\n<div class=\"ez-toc-title-container\">\n<p class=\"ez-toc-title\" style=\"cursor:inherit\">\u00cdndice<\/p>\n<span class=\"ez-toc-title-toggle\"><\/span><\/div>\n<nav><ul class='ez-toc-list ez-toc-list-level-1 ' ><li class='ez-toc-page-1 ez-toc-heading-level-2'><a class=\"ez-toc-link ez-toc-heading-1\" href=\"https:\/\/www.clinicabaviera.com\/blog\/cristalino-del-ojo-anatomia-funciones\/#%C2%BFQue_es_el_cristalino_del_ojo\" >\u00bfQu\u00e9 es el cristalino del ojo?<\/a><\/li><li class='ez-toc-page-1 ez-toc-heading-level-2'><a class=\"ez-toc-link ez-toc-heading-2\" href=\"https:\/\/www.clinicabaviera.com\/blog\/cristalino-del-ojo-anatomia-funciones\/#Anatomia_del_cristalino\" >Anatom\u00eda del cristalino<\/a><\/li><li class='ez-toc-page-1 ez-toc-heading-level-2'><a class=\"ez-toc-link ez-toc-heading-3\" href=\"https:\/\/www.clinicabaviera.com\/blog\/cristalino-del-ojo-anatomia-funciones\/#%C2%BFQue_funciones_cumple_el_cristalino_del_ojo\" >\u00bfQu\u00e9 funciones cumple el cristalino del ojo?<\/a><\/li><li class='ez-toc-page-1 ez-toc-heading-level-2'><a class=\"ez-toc-link ez-toc-heading-4\" href=\"https:\/\/www.clinicabaviera.com\/blog\/cristalino-del-ojo-anatomia-funciones\/#%C2%BFCuales_son_las_principales_afecciones_del_cristalino\" >\u00bfCu\u00e1les son las principales afecciones del cristalino?\u00a0<\/a><\/li><li class='ez-toc-page-1 ez-toc-heading-level-2'><a class=\"ez-toc-link ez-toc-heading-5\" href=\"https:\/\/www.clinicabaviera.com\/blog\/cristalino-del-ojo-anatomia-funciones\/#Cuidados_para_el_cristalino_del_ojo\" >Cuidados para el cristalino del ojo<\/a><\/li><li class='ez-toc-page-1 ez-toc-heading-level-2'><a class=\"ez-toc-link ez-toc-heading-6\" href=\"https:\/\/www.clinicabaviera.com\/blog\/cristalino-del-ojo-anatomia-funciones\/#%C2%BFPor_que_el_cristalino_y_la_cornea_son_lentes_transparentes\" >\u00bfPor qu\u00e9 el cristalino y la c\u00f3rnea son lentes transparentes?<\/a><\/li><li class='ez-toc-page-1 ez-toc-heading-level-2'><a class=\"ez-toc-link ez-toc-heading-7\" href=\"https:\/\/www.clinicabaviera.com\/blog\/cristalino-del-ojo-anatomia-funciones\/#%C2%BFCual_es_la_diferencia_entre_cristalino_y_cornea\" >\u00bfCu\u00e1l es la diferencia entre cristalino y c\u00f3rnea?<\/a><\/li><li class='ez-toc-page-1 ez-toc-heading-level-2'><a class=\"ez-toc-link ez-toc-heading-8\" href=\"https:\/\/www.clinicabaviera.com\/blog\/cristalino-del-ojo-anatomia-funciones\/#%C2%BFCual_es_el_principal_componente_del_cristalino\" >\u00bfCu\u00e1l es el principal componente del cristalino?<\/a><\/li><li class='ez-toc-page-1 ez-toc-heading-level-2'><a class=\"ez-toc-link ez-toc-heading-9\" href=\"https:\/\/www.clinicabaviera.com\/blog\/cristalino-del-ojo-anatomia-funciones\/#%C2%BFPor_que_se_enturbia_el_cristalino\" >\u00bfPor qu\u00e9 se enturbia el cristalino?<\/a><\/li><li class='ez-toc-page-1 ez-toc-heading-level-2'><a class=\"ez-toc-link ez-toc-heading-10\" href=\"https:\/\/www.clinicabaviera.com\/blog\/cristalino-del-ojo-anatomia-funciones\/#%C2%BFComo_se_ve_sin_cristalino\" >\u00bfC\u00f3mo se ve sin cristalino?<\/a><\/li><li class='ez-toc-page-1 ez-toc-heading-level-2'><a class=\"ez-toc-link ez-toc-heading-11\" href=\"https:\/\/www.clinicabaviera.com\/blog\/cristalino-del-ojo-anatomia-funciones\/#Conclusiones_clave\" >Conclusiones clave<\/a><\/li><li class='ez-toc-page-1 ez-toc-heading-level-2'><a class=\"ez-toc-link ez-toc-heading-12\" href=\"https:\/\/www.clinicabaviera.com\/blog\/cristalino-del-ojo-anatomia-funciones\/#Fuentes\" >Fuentes<\/a><\/li><\/ul><\/nav><\/div>\n\n<h2><span class=\"ez-toc-section\" id=\"%C2%BFQue_es_el_cristalino_del_ojo\"><\/span><span style=\"font-weight: 400;\">\u00bfQu\u00e9 es el cristalino del ojo?<\/span><span class=\"ez-toc-section-end\"><\/span><\/h2>\n<p><span style=\"font-weight: 400;\">El cristalino del ojo es una estructura transparente que act\u00faa como si se tratase de una lente biconvexa y que tiene una funci\u00f3n principal: enfocar de forma correcta los objetos situados a distintas distancias (lo que se conoce como acomodaci\u00f3n).\u00a0<\/span><\/p>\n<p><span style=\"font-weight: 400;\">Para lograr su funci\u00f3n, el cristalino es capaz de modificar su curvatura y espesor gracias a los m\u00fasculos ciliares que est\u00e1n conectados al cristalino a trav\u00e9s de unas fibras conocidas como z\u00f3nulas. Los m\u00fasculos ciliares rodean y sostienen al cristalino. De esta forma, tambi\u00e9n puede variar su potencia refractiva.\u00a0<\/span><\/p>\n<p><img loading=\"lazy\" decoding=\"async\" data-attachment-id=\"34165\" data-permalink=\"https:\/\/www.clinicabaviera.com\/blog\/bye-bye-gafasconoce-tus-ojosiris-del-ojo-que-es-y-que-funcion-tiene\/partes-del-ojo\/\" data-orig-file=\"https:\/\/cdn.clinicabaviera.com\/blog\/wp-content\/uploads\/2023\/03\/Partes-del-ojo-scaled.jpg\" data-orig-size=\"2560,1044\" data-comments-opened=\"1\" data-image-meta=\"{&quot;aperture&quot;:&quot;0&quot;,&quot;credit&quot;:&quot;&quot;,&quot;camera&quot;:&quot;&quot;,&quot;caption&quot;:&quot;&quot;,&quot;created_timestamp&quot;:&quot;0&quot;,&quot;copyright&quot;:&quot;&quot;,&quot;focal_length&quot;:&quot;0&quot;,&quot;iso&quot;:&quot;0&quot;,&quot;shutter_speed&quot;:&quot;0&quot;,&quot;title&quot;:&quot;&quot;,&quot;orientation&quot;:&quot;0&quot;}\" data-image-title=\"Partes del ojo\" data-image-description=\"\" data-image-caption=\"\" data-large-file=\"https:\/\/cdn.clinicabaviera.com\/blog\/wp-content\/uploads\/2023\/03\/Partes-del-ojo-840x343.jpg\" class=\"alignnone wp-image-34165 size-full\" src=\"https:\/\/cdn.clinicabaviera.com\/blog\/wp-content\/uploads\/2023\/03\/Partes-del-ojo-scaled.jpg\" alt=\"Esquema partes del ojo\" width=\"2560\" height=\"1044\" srcset=\"https:\/\/cdn.clinicabaviera.com\/blog\/wp-content\/uploads\/2023\/03\/Partes-del-ojo-scaled.jpg 2560w, https:\/\/cdn.clinicabaviera.com\/blog\/wp-content\/uploads\/2023\/03\/Partes-del-ojo-300x122.jpg 300w, https:\/\/cdn.clinicabaviera.com\/blog\/wp-content\/uploads\/2023\/03\/Partes-del-ojo-840x343.jpg 840w, https:\/\/cdn.clinicabaviera.com\/blog\/wp-content\/uploads\/2023\/03\/Partes-del-ojo-200x82.jpg 200w, https:\/\/cdn.clinicabaviera.com\/blog\/wp-content\/uploads\/2023\/03\/Partes-del-ojo-768x313.jpg 768w, https:\/\/cdn.clinicabaviera.com\/blog\/wp-content\/uploads\/2023\/03\/Partes-del-ojo-1536x627.jpg 1536w, https:\/\/cdn.clinicabaviera.com\/blog\/wp-content\/uploads\/2023\/03\/Partes-del-ojo-2048x835.jpg 2048w\" sizes=\"auto, (max-width: 2560px) 100vw, 2560px\" \/><\/p>\n<h2><span class=\"ez-toc-section\" id=\"Anatomia_del_cristalino\"><\/span><span style=\"font-weight: 400;\">Anatom\u00eda del cristalino<\/span><span class=\"ez-toc-section-end\"><\/span><\/h2>\n<p><span style=\"font-weight: 400;\">El cristalino est\u00e1 posicionado entre el iris y el humor v\u00edtreo, concretamente en el segmento anterior del ojo, tras el <a href=\"https:\/\/www.clinicabaviera.com\/blog\/humor-acuoso-que-es-funcion\/\">humor acuoso<\/a> y el iris, actuando de separaci\u00f3n con el humor v\u00edtreo. <\/span><\/p>\n<p><span style=\"font-weight: 400;\">Sus principales caracter\u00edsticas son que es:<\/span><\/p>\n<ul>\n<li style=\"font-weight: 400;\"><span style=\"font-weight: 400;\">Transparente.<\/span><\/li>\n<li style=\"font-weight: 400;\"><span style=\"font-weight: 400;\">Incoloro.<\/span><\/li>\n<li style=\"font-weight: 400;\"><span style=\"font-weight: 400;\">Flexible.<\/span><\/li>\n<li style=\"font-weight: 400;\"><span style=\"font-weight: 400;\">Avascular (no est\u00e1 irrigado por vasos sangu\u00edneos).<\/span><\/li>\n<li>No inervado (a \u00e9l no llegan los nervios).<\/li>\n<\/ul>\n<p><a href=\"https:\/\/cloud.info.clinicabaviera.com\/ojo-con-tus-ojos\"><img loading=\"lazy\" decoding=\"async\" data-attachment-id=\"35824\" data-permalink=\"https:\/\/www.clinicabaviera.com\/blog\/bye-bye-gafas\/distancia-para-ver-la-tv-cual-es-la-mejor\/ojo_con_tus_ojos_horizontal-2\/\" data-orig-file=\"https:\/\/cdn.clinicabaviera.com\/blog\/wp-content\/uploads\/2025\/01\/Ojo_con_tus_ojos_horizontal.jpg\" data-orig-size=\"751,367\" data-comments-opened=\"1\" data-image-meta=\"{&quot;aperture&quot;:&quot;0&quot;,&quot;credit&quot;:&quot;&quot;,&quot;camera&quot;:&quot;&quot;,&quot;caption&quot;:&quot;&quot;,&quot;created_timestamp&quot;:&quot;0&quot;,&quot;copyright&quot;:&quot;&quot;,&quot;focal_length&quot;:&quot;0&quot;,&quot;iso&quot;:&quot;0&quot;,&quot;shutter_speed&quot;:&quot;0&quot;,&quot;title&quot;:&quot;&quot;,&quot;orientation&quot;:&quot;0&quot;}\" data-image-title=\"Ojo_con_tus_ojos_horizontal\" data-image-description=\"\" data-image-caption=\"\" data-large-file=\"https:\/\/cdn.clinicabaviera.com\/blog\/wp-content\/uploads\/2025\/01\/Ojo_con_tus_ojos_horizontal.jpg\" class=\"aligncenter wp-image-35824 size-full\" src=\"https:\/\/cdn.clinicabaviera.com\/blog\/wp-content\/uploads\/2025\/01\/Ojo_con_tus_ojos_horizontal.jpg\" alt=\"\" width=\"751\" height=\"367\" srcset=\"https:\/\/cdn.clinicabaviera.com\/blog\/wp-content\/uploads\/2025\/01\/Ojo_con_tus_ojos_horizontal.jpg 751w, https:\/\/cdn.clinicabaviera.com\/blog\/wp-content\/uploads\/2025\/01\/Ojo_con_tus_ojos_horizontal-300x147.jpg 300w, https:\/\/cdn.clinicabaviera.com\/blog\/wp-content\/uploads\/2025\/01\/Ojo_con_tus_ojos_horizontal-200x98.jpg 200w\" sizes=\"auto, (max-width: 751px) 100vw, 751px\" \/><\/a><\/p>\n<p><span style=\"font-weight: 400;\">En lo que respecta a su curvatura, \u00e9sta es mayor en la cara posterior que en la anterior.<\/span><\/p>\n<p>El cristalino anat\u00f3micamente tiene forma de lente con dos superficies convexas opuestas. Se divide en:<\/p>\n<ul>\n<li><strong>Cara anterior y cara posterior.<\/strong> A los centros de estas caras se les conoce, respectivamente, como <strong>punto anterior y punto posterior<\/strong>.<\/li>\n<li><strong>Eje<\/strong>. Es la l\u00ednea que une ambos puntos.<\/li>\n<li><strong>Espesor<\/strong>. Es la distancia que separa las dos caras del cristalino.<\/li>\n<li><strong>Ecuador<\/strong>. Es la l\u00ednea imaginaria que delimita ambas caras del cristalino.<\/li>\n<li><strong>Di\u00e1metro<\/strong>. Es la longitud del ecuador.<\/li>\n<\/ul>\n<p><span style=\"font-weight: 400;\">El cristalino evoluciona a lo largo de toda la vida. En un reci\u00e9n nacido tiene un espesor de unos 3,5 mm, mientras que en un adulto anciano puede llegar a los 4,5 mm; en lo que se refiere a su di\u00e1metro, puede pasar de los 6 mm a los 9,5 mm.<\/span><\/p>\n<p>Estructuralmente, el cristalino est\u00e1 divido en:<\/p>\n<ul>\n<li><strong>Estructura externa.<\/strong> El cristalino est\u00e1 recubierto de una c\u00e1psula transparente, el\u00e1stica y acelular que recibe el nombre t\u00e9cnico de <strong>saco capsular o cristaloides<\/strong>.<\/li>\n<li><strong>Estructura interna.<\/strong> Se divide en dos zonas principales:\n<ul>\n<li>La parte m\u00e1s interna o <strong>n\u00facleo<\/strong>.<\/li>\n<li>La <strong>corteza<\/strong> y la <strong>superficie anterior de la corteza<\/strong>, que est\u00e1 recubierta por un epitelio, que es el \u00fanico tejido del cristalino que puede regenerarse.<\/li>\n<\/ul>\n<\/li>\n<\/ul>\n<p><span class=\"embed-youtube\" style=\"text-align:center; display: block;\"><iframe loading=\"lazy\" class=\"youtube-player\" width=\"640\" height=\"360\" src=\"https:\/\/www.youtube.com\/embed\/oqp1NGhkO3A?version=3&#038;rel=1&#038;showsearch=0&#038;showinfo=1&#038;iv_load_policy=1&#038;fs=1&#038;hl=es-ES&#038;autohide=2&#038;wmode=transparent\" allowfullscreen=\"true\" style=\"border:0;\" sandbox=\"allow-scripts allow-same-origin allow-popups allow-presentation allow-popups-to-escape-sandbox\"><\/iframe><\/span><\/p>\n<p>&nbsp;<\/p>\n<h2><span class=\"ez-toc-section\" id=\"%C2%BFQue_funciones_cumple_el_cristalino_del_ojo\"><\/span><span style=\"font-weight: 400;\">\u00bfQu\u00e9 funciones cumple el cristalino del ojo?<\/span><span class=\"ez-toc-section-end\"><\/span><\/h2>\n<p><span style=\"font-weight: 400;\">Descrita su composici\u00f3n y su estructura, pasemos ahora a analizar las funciones que cumple el cristalino del ojo en el proceso visual:<\/span><\/p>\n<ul>\n<li style=\"font-weight: 400;\"><span style=\"font-weight: 400;\">Desviar los rayos de la luz para que las im\u00e1genes se formen n\u00edtidamente en la retina, independiente de la distancia a la que se encuentre cada objeto. Ten en cuenta que una vez ha llegado a la retina, la imagen viaja directamente hacia el cerebro convertida en impulsos nerviosos a trav\u00e9s del <\/span><a href=\"https:\/\/www.clinicabaviera.com\/nervio-optico-danado\"><span style=\"font-weight: 400;\">nervio \u00f3ptico<\/span><\/a><span style=\"font-weight: 400;\">.<\/span><\/li>\n<li style=\"font-weight: 400;\"><span style=\"font-weight: 400;\">Adaptar la visi\u00f3n a las diferentes distancias, que son b\u00e1sicamente tres: pr\u00f3xima, media y lejana. En este sentido, las casi 20 dioptr\u00edas del cristalino, sumadas a las 40 de la c\u00f3rnea, direccionan correctamente los rayos de luz hacia la <a href=\"https:\/\/www.clinicabaviera.com\/blog\/macula-ocular-que-es-y-porque-es-importante\/\">m\u00e1cula<\/a> (parte central de la retina) para que los objetos puedan apreciarse como es debido.<\/span><\/li>\n<\/ul>\n<p style=\"padding-left: 40px;\"><span style=\"font-weight: 400;\">En algunos casos, la funci\u00f3n del cristalino resulta insuficiente y se produce un efecto similar al de la <\/span><a href=\"https:\/\/www.clinicabaviera.com\/refractiva-hipermetropia\"><span style=\"font-weight: 400;\">hipermetrop\u00eda<\/span><\/a><span style=\"font-weight: 400;\">. Los pacientes con este diagn\u00f3stico deben recurrir a una potencia adicional para seguir viendo con claridad y nitidez, con lo cual es preciso variar la curvatura del cristalino, es decir, un proceso que en t\u00e9rminos m\u00e9dicos se conoce como acomodaci\u00f3n.<\/span><\/p>\n<ul>\n<li style=\"font-weight: 400;\"><span style=\"font-weight: 400;\">Una funci\u00f3n adicional del cristalino del ojo es servir de referencia al cerebro en el momento de estimar la distancia a la que se encuentran los objetos que est\u00e1n en nuestro campo visual.<\/span><\/li>\n<\/ul>\n<h2><span class=\"ez-toc-section\" id=\"%C2%BFCuales_son_las_principales_afecciones_del_cristalino\"><\/span><span style=\"font-weight: 400;\">\u00bfCu\u00e1les son las principales afecciones del cristalino?\u00a0<\/span><span class=\"ez-toc-section-end\"><\/span><\/h2>\n<h3><span style=\"font-weight: 400;\">Cataratas<\/span><\/h3>\n<p><span style=\"font-weight: 400;\">Cuando el cristalino va perdiendo transparencia, pudiendo llegar a quedarse totalmente opaco, se produce lo que se conoce como una <\/span><a href=\"https:\/\/www.clinicabaviera.com\/operacion-cataratas\"><span style=\"font-weight: 400;\">catarata<\/span><\/a><span style=\"font-weight: 400;\">, una patolog\u00eda muy frecuente que afecta a gran parte de la poblaci\u00f3n de m\u00e1s de 70 a\u00f1os. <\/span><\/p>\n<p><span style=\"font-weight: 400;\">Otras causas de las cataratas, adem\u00e1s de la edad, pueden ser: <\/span><\/p>\n<ul>\n<li><span style=\"font-weight: 400;\">Traumatismos.<\/span><\/li>\n<li><span style=\"font-weight: 400;\">Diabetes.<\/span><\/li>\n<li><span style=\"font-weight: 400;\">Enfermedades cong\u00e9nitas.\u00a0\u00a0<\/span><\/li>\n<\/ul>\n<p><span style=\"font-weight: 400;\">El \u00fanico tratamiento efectivo para las cataratas es una <\/span><a href=\"https:\/\/www.clinicabaviera.com\/operacion-cataratas\"><span style=\"font-weight: 400;\">intervenci\u00f3n quir\u00fargica<\/span><\/a><span style=\"font-weight: 400;\">, r\u00e1pida, sencilla y de tratamiento ambulatorio, que consiste en sustituir el cristalino por una lente intraocular de altas prestaciones que, incluso, puede solucionar al mismo tiempo otros problemas de la vista, como los defectos refractivos.<\/span><\/p>\n<p><img loading=\"lazy\" decoding=\"async\" data-attachment-id=\"29317\" data-permalink=\"https:\/\/www.clinicabaviera.com\/blog\/puedo-sucia-la-lente-intraocular\/7-cataratas-2\/\" data-orig-file=\"https:\/\/cdn.clinicabaviera.com\/blog\/wp-content\/uploads\/2022\/05\/7-cataratas-scaled-e1667832086297.jpg\" data-orig-size=\"2560,883\" data-comments-opened=\"1\" data-image-meta=\"{&quot;aperture&quot;:&quot;0&quot;,&quot;credit&quot;:&quot;&quot;,&quot;camera&quot;:&quot;&quot;,&quot;caption&quot;:&quot;&quot;,&quot;created_timestamp&quot;:&quot;0&quot;,&quot;copyright&quot;:&quot;&quot;,&quot;focal_length&quot;:&quot;0&quot;,&quot;iso&quot;:&quot;0&quot;,&quot;shutter_speed&quot;:&quot;0&quot;,&quot;title&quot;:&quot;&quot;,&quot;orientation&quot;:&quot;0&quot;}\" data-image-title=\"7 cataratas\" data-image-description=\"\" data-image-caption=\"\" data-large-file=\"https:\/\/cdn.clinicabaviera.com\/blog\/wp-content\/uploads\/2022\/05\/7-cataratas-scaled-e1667832086297-840x290.jpg\" class=\"alignnone wp-image-29317 size-full\" src=\"https:\/\/cdn.clinicabaviera.com\/blog\/wp-content\/uploads\/2022\/05\/7-cataratas-scaled-e1667832086297.jpg\" alt=\"Ojo normal y ojo con cataratas\" width=\"2560\" height=\"883\" srcset=\"https:\/\/cdn.clinicabaviera.com\/blog\/wp-content\/uploads\/2022\/05\/7-cataratas-scaled-e1667832086297.jpg 2560w, https:\/\/cdn.clinicabaviera.com\/blog\/wp-content\/uploads\/2022\/05\/7-cataratas-scaled-e1667832086297-300x103.jpg 300w, https:\/\/cdn.clinicabaviera.com\/blog\/wp-content\/uploads\/2022\/05\/7-cataratas-scaled-e1667832086297-840x290.jpg 840w, https:\/\/cdn.clinicabaviera.com\/blog\/wp-content\/uploads\/2022\/05\/7-cataratas-scaled-e1667832086297-200x69.jpg 200w, https:\/\/cdn.clinicabaviera.com\/blog\/wp-content\/uploads\/2022\/05\/7-cataratas-scaled-e1667832086297-768x265.jpg 768w, https:\/\/cdn.clinicabaviera.com\/blog\/wp-content\/uploads\/2022\/05\/7-cataratas-scaled-e1667832086297-1536x530.jpg 1536w, https:\/\/cdn.clinicabaviera.com\/blog\/wp-content\/uploads\/2022\/05\/7-cataratas-scaled-e1667832086297-2048x706.jpg 2048w\" sizes=\"auto, (max-width: 2560px) 100vw, 2560px\" \/><\/p>\n<h3><a href=\"https:\/\/www.clinicabaviera.com\/operacion-presbicia\"><span style=\"font-weight: 400;\">Presbicia<\/span><\/a><\/h3>\n<p><span style=\"font-weight: 400;\">La<\/span><span style=\"font-weight: 400;\"> presbicia o vista cansada<\/span><span style=\"font-weight: 400;\">, de la que hemos hablado en otras oportunidades, es la afecci\u00f3n m\u00e1s conocida en relaci\u00f3n con el cristalino del ojo, que en este caso pierde la elasticidad y su capacidad de acomodaci\u00f3n naturales. Este proceso se produce por un envejecimiento de los \u00f3rganos que suele tener lugar a partir de los 40 \u00f3 45 a\u00f1os.<\/span><\/p>\n<p><img loading=\"lazy\" decoding=\"async\" data-attachment-id=\"30901\" data-permalink=\"https:\/\/www.clinicabaviera.com\/blog\/refraccion-ocular-que-es-y-como-medirla\/presbicia-1\/\" data-orig-file=\"https:\/\/cdn.clinicabaviera.com\/blog\/wp-content\/uploads\/2022\/07\/presbicia-1-scaled-e1664204085845.jpg\" data-orig-size=\"2560,761\" data-comments-opened=\"1\" data-image-meta=\"{&quot;aperture&quot;:&quot;0&quot;,&quot;credit&quot;:&quot;&quot;,&quot;camera&quot;:&quot;&quot;,&quot;caption&quot;:&quot;&quot;,&quot;created_timestamp&quot;:&quot;0&quot;,&quot;copyright&quot;:&quot;&quot;,&quot;focal_length&quot;:&quot;0&quot;,&quot;iso&quot;:&quot;0&quot;,&quot;shutter_speed&quot;:&quot;0&quot;,&quot;title&quot;:&quot;&quot;,&quot;orientation&quot;:&quot;0&quot;}\" data-image-title=\"presbicia (1)\" data-image-description=\"\" data-image-caption=\"\" data-large-file=\"https:\/\/cdn.clinicabaviera.com\/blog\/wp-content\/uploads\/2022\/07\/presbicia-1-scaled-e1664204085845-840x250.jpg\" class=\"alignnone wp-image-30901 size-full\" src=\"https:\/\/cdn.clinicabaviera.com\/blog\/wp-content\/uploads\/2022\/07\/presbicia-1-scaled-e1664204085845.jpg\" alt=\"\u00bfPor qu\u00e9 se produce la presbicia?\" width=\"2560\" height=\"761\" srcset=\"https:\/\/cdn.clinicabaviera.com\/blog\/wp-content\/uploads\/2022\/07\/presbicia-1-scaled-e1664204085845.jpg 2560w, https:\/\/cdn.clinicabaviera.com\/blog\/wp-content\/uploads\/2022\/07\/presbicia-1-scaled-e1664204085845-300x89.jpg 300w, https:\/\/cdn.clinicabaviera.com\/blog\/wp-content\/uploads\/2022\/07\/presbicia-1-scaled-e1664204085845-840x250.jpg 840w, https:\/\/cdn.clinicabaviera.com\/blog\/wp-content\/uploads\/2022\/07\/presbicia-1-scaled-e1664204085845-200x59.jpg 200w, https:\/\/cdn.clinicabaviera.com\/blog\/wp-content\/uploads\/2022\/07\/presbicia-1-scaled-e1664204085845-768x228.jpg 768w, https:\/\/cdn.clinicabaviera.com\/blog\/wp-content\/uploads\/2022\/07\/presbicia-1-scaled-e1664204085845-1536x457.jpg 1536w, https:\/\/cdn.clinicabaviera.com\/blog\/wp-content\/uploads\/2022\/07\/presbicia-1-scaled-e1664204085845-2048x609.jpg 2048w\" sizes=\"auto, (max-width: 2560px) 100vw, 2560px\" \/><\/p>\n<h2><span class=\"ez-toc-section\" id=\"Cuidados_para_el_cristalino_del_ojo\"><\/span>Cuidados para el cristalino del ojo<span class=\"ez-toc-section-end\"><\/span><\/h2>\n<p>El proceso de envejecimiento del cuerpo humano es imparable e inevitable y lo mismo ocurre con la evoluci\u00f3n del cristalino. A\u00fan as\u00ed, existen ciertas medidas que pueden retrasar este proceso y minimizar los da\u00f1os:<\/p>\n<ul>\n<li>Proteger los ojos de los rayos UV con gafas de sol.<\/li>\n<li>Evitar los contaminantes ambientales en la medida de lo posible, sobre todo el tabaco.<\/li>\n<li>Controlar los niveles de az\u00facar y colesterol en sangre.<\/li>\n<li>Llevar una dieta equilibrada.<\/li>\n<\/ul>\n<h2><span class=\"ez-toc-section\" id=\"%C2%BFPor_que_el_cristalino_y_la_cornea_son_lentes_transparentes\"><\/span>\u00bfPor qu\u00e9 el cristalino y la c\u00f3rnea son lentes transparentes?<span class=\"ez-toc-section-end\"><\/span><\/h2>\n<p>Tanto la c\u00f3rnea como el cristalino son lentes transparentes y deben permanecer as\u00ed para garantizar que el ojo es capaz de crear im\u00e1genes n\u00edtidas. Si ambos medios se mantienen transparentes, refractan o dirigen correctamente la luz que les llega, enfoc\u00e1ndola en la retina.<\/p>\n<h2><span class=\"ez-toc-section\" id=\"%C2%BFCual_es_la_diferencia_entre_cristalino_y_cornea\"><\/span>\u00bfCu\u00e1l es la diferencia entre cristalino y c\u00f3rnea?<span class=\"ez-toc-section-end\"><\/span><\/h2>\n<p>Como hemos comentado, ambas lentes intervienen en el proceso de la visi\u00f3n y garantizan que las im\u00e1genes se enfocan adecuadamente sobre la retina.<\/p>\n<p>Las principales diferencias entre la c\u00f3rnea y el cristalino en cuanto a su capacidad de refracci\u00f3n son:<\/p>\n<ul>\n<li>La c\u00f3rnea es responsable de las dos terceras partes de la capacidad de refracci\u00f3n del ojo y su poder refractivo es aproximadamente de 43 dioptr\u00edas. Esta potencia es fija y depende fundamentalmente de la curvatura de la c\u00f3rnea. A mayor curvatura, mayor potencia.<\/li>\n<li>El cristalino aporta unas 19 dioptr\u00edas al sistema \u00f3ptico, pero es capaz de modificar esta potencia. En reposo, cuando el ojo est\u00e1 mirando a una imagen lejana, el cristalino presenta su forma m\u00e1s plana y con menor potencia, unas 19 dioptr\u00edas. Cuando el ojo mira a una imagen cercana, el cristalino se abomba gracias a la acci\u00f3n del m\u00fasculo ciliar y aumenta su potencia, a\u00f1adiendo hasta 3,5 dioptr\u00edas m\u00e1s, dependiendo de lo cercana que est\u00e9 la imagen.<\/li>\n<\/ul>\n<h2><span class=\"ez-toc-section\" id=\"%C2%BFCual_es_el_principal_componente_del_cristalino\"><\/span>\u00bfCu\u00e1l es el principal componente del cristalino?<span class=\"ez-toc-section-end\"><\/span><\/h2>\n<p>El cristalino est\u00e1 formado por unas prote\u00ednas estructurales llamadas cristalinas (35%) y agua (65%). De hecho, tiene la mayor concentraci\u00f3n de prote\u00ednas de todo el cuerpo humano. El poder de refracci\u00f3n del cristalino y su transparencia es proporcional a la concentraci\u00f3n de estas prote\u00ednas en las fibras.<\/p>\n<h2><span class=\"ez-toc-section\" id=\"%C2%BFPor_que_se_enturbia_el_cristalino\"><\/span>\u00bfPor qu\u00e9 se enturbia el cristalino?<span class=\"ez-toc-section-end\"><\/span><\/h2>\n<p>Normalmente, las prote\u00ednas se alinean de una manera especial para que el cristalino sea completamente transparente y la luz pueda pasar f\u00e1cilmente. Si las prote\u00ednas del cristalino se agrupan, el cristalino se nubla y aparecen las cataratas.<\/p>\n<p>Las cataratas impiden ver con claridad porque la luz no puede atravesar con facilidad las aglomeraciones de prote\u00ednas en el cristalino. Con el tiempo, los grupos de prote\u00ednas se hacen m\u00e1s grandes y m\u00e1s gruesos, lo que dificulta la visi\u00f3n.<\/p>\n<h2><span class=\"ez-toc-section\" id=\"%C2%BFComo_se_ve_sin_cristalino\"><\/span>\u00bfC\u00f3mo se ve sin cristalino?<span class=\"ez-toc-section-end\"><\/span><\/h2>\n<p>A la ausencia de cristalino se le denomina afaquia. En esta graduaci\u00f3n se produce:<\/p>\n<ul>\n<li>Visi\u00f3n borrosa de cerca y de lejos.<\/li>\n<li>Dificultad para enfocar entre distancias.<\/li>\n<li>Los colores se vuelven opacos.<\/li>\n<li>La afaquia tambi\u00e9n puede causar iridodonesis o &#8220;iris tembloroso&#8221;. Sin el cristalino o sin una lente intraocular, el iris se sacude o tiembla cuando se mueven los ojos.<\/li>\n<\/ul>\n<h2 style=\"text-align: center;\"><span class=\"ez-toc-section\" id=\"Conclusiones_clave\"><\/span>Conclusiones clave<span class=\"ez-toc-section-end\"><\/span><\/h2>\n<div class=\"wptb-container-legacy\" data-table-id=\"35532\">\n    <table class=\"wptb-preview-table wptb-element-main-table_setting-35532\" style=\"border-spacing: 3px 3px; border-collapse: collapse !important; min-width: 100%; border: 28px  rgb(42, 33, 221); \" data-border-spacing-columns=\"3\" data-border-spacing-rows=\"3\" data-reconstraction=\"1\" data-wptb-table-directives=\"eyJpbm5lckJvcmRlcnMiOnsiYWN0aXZlIjoiYWxsIiwiYm9yZGVyV2lkdGgiOjI4LCJib3JkZXJSYWRpdXNlcyI6eyJhbGwiOjAsInJvdyI6MCwiY29sdW1uIjowfX19\" data-wptb-responsive-directives=\"eyJyZXNwb25zaXZlRW5hYmxlZCI6dHJ1ZSwicmVzcG9uc2l2ZU1vZGUiOiJhdXRvIiwicmVsYXRpdmVXaWR0aCI6IndpbmRvdyIsInByZXNlcnZlUm93Q29sb3IiOmZhbHNlLCJoZWFkZXJGdWxseU1lcmdlZCI6ZmFsc2UsImJyZWFrcG9pbnRzIjp7ImRlc2t0b3AiOnsibmFtZSI6ImRlc2t0b3AiLCJ3aWR0aCI6MTAyNH0sInRhYmxldCI6eyJuYW1lIjoidGFibGV0Iiwid2lkdGgiOjcwMH0sIm1vYmlsZSI6eyJuYW1lIjoibW9iaWxlIiwid2lkdGgiOjM3NX19LCJtb2RlT3B0aW9ucyI6eyJhdXRvIjp7ImRpc2FibGVkIjp7ImRlc2t0b3AiOmZhbHNlLCJ0YWJsZXQiOmZhbHNlLCJtb2JpbGUiOmZhbHNlfSwidG9wUm93QXNIZWFkZXIiOnsiZGVza3RvcCI6ZmFsc2UsInRhYmxldCI6dHJ1ZSwibW9iaWxlIjp0cnVlfSwicmVwZWF0TWVyZ2VkSGVhZGVyIjp7ImRlc2t0b3AiOnRydWUsInRhYmxldCI6dHJ1ZSwibW9iaWxlIjp0cnVlfSwic3RhdGljVG9wUm93Ijp7ImRlc2t0b3AiOmZhbHNlLCJ0YWJsZXQiOmZhbHNlLCJtb2JpbGUiOmZhbHNlfSwiY2VsbFN0YWNrRGlyZWN0aW9uIjp7ImRlc2t0b3AiOiJyb3ciLCJ0YWJsZXQiOiJyb3ciLCJtb2JpbGUiOiJyb3cifSwiY2VsbHNQZXJSb3ciOnsiZGVza3RvcCI6MSwidGFibGV0IjoyLCJtb2JpbGUiOjF9fX19\" data-wptb-cells-width-auto-count=\"1\" data-wptb-horizontal-scroll-status=\"1\" data-wptb-extra-styles=\"LyogRW50ZXIgeW91ciBjdXN0b20gQ1NTIHJ1bGVzIGhlcmUgKi8=\" data-wptb-pro-pagination-top-row-header=\"false\" data-wptb-rows-per-page=\"10\" data-wptb-pro-search-top-row-header=\"false\" data-wptb-searchbar-position=\"left\" role=\"table\" data-table-columns=\"1\" data-wptb-table-alignment=\"center\" data-wptb-td-width-auto=\"100\" data-wptb-table-tds-sum-max-width=\"224\" ><tbody data-global-font-color=\"#000000\" data-global-link-color=\"#000000\" data-global-font-size=\"15\" ><tr  class=\"wptb-row \" style=\"\"><td class=\"wptb-cell \" colspan=\"3\" rowspan=\"1\" style=\"padding: 6px; border-width: 49px; border-color: rgb(42, 33, 221); border-style: solid; border-radius: 0px; \" data-y-index=\"0\" data-x-index=\"0\" data-wptb-css-td-auto-width=\"true\" data-wptb-css-td-auto-height=\"true\" data-wptb-cell-vertical-alignment=\"center\" ><div class=\"wptb-text-container wptb-ph-element wptb-element-text-597\" style=\"color: #074b9e; font-size: 14px; \"><div style=\"position: relative;\"><p><strong>* <\/strong>El cristalino es una <strong>estructura curva situada detr\u00e1s del iris<\/strong>.<\/p><p><strong>*<\/strong> <strong>Enfoca la luz que entra en el ojo<\/strong> y permite que las im\u00e1genes sean claras y n\u00edtidas.<\/p><p><strong>* <\/strong>Entre los problemas visuales m\u00e1s comunes asociados al cristalino se encuentran la <strong>presbicia<\/strong> y las <strong>cataratas.<\/strong><\/p><\/div><\/div><\/td><\/tr><\/tbody><\/table>\n<\/div>\n\n<h2><span class=\"ez-toc-section\" id=\"Fuentes\"><\/span>Fuentes<span class=\"ez-toc-section-end\"><\/span><\/h2>\n<ul>\n<li><a href=\"https:\/\/www.medigraphic.com\/cgi-bin\/new\/resumen.cgi?IDARTICULO=280\" rel=\"nofollow\">Medigraphic &#8211; Opacidad de cristalino en diab\u00e9ticos. Prevalencia y asociaci\u00f3n con deficiencia visual y retinopat\u00eda<\/a><\/li>\n<li><a href=\"https:\/\/my.clevelandclinic.org\/health\/body\/eye-lens-crystalline-lens\" rel=\"nofollow\">Cleveland Clinic &#8211;\u00a0 Eye Lens (Crystalline Lens)<\/a><\/li>\n<li><a href=\"https:\/\/www.nei.nih.gov\/espanol\/aprenda-sobre-la-salud-ocular\/enfermedades-y-afecciones-de-los-ojos\/cataratas\" rel=\"nofollow\">National Eye Institute (NIH) &#8211; Cataratas<\/a><\/li>\n<li><a href=\"https:\/\/www.nei.nih.gov\/espanol\/aprenda-sobre-la-salud-ocular\/enfermedades-y-afecciones-de-los-ojos\/presbicia\" rel=\"nofollow\">National Eye Institute (NIH) &#8211; Presbicia<\/a><\/li>\n<\/ul>\n<hr \/>\n<pre class=\"ti-widget\"><template id=\"trustindex-google-widget-html\"><div class=\" ti-widget  ti-goog ti-review-text-mode-readmore ti-text-align-left\" data-no-translation=\"true\" data-plugin-version=\"13.2.9\" data-layout-id=\"5\" data-layout-category=\"slider\" data-set-id=\"light-minimal\" data-pid=\"\" data-language=\"es\" data-close-locale=\"Cerca\" data-review-target-width=\"275\" data-css-version=\"2\" data-reply-by-locale=\"Respuesta del propietario\" data-only-rating-locale=\"Esta usuario solo dej\u00f3 una calificaci\u00f3n.\" data-pager-autoplay-timeout=\"6\"> <div class=\"ti-widget-container ti-col-4\"> <div class=\"ti-footer ti-footer-grid source-Google\"> <div class=\"ti-fade-container\"> <div class=\"ti-rating-text\"> <strong class=\"ti-rating ti-rating-large\"> EXCELENTE <\/strong> <\/div> <span class=\"ti-stars star-lg\"><trustindex-image class=\"ti-star\" data-imgurl=\"https:\/\/cdn.trustindex.io\/assets\/platform\/Google\/star\/f.svg\" alt=\"Google star 1\" width=\"17\" height=\"17\" loading=\"lazy\"><\/trustindex-image><trustindex-image class=\"ti-star\" data-imgurl=\"https:\/\/cdn.trustindex.io\/assets\/platform\/Google\/star\/f.svg\" alt=\"Google star 2\" width=\"17\" height=\"17\" loading=\"lazy\"><\/trustindex-image><trustindex-image class=\"ti-star\" data-imgurl=\"https:\/\/cdn.trustindex.io\/assets\/platform\/Google\/star\/f.svg\" alt=\"Google star 3\" width=\"17\" height=\"17\" loading=\"lazy\"><\/trustindex-image><trustindex-image class=\"ti-star\" data-imgurl=\"https:\/\/cdn.trustindex.io\/assets\/platform\/Google\/star\/f.svg\" alt=\"Google star 4\" width=\"17\" height=\"17\" loading=\"lazy\"><\/trustindex-image><trustindex-image class=\"ti-star\" data-imgurl=\"https:\/\/cdn.trustindex.io\/assets\/platform\/Google\/star\/f.svg\" alt=\"Google star 5\" width=\"17\" height=\"17\" loading=\"lazy\"><\/trustindex-image><\/span> <div class=\"ti-rating-text\"> <span class=\"nowrap\">A base de <strong>570 rese\u00f1as<\/strong><\/span> <\/div> <div class=\"ti-large-logo\"> <div class=\"ti-v-center\"> <trustindex-image class=\"ti-logo-fb\" data-imgurl=\"https:\/\/cdn.trustindex.io\/assets\/platform\/Google\/logo.svg\" width=\"150\" height=\"25\" loading=\"lazy\" alt=\"Google\"><\/trustindex-image> <\/div> <\/div> <\/div> <\/div> <div class=\"ti-reviews-container\"> <div class=\"ti-controls\"> <div class=\"ti-next\" aria-label=\"Siguiente rese\u00f1a\" role=\"button\" tabindex=\"0\"><\/div> <div class=\"ti-prev\" aria-label=\"Rese\u00f1a anterior\" role=\"button\" tabindex=\"0\"><\/div> <\/div> <div class=\"ti-reviews-container-wrapper\">  <div data-empty=\"0\" class=\"ti-review-item source-Google ti-image-layout-thumbnail\" data-time=\"\" data-id=\"cfcd208495d565ef66e7dff9f98764da\" data-language=\"\"> <div class=\"ti-inner\"> <div class=\"ti-review-header\"> <div class=\"ti-platform-icon ti-with-tooltip\"> <span class=\"ti-tooltip\">Publicado en Google<\/span> <trustindex-image data-imgurl=\"https:\/\/cdn.trustindex.io\/assets\/platform\/Google\/icon.svg\" alt=\"Google\" width=\"20\" height=\"20\" loading=\"lazy\"><\/trustindex-image> <\/div> <div class=\"ti-profile-img\"> <trustindex-image data-imgurl=\"https:\/\/lh3.googleusercontent.com\/a\/ACg8ocKWHKmwDoN8jelN8JHWQw2buiU4ji6WyuVq8pcV4kRI=w40-h40-c-rp-mo-br100\" alt=\"Karelys Asencio Torres profile picture\" loading=\"lazy\"><\/trustindex-image> <\/div> <div class=\"ti-profile-details\"> <div class=\"ti-name\"> Karelys Asencio Torres <\/div> <div class=\"ti-date\">05\/03\/2024<\/div> <\/div> <\/div> <span class=\"ti-stars\"><trustindex-image class=\"ti-star\" data-imgurl=\"https:\/\/cdn.trustindex.io\/assets\/platform\/Google\/star\/f.svg\" alt=\"Google star 1\" width=\"17\" height=\"17\" loading=\"lazy\"><\/trustindex-image><trustindex-image class=\"ti-star\" data-imgurl=\"https:\/\/cdn.trustindex.io\/assets\/platform\/Google\/star\/f.svg\" alt=\"Google star 2\" width=\"17\" height=\"17\" loading=\"lazy\"><\/trustindex-image><trustindex-image class=\"ti-star\" data-imgurl=\"https:\/\/cdn.trustindex.io\/assets\/platform\/Google\/star\/f.svg\" alt=\"Google star 3\" width=\"17\" height=\"17\" loading=\"lazy\"><\/trustindex-image><trustindex-image class=\"ti-star\" data-imgurl=\"https:\/\/cdn.trustindex.io\/assets\/platform\/Google\/star\/f.svg\" alt=\"Google star 4\" width=\"17\" height=\"17\" loading=\"lazy\"><\/trustindex-image><trustindex-image class=\"ti-star\" data-imgurl=\"https:\/\/cdn.trustindex.io\/assets\/platform\/Google\/star\/f.svg\" alt=\"Google star 5\" width=\"17\" height=\"17\" loading=\"lazy\"><\/trustindex-image><span class=\"ti-verified-review ti-verified-platform\"><span class=\"ti-verified-tooltip\">Trustindex verifica que la fuente original de la rese\u00f1a sea Google.<\/span><\/span><\/span> <div class=\"ti-review-text-container ti-review-content\"><!-- R-CONTENT -->Esta cl\u00ednica sin duda es la mejor !! El trato en recepci\u00f3n y de los m\u00e9dicos es excepcional. Estoy muy contenta con los resultados. Muchas gracias !<!-- R-CONTENT --><\/div> <span class=\"ti-read-more\" data-container=\".ti-review-content\" data-collapse-text=\"Ocultar\" data-open-text=\"Leer m\u00e1s\"><\/span> <\/div> <\/div>  <div data-empty=\"0\" class=\"ti-review-item source-Google ti-image-layout-thumbnail\" data-time=\"\" data-id=\"cfcd208495d565ef66e7dff9f98764da\" data-language=\"\"> <div class=\"ti-inner\"> <div class=\"ti-review-header\"> <div class=\"ti-platform-icon ti-with-tooltip\"> <span class=\"ti-tooltip\">Publicado en Google<\/span> <trustindex-image data-imgurl=\"https:\/\/cdn.trustindex.io\/assets\/platform\/Google\/icon.svg\" alt=\"Google\" width=\"20\" height=\"20\" loading=\"lazy\"><\/trustindex-image> <\/div> <div class=\"ti-profile-img\"> <trustindex-image data-imgurl=\"https:\/\/lh3.googleusercontent.com\/a\/ACg8ocJx5lc8VzH_Kx5vNl4iC9Qof6IGYcXj03vtn_CJ67tj=w40-h40-c-rp-mo-br100\" alt=\"Vanesa Delgado Arcos profile picture\" loading=\"lazy\"><\/trustindex-image> <\/div> <div class=\"ti-profile-details\"> <div class=\"ti-name\"> Vanesa Delgado Arcos <\/div> <div class=\"ti-date\">01\/03\/2024<\/div> <\/div> <\/div> <span class=\"ti-stars\"><trustindex-image class=\"ti-star\" data-imgurl=\"https:\/\/cdn.trustindex.io\/assets\/platform\/Google\/star\/f.svg\" alt=\"Google star 1\" width=\"17\" height=\"17\" loading=\"lazy\"><\/trustindex-image><trustindex-image class=\"ti-star\" data-imgurl=\"https:\/\/cdn.trustindex.io\/assets\/platform\/Google\/star\/f.svg\" alt=\"Google star 2\" width=\"17\" height=\"17\" loading=\"lazy\"><\/trustindex-image><trustindex-image class=\"ti-star\" data-imgurl=\"https:\/\/cdn.trustindex.io\/assets\/platform\/Google\/star\/f.svg\" alt=\"Google star 3\" width=\"17\" height=\"17\" loading=\"lazy\"><\/trustindex-image><trustindex-image class=\"ti-star\" data-imgurl=\"https:\/\/cdn.trustindex.io\/assets\/platform\/Google\/star\/f.svg\" alt=\"Google star 4\" width=\"17\" height=\"17\" loading=\"lazy\"><\/trustindex-image><trustindex-image class=\"ti-star\" data-imgurl=\"https:\/\/cdn.trustindex.io\/assets\/platform\/Google\/star\/f.svg\" alt=\"Google star 5\" width=\"17\" height=\"17\" loading=\"lazy\"><\/trustindex-image><span class=\"ti-verified-review ti-verified-platform\"><span class=\"ti-verified-tooltip\">Trustindex verifica que la fuente original de la rese\u00f1a sea Google.<\/span><\/span><\/span> <div class=\"ti-review-text-container ti-review-content\"><!-- R-CONTENT -->Much\u00edsima profesionalidad por parte de todo el equipo desde recepci\u00f3n y por supuesto si doctor.Estoy totalmente complacida por el resultado de la operaci\u00f3n y posteriores seguimientos.100%recomendable.<!-- R-CONTENT --><\/div> <span class=\"ti-read-more\" data-container=\".ti-review-content\" data-collapse-text=\"Ocultar\" data-open-text=\"Leer m\u00e1s\"><\/span> <\/div> <\/div>  <div data-empty=\"0\" class=\"ti-review-item source-Google ti-image-layout-thumbnail\" data-time=\"\" data-id=\"cfcd208495d565ef66e7dff9f98764da\" data-language=\"\"> <div class=\"ti-inner\"> <div class=\"ti-review-header\"> <div class=\"ti-platform-icon ti-with-tooltip\"> <span class=\"ti-tooltip\">Publicado en Google<\/span> <trustindex-image data-imgurl=\"https:\/\/cdn.trustindex.io\/assets\/platform\/Google\/icon.svg\" alt=\"Google\" width=\"20\" height=\"20\" loading=\"lazy\"><\/trustindex-image> <\/div> <div class=\"ti-profile-img\"> <trustindex-image data-imgurl=\"https:\/\/lh3.googleusercontent.com\/a-\/ALV-UjViSSX9rp-UKWvltgBF-J8MwK4Ga5nbJvaYsl3jYkAh2LQ=w40-h40-c-rp-mo-br100\" alt=\"Jorge Carnicero profile picture\" loading=\"lazy\"><\/trustindex-image> <\/div> <div class=\"ti-profile-details\"> <div class=\"ti-name\"> Jorge Carnicero <\/div> <div class=\"ti-date\">27\/02\/2024<\/div> <\/div> <\/div> <span class=\"ti-stars\"><trustindex-image class=\"ti-star\" data-imgurl=\"https:\/\/cdn.trustindex.io\/assets\/platform\/Google\/star\/f.svg\" alt=\"Google star 1\" width=\"17\" height=\"17\" loading=\"lazy\"><\/trustindex-image><trustindex-image class=\"ti-star\" data-imgurl=\"https:\/\/cdn.trustindex.io\/assets\/platform\/Google\/star\/f.svg\" alt=\"Google star 2\" width=\"17\" height=\"17\" loading=\"lazy\"><\/trustindex-image><trustindex-image class=\"ti-star\" data-imgurl=\"https:\/\/cdn.trustindex.io\/assets\/platform\/Google\/star\/f.svg\" alt=\"Google star 3\" width=\"17\" height=\"17\" loading=\"lazy\"><\/trustindex-image><trustindex-image class=\"ti-star\" data-imgurl=\"https:\/\/cdn.trustindex.io\/assets\/platform\/Google\/star\/f.svg\" alt=\"Google star 4\" width=\"17\" height=\"17\" loading=\"lazy\"><\/trustindex-image><trustindex-image class=\"ti-star\" data-imgurl=\"https:\/\/cdn.trustindex.io\/assets\/platform\/Google\/star\/f.svg\" alt=\"Google star 5\" width=\"17\" height=\"17\" loading=\"lazy\"><\/trustindex-image><span class=\"ti-verified-review ti-verified-platform\"><span class=\"ti-verified-tooltip\">Trustindex verifica que la fuente original de la rese\u00f1a sea Google.<\/span><\/span><\/span> <div class=\"ti-review-text-container ti-review-content\"><!-- R-CONTENT -->Me oper\u00e9 ya hace un mes con laser de miop\u00eda y no pude tomar mejor decisi\u00f3n, buen asesoramiento desde el principio, un equipo maravilloso que est\u00e1n disponibles para cualquier consulta y unos resultados \u00f3ptimos, sensaci\u00f3n inmejorable poder ver otra vez perfectamente sin necesidad de gafas.<!-- R-CONTENT --><\/div> <span class=\"ti-read-more\" data-container=\".ti-review-content\" data-collapse-text=\"Ocultar\" data-open-text=\"Leer m\u00e1s\"><\/span> <\/div> <\/div>  <div data-empty=\"0\" class=\"ti-review-item source-Google ti-image-layout-thumbnail\" data-time=\"\" data-id=\"cfcd208495d565ef66e7dff9f98764da\" data-language=\"\"> <div class=\"ti-inner\"> <div class=\"ti-review-header\"> <div class=\"ti-platform-icon ti-with-tooltip\"> <span class=\"ti-tooltip\">Publicado en Google<\/span> <trustindex-image data-imgurl=\"https:\/\/cdn.trustindex.io\/assets\/platform\/Google\/icon.svg\" alt=\"Google\" width=\"20\" height=\"20\" loading=\"lazy\"><\/trustindex-image> <\/div> <div class=\"ti-profile-img\"> <trustindex-image data-imgurl=\"https:\/\/lh3.googleusercontent.com\/a\/ACg8ocLf5YTDoqTOI9RiEgIqmgY0sL1jjWzGDFlZUKGefO3E=w40-h40-c-rp-mo-br100\" alt=\"Carlos \u00c1ngel P\u00e9rez profile picture\" loading=\"lazy\"><\/trustindex-image> <\/div> <div class=\"ti-profile-details\"> <div class=\"ti-name\"> Carlos \u00c1ngel P\u00e9rez <\/div> <div class=\"ti-date\">27\/02\/2024<\/div> <\/div> <\/div> <span class=\"ti-stars\"><trustindex-image class=\"ti-star\" data-imgurl=\"https:\/\/cdn.trustindex.io\/assets\/platform\/Google\/star\/f.svg\" alt=\"Google star 1\" width=\"17\" height=\"17\" loading=\"lazy\"><\/trustindex-image><trustindex-image class=\"ti-star\" data-imgurl=\"https:\/\/cdn.trustindex.io\/assets\/platform\/Google\/star\/f.svg\" alt=\"Google star 2\" width=\"17\" height=\"17\" loading=\"lazy\"><\/trustindex-image><trustindex-image class=\"ti-star\" data-imgurl=\"https:\/\/cdn.trustindex.io\/assets\/platform\/Google\/star\/f.svg\" alt=\"Google star 3\" width=\"17\" height=\"17\" loading=\"lazy\"><\/trustindex-image><trustindex-image class=\"ti-star\" data-imgurl=\"https:\/\/cdn.trustindex.io\/assets\/platform\/Google\/star\/f.svg\" alt=\"Google star 4\" width=\"17\" height=\"17\" loading=\"lazy\"><\/trustindex-image><trustindex-image class=\"ti-star\" data-imgurl=\"https:\/\/cdn.trustindex.io\/assets\/platform\/Google\/star\/f.svg\" alt=\"Google star 5\" width=\"17\" height=\"17\" loading=\"lazy\"><\/trustindex-image><span class=\"ti-verified-review ti-verified-platform\"><span class=\"ti-verified-tooltip\">Trustindex verifica que la fuente original de la rese\u00f1a sea Google.<\/span><\/span><\/span> <div class=\"ti-review-text-container ti-review-content\"><!-- R-CONTENT -->Atenci\u00f3n muy buena de la doctora y de las auxiliares<!-- R-CONTENT --><\/div> <span class=\"ti-read-more\" data-container=\".ti-review-content\" data-collapse-text=\"Ocultar\" data-open-text=\"Leer m\u00e1s\"><\/span> <\/div> <\/div>  <div data-empty=\"0\" class=\"ti-review-item source-Google ti-image-layout-thumbnail\" data-time=\"\" data-id=\"cfcd208495d565ef66e7dff9f98764da\" data-language=\"\"> <div class=\"ti-inner\"> <div class=\"ti-review-header\"> <div class=\"ti-platform-icon ti-with-tooltip\"> <span class=\"ti-tooltip\">Publicado en Google<\/span> <trustindex-image data-imgurl=\"https:\/\/cdn.trustindex.io\/assets\/platform\/Google\/icon.svg\" alt=\"Google\" width=\"20\" height=\"20\" loading=\"lazy\"><\/trustindex-image> <\/div> <div class=\"ti-profile-img\"> <trustindex-image data-imgurl=\"https:\/\/lh3.googleusercontent.com\/a\/ACg8ocLJ9j-vNwboPm0yglVXrs4FTPEon3Om3ZTJi7xaqcjl=w40-h40-c-rp-mo-br100\" alt=\"Virginia Jimenez profile picture\" loading=\"lazy\"><\/trustindex-image> <\/div> <div class=\"ti-profile-details\"> <div class=\"ti-name\"> Virginia Jimenez <\/div> <div class=\"ti-date\">22\/02\/2024<\/div> <\/div> <\/div> <span class=\"ti-stars\"><trustindex-image class=\"ti-star\" data-imgurl=\"https:\/\/cdn.trustindex.io\/assets\/platform\/Google\/star\/f.svg\" alt=\"Google star 1\" width=\"17\" height=\"17\" loading=\"lazy\"><\/trustindex-image><trustindex-image class=\"ti-star\" data-imgurl=\"https:\/\/cdn.trustindex.io\/assets\/platform\/Google\/star\/f.svg\" alt=\"Google star 2\" width=\"17\" height=\"17\" loading=\"lazy\"><\/trustindex-image><trustindex-image class=\"ti-star\" data-imgurl=\"https:\/\/cdn.trustindex.io\/assets\/platform\/Google\/star\/f.svg\" alt=\"Google star 3\" width=\"17\" height=\"17\" loading=\"lazy\"><\/trustindex-image><trustindex-image class=\"ti-star\" data-imgurl=\"https:\/\/cdn.trustindex.io\/assets\/platform\/Google\/star\/f.svg\" alt=\"Google star 4\" width=\"17\" height=\"17\" loading=\"lazy\"><\/trustindex-image><trustindex-image class=\"ti-star\" data-imgurl=\"https:\/\/cdn.trustindex.io\/assets\/platform\/Google\/star\/f.svg\" alt=\"Google star 5\" width=\"17\" height=\"17\" loading=\"lazy\"><\/trustindex-image><span class=\"ti-verified-review ti-verified-platform\"><span class=\"ti-verified-tooltip\">Trustindex verifica que la fuente original de la rese\u00f1a sea Google.<\/span><\/span><\/span> <div class=\"ti-review-text-container ti-review-content\"><!-- R-CONTENT -->He recibido un trato espectacular por parte de todos los trabajadores de la cl\u00ednica de M\u00f3stoles.\nLa operaci\u00f3n me la realiz\u00f3 el doctor Rafael, y sali\u00f3 todo muy muy bien me operado de miop\u00eda y astigmatismo, y el mismo d\u00eda por la noche ya pod\u00eda ver y hacer vida normal. Lo recomiendo 100 por 100.\nLlegue con miedo por que la vista es algo muy delicado y a d\u00eda de hoy la mejor decisi\u00f3n que tom\u00e9 fue quitarme las gafas y hacerlo con ellos.\n\nGracias<!-- R-CONTENT --><\/div> <span class=\"ti-read-more\" data-container=\".ti-review-content\" data-collapse-text=\"Ocultar\" data-open-text=\"Leer m\u00e1s\"><\/span> <\/div> <\/div>  <div data-empty=\"0\" class=\"ti-review-item source-Google ti-image-layout-thumbnail\" data-time=\"\" data-id=\"cfcd208495d565ef66e7dff9f98764da\" data-language=\"\"> <div class=\"ti-inner\"> <div class=\"ti-review-header\"> <div class=\"ti-platform-icon ti-with-tooltip\"> <span class=\"ti-tooltip\">Publicado en Google<\/span> <trustindex-image data-imgurl=\"https:\/\/cdn.trustindex.io\/assets\/platform\/Google\/icon.svg\" alt=\"Google\" width=\"20\" height=\"20\" loading=\"lazy\"><\/trustindex-image> <\/div> <div class=\"ti-profile-img\"> <trustindex-image data-imgurl=\"https:\/\/lh3.googleusercontent.com\/a-\/ALV-UjVdbd3Sm-F_C3qjnSPIEeZ28H3K404OeYdISk2TIzCrhH0=w40-h40-c-rp-mo-ba2-br100\" alt=\"Isidro Hoyas profile picture\" loading=\"lazy\"><\/trustindex-image> <\/div> <div class=\"ti-profile-details\"> <div class=\"ti-name\"> Isidro Hoyas <\/div> <div class=\"ti-date\">20\/02\/2024<\/div> <\/div> <\/div> <span class=\"ti-stars\"><trustindex-image class=\"ti-star\" data-imgurl=\"https:\/\/cdn.trustindex.io\/assets\/platform\/Google\/star\/f.svg\" alt=\"Google star 1\" width=\"17\" height=\"17\" loading=\"lazy\"><\/trustindex-image><trustindex-image class=\"ti-star\" data-imgurl=\"https:\/\/cdn.trustindex.io\/assets\/platform\/Google\/star\/f.svg\" alt=\"Google star 2\" width=\"17\" height=\"17\" loading=\"lazy\"><\/trustindex-image><trustindex-image class=\"ti-star\" data-imgurl=\"https:\/\/cdn.trustindex.io\/assets\/platform\/Google\/star\/f.svg\" alt=\"Google star 3\" width=\"17\" height=\"17\" loading=\"lazy\"><\/trustindex-image><trustindex-image class=\"ti-star\" data-imgurl=\"https:\/\/cdn.trustindex.io\/assets\/platform\/Google\/star\/f.svg\" alt=\"Google star 4\" width=\"17\" height=\"17\" loading=\"lazy\"><\/trustindex-image><trustindex-image class=\"ti-star\" data-imgurl=\"https:\/\/cdn.trustindex.io\/assets\/platform\/Google\/star\/f.svg\" alt=\"Google star 5\" width=\"17\" height=\"17\" loading=\"lazy\"><\/trustindex-image><span class=\"ti-verified-review ti-verified-platform\"><span class=\"ti-verified-tooltip\">Trustindex verifica que la fuente original de la rese\u00f1a sea Google.<\/span><\/span><\/span> <div class=\"ti-review-text-container ti-review-content\"><!-- R-CONTENT -->Buenos profesionales y las chicas muy amables y atentas<!-- R-CONTENT --><\/div> <span class=\"ti-read-more\" data-container=\".ti-review-content\" data-collapse-text=\"Ocultar\" data-open-text=\"Leer m\u00e1s\"><\/span> <\/div> <\/div>  <\/div> <div class=\"ti-controls-line\"> <div class=\"dot\"><\/div> <\/div>   <\/div> <\/div> <\/div> <\/template><\/pre><div data-src=\"https:\/\/cdn.trustindex.io\/loader.js?wp-widget\" data-template-id=\"trustindex-google-widget-html\" data-css-url=\"https:\/\/cdn.clinicabaviera.com\/blog\/wp-content\/uploads\/trustindex-google-widget.css?1774511208\"><\/div>\n<hr \/>\n<p>&nbsp;<\/p>\n","protected":false},"excerpt":{"rendered":"<p>El cristalino del ojo es una de las partes m\u00e1s importantes del aparato visual, aunque, por lo general, no es tan mencionado como otras, especialmente la retina y la c\u00f3rnea. Eso no quiere decir, sin embargo, que su funci\u00f3n en el proceso visual sea secundaria o menos importante que la del resto de partes del [&hellip;]<\/p>\n","protected":false},"author":32,"featured_media":12565,"comment_status":"open","ping_status":"closed","sticky":false,"template":"","format":"standard","meta":{"jetpack_post_was_ever_published":false,"_jetpack_newsletter_access":"","_jetpack_dont_email_post_to_subs":false,"_jetpack_newsletter_tier_id":0,"_jetpack_memberships_contains_paywalled_content":false,"_jetpack_memberships_contains_paid_content":false,"footnotes":""},"categories":[1146],"tags":[2076],"ppma_author":[2342],"class_list":["post-12564","post","type-post","status-publish","format-standard","has-post-thumbnail","hentry","category-vive-la-vida-sin-gafas","tag-cristalino-del-ojo"],"yoast_head":"<!-- This site is optimized with the Yoast SEO plugin v27.5 - https:\/\/yoast.com\/product\/yoast-seo-wordpress\/ -->\n<title>Cristalino del ojo: qu\u00e9 es, anatom\u00eda y funciones | Blog de Baviera<\/title>\n<meta name=\"description\" content=\"El cristalino del ojo cumple una funci\u00f3n vital dentro del proceso visual. La elasticidad y su capacidad de acomodaci\u00f3n depende de la edad \u27a5 \u00a1INF\u00d3RMATE!\" \/>\n<meta name=\"robots\" content=\"index, follow, max-snippet:-1, max-image-preview:large, max-video-preview:-1\" \/>\n<link rel=\"canonical\" href=\"https:\/\/www.clinicabaviera.com\/blog\/cristalino-del-ojo-anatomia-funciones\/\" \/>\n<meta property=\"og:locale\" content=\"es_ES\" \/>\n<meta property=\"og:type\" content=\"article\" \/>\n<meta property=\"og:title\" content=\"Cristalino del ojo: qu\u00e9 es, anatom\u00eda y funciones | Blog de Baviera\" \/>\n<meta property=\"og:description\" content=\"El cristalino del ojo cumple una funci\u00f3n vital dentro del proceso visual. La elasticidad y su capacidad de acomodaci\u00f3n depende de la edad \u27a5 \u00a1INF\u00d3RMATE!\" \/>\n<meta property=\"og:url\" content=\"https:\/\/www.clinicabaviera.com\/blog\/cristalino-del-ojo-anatomia-funciones\/\" \/>\n<meta property=\"og:site_name\" content=\"Blog de Baviera antes Cl\u00ednica Baviera\" \/>\n<meta property=\"article:publisher\" content=\"https:\/\/www.facebook.com\/CLINICABAVIERA\" \/>\n<meta property=\"article:published_time\" content=\"2024-10-08T07:00:15+00:00\" \/>\n<meta property=\"article:modified_time\" content=\"2026-01-22T13:57:19+00:00\" \/>\n<meta property=\"og:image\" content=\"https:\/\/cdn.clinicabaviera.com\/blog\/wp-content\/uploads\/2018\/02\/iStock-155232770.jpg\" \/>\n\t<meta property=\"og:image:width\" content=\"725\" \/>\n\t<meta property=\"og:image:height\" content=\"482\" \/>\n\t<meta property=\"og:image:type\" content=\"image\/jpeg\" \/>\n<meta name=\"author\" content=\"Dra. Rosa Rodr\u00edguez-Conde\" \/>\n<meta name=\"twitter:card\" content=\"summary_large_image\" \/>\n<meta name=\"twitter:label1\" content=\"Escrito por\" \/>\n\t<meta name=\"twitter:data1\" content=\"Baviera\" \/>\n\t<meta name=\"twitter:label2\" content=\"Tiempo de lectura\" \/>\n\t<meta name=\"twitter:data2\" content=\"8 minutos\" \/>\n<!-- \/ Yoast SEO plugin. -->","yoast_head_json":{"title":"Cristalino del ojo: qu\u00e9 es, anatom\u00eda y funciones | Blog de Baviera","description":"El cristalino del ojo cumple una funci\u00f3n vital dentro del proceso visual. La elasticidad y su capacidad de acomodaci\u00f3n depende de la edad \u27a5 \u00a1INF\u00d3RMATE!","robots":{"index":"index","follow":"follow","max-snippet":"max-snippet:-1","max-image-preview":"max-image-preview:large","max-video-preview":"max-video-preview:-1"},"canonical":"https:\/\/www.clinicabaviera.com\/blog\/cristalino-del-ojo-anatomia-funciones\/","og_locale":"es_ES","og_type":"article","og_title":"Cristalino del ojo: qu\u00e9 es, anatom\u00eda y funciones | Blog de Baviera","og_description":"El cristalino del ojo cumple una funci\u00f3n vital dentro del proceso visual. La elasticidad y su capacidad de acomodaci\u00f3n depende de la edad \u27a5 \u00a1INF\u00d3RMATE!","og_url":"https:\/\/www.clinicabaviera.com\/blog\/cristalino-del-ojo-anatomia-funciones\/","og_site_name":"Blog de Baviera antes Cl\u00ednica Baviera","article_publisher":"https:\/\/www.facebook.com\/CLINICABAVIERA","article_published_time":"2024-10-08T07:00:15+00:00","article_modified_time":"2026-01-22T13:57:19+00:00","og_image":[{"width":725,"height":482,"url":"https:\/\/cdn.clinicabaviera.com\/blog\/wp-content\/uploads\/2018\/02\/iStock-155232770.jpg","type":"image\/jpeg"}],"author":"Dra. Rosa Rodr\u00edguez-Conde","twitter_card":"summary_large_image","twitter_misc":{"Escrito por":"Baviera","Tiempo de lectura":"8 minutos"},"schema":{"@context":"https:\/\/schema.org","@graph":[{"@type":"Article","@id":"https:\/\/www.clinicabaviera.com\/blog\/cristalino-del-ojo-anatomia-funciones\/#article","isPartOf":{"@id":"https:\/\/www.clinicabaviera.com\/blog\/cristalino-del-ojo-anatomia-funciones\/"},"author":{"name":"Baviera","@id":"https:\/\/www.clinicabaviera.com\/blog\/#\/schema\/person\/270d1d95c988a639b67dc61310bab160"},"headline":"Cristalino del ojo: qu\u00e9 es, funciones y afecciones","datePublished":"2024-10-08T07:00:15+00:00","dateModified":"2026-01-22T13:57:19+00:00","mainEntityOfPage":{"@id":"https:\/\/www.clinicabaviera.com\/blog\/cristalino-del-ojo-anatomia-funciones\/"},"wordCount":1477,"commentCount":1,"publisher":{"@id":"https:\/\/www.clinicabaviera.com\/blog\/#organization"},"image":{"@id":"https:\/\/www.clinicabaviera.com\/blog\/cristalino-del-ojo-anatomia-funciones\/#primaryimage"},"thumbnailUrl":"https:\/\/cdn.clinicabaviera.com\/blog\/wp-content\/uploads\/2018\/02\/iStock-155232770.jpg","keywords":["cristalino del ojo"],"articleSection":["Vive la vida sin gafas"],"inLanguage":"es","potentialAction":[{"@type":"CommentAction","name":"Comment","target":["https:\/\/www.clinicabaviera.com\/blog\/cristalino-del-ojo-anatomia-funciones\/#respond"]}]},{"@type":"WebPage","@id":"https:\/\/www.clinicabaviera.com\/blog\/cristalino-del-ojo-anatomia-funciones\/","url":"https:\/\/www.clinicabaviera.com\/blog\/cristalino-del-ojo-anatomia-funciones\/","name":"Cristalino del ojo: qu\u00e9 es, anatom\u00eda y funciones | Blog de Baviera","isPartOf":{"@id":"https:\/\/www.clinicabaviera.com\/blog\/#website"},"primaryImageOfPage":{"@id":"https:\/\/www.clinicabaviera.com\/blog\/cristalino-del-ojo-anatomia-funciones\/#primaryimage"},"image":{"@id":"https:\/\/www.clinicabaviera.com\/blog\/cristalino-del-ojo-anatomia-funciones\/#primaryimage"},"thumbnailUrl":"https:\/\/cdn.clinicabaviera.com\/blog\/wp-content\/uploads\/2018\/02\/iStock-155232770.jpg","datePublished":"2024-10-08T07:00:15+00:00","dateModified":"2026-01-22T13:57:19+00:00","description":"El cristalino del ojo cumple una funci\u00f3n vital dentro del proceso visual. La elasticidad y su capacidad de acomodaci\u00f3n depende de la edad \u27a5 \u00a1INF\u00d3RMATE!","breadcrumb":{"@id":"https:\/\/www.clinicabaviera.com\/blog\/cristalino-del-ojo-anatomia-funciones\/#breadcrumb"},"inLanguage":"es","potentialAction":[{"@type":"ReadAction","target":["https:\/\/www.clinicabaviera.com\/blog\/cristalino-del-ojo-anatomia-funciones\/"]}]},{"@type":"ImageObject","inLanguage":"es","@id":"https:\/\/www.clinicabaviera.com\/blog\/cristalino-del-ojo-anatomia-funciones\/#primaryimage","url":"https:\/\/cdn.clinicabaviera.com\/blog\/wp-content\/uploads\/2018\/02\/iStock-155232770.jpg","contentUrl":"https:\/\/cdn.clinicabaviera.com\/blog\/wp-content\/uploads\/2018\/02\/iStock-155232770.jpg","width":725,"height":482,"caption":"Ojo verde con reflejos amarillos"},{"@type":"BreadcrumbList","@id":"https:\/\/www.clinicabaviera.com\/blog\/cristalino-del-ojo-anatomia-funciones\/#breadcrumb","itemListElement":[{"@type":"ListItem","position":1,"name":"Inicio","item":"https:\/\/www.clinicabaviera.com\/blog\/"},{"@type":"ListItem","position":2,"name":"Cristalino del ojo: qu\u00e9 es, funciones y afecciones"}]},{"@type":"WebSite","@id":"https:\/\/www.clinicabaviera.com\/blog\/#website","url":"https:\/\/www.clinicabaviera.com\/blog\/","name":"Blog de Baviera antes Cl\u00ednica Baviera","description":"Informaci\u00f3n sobre la salud visual","publisher":{"@id":"https:\/\/www.clinicabaviera.com\/blog\/#organization"},"potentialAction":[{"@type":"SearchAction","target":{"@type":"EntryPoint","urlTemplate":"https:\/\/www.clinicabaviera.com\/blog\/?s={search_term_string}"},"query-input":{"@type":"PropertyValueSpecification","valueRequired":true,"valueName":"search_term_string"}}],"inLanguage":"es"},{"@type":"Organization","@id":"https:\/\/www.clinicabaviera.com\/blog\/#organization","name":"Blog de Baviera antes Cl\u00ednica Baviera","url":"https:\/\/www.clinicabaviera.com\/blog\/","logo":{"@type":"ImageObject","inLanguage":"es","@id":"https:\/\/www.clinicabaviera.com\/blog\/#\/schema\/logo\/image\/","url":"https:\/\/cdn.clinicabaviera.com\/blog\/wp-content\/uploads\/2021\/02\/logo.png","contentUrl":"https:\/\/cdn.clinicabaviera.com\/blog\/wp-content\/uploads\/2021\/02\/logo.png","width":526,"height":164,"caption":"Blog de Baviera antes Cl\u00ednica Baviera"},"image":{"@id":"https:\/\/www.clinicabaviera.com\/blog\/#\/schema\/logo\/image\/"},"sameAs":["https:\/\/www.facebook.com\/CLINICABAVIERA"]},{"@type":"Person","@id":"https:\/\/www.clinicabaviera.com\/blog\/#\/schema\/person\/270d1d95c988a639b67dc61310bab160","name":"Baviera","image":{"@type":"ImageObject","inLanguage":"es","@id":"https:\/\/secure.gravatar.com\/avatar\/42a40e8ec87f641c432e1d26de1889d972e43e42112c5d9b8d40eb54464d0ae2?s=96&d=mm&r=gef2b89094652fed58222648d7f6868b9","url":"https:\/\/secure.gravatar.com\/avatar\/42a40e8ec87f641c432e1d26de1889d972e43e42112c5d9b8d40eb54464d0ae2?s=96&d=mm&r=g","contentUrl":"https:\/\/secure.gravatar.com\/avatar\/42a40e8ec87f641c432e1d26de1889d972e43e42112c5d9b8d40eb54464d0ae2?s=96&d=mm&r=g","caption":"Baviera"},"url":"https:\/\/www.clinicabaviera.com\/blog\/author\/wordpressmarketinet\/"}]}},"jetpack_featured_media_url":"https:\/\/cdn.clinicabaviera.com\/blog\/wp-content\/uploads\/2018\/02\/iStock-155232770.jpg","jetpack_shortlink":"https:\/\/wp.me\/p3aNmD-3gE","jetpack_sharing_enabled":true,"authors":[{"term_id":2342,"user_id":0,"is_guest":1,"slug":"dra-rosa-rodriguez-conde","display_name":"Dra. Rosa Rodr\u00edguez-Conde","avatar_url":{"url":"https:\/\/cdn.clinicabaviera.com\/blog\/wp-content\/uploads\/2022\/12\/Dra.-Rosa-Rodriguez-Conde-min.jpg","url2x":"https:\/\/cdn.clinicabaviera.com\/blog\/wp-content\/uploads\/2022\/12\/Dra.-Rosa-Rodriguez-Conde-min.jpg"},"0":null,"1":"","2":"","3":"","4":"","5":"","6":"","7":"","8":""}],"_links":{"self":[{"href":"https:\/\/www.clinicabaviera.com\/blog\/wp-json\/wp\/v2\/posts\/12564","targetHints":{"allow":["GET"]}}],"collection":[{"href":"https:\/\/www.clinicabaviera.com\/blog\/wp-json\/wp\/v2\/posts"}],"about":[{"href":"https:\/\/www.clinicabaviera.com\/blog\/wp-json\/wp\/v2\/types\/post"}],"author":[{"embeddable":true,"href":"https:\/\/www.clinicabaviera.com\/blog\/wp-json\/wp\/v2\/users\/32"}],"replies":[{"embeddable":true,"href":"https:\/\/www.clinicabaviera.com\/blog\/wp-json\/wp\/v2\/comments?post=12564"}],"version-history":[{"count":22,"href":"https:\/\/www.clinicabaviera.com\/blog\/wp-json\/wp\/v2\/posts\/12564\/revisions"}],"predecessor-version":[{"id":36410,"href":"https:\/\/www.clinicabaviera.com\/blog\/wp-json\/wp\/v2\/posts\/12564\/revisions\/36410"}],"wp:featuredmedia":[{"embeddable":true,"href":"https:\/\/www.clinicabaviera.com\/blog\/wp-json\/wp\/v2\/media\/12565"}],"wp:attachment":[{"href":"https:\/\/www.clinicabaviera.com\/blog\/wp-json\/wp\/v2\/media?parent=12564"}],"wp:term":[{"taxonomy":"category","embeddable":true,"href":"https:\/\/www.clinicabaviera.com\/blog\/wp-json\/wp\/v2\/categories?post=12564"},{"taxonomy":"post_tag","embeddable":true,"href":"https:\/\/www.clinicabaviera.com\/blog\/wp-json\/wp\/v2\/tags?post=12564"},{"taxonomy":"author","embeddable":true,"href":"https:\/\/www.clinicabaviera.com\/blog\/wp-json\/wp\/v2\/ppma_author?post=12564"}],"curies":[{"name":"wp","href":"https:\/\/api.w.org\/{rel}","templated":true}]}}