{"id":13907,"date":"2022-11-13T09:00:30","date_gmt":"2022-11-13T07:00:30","guid":{"rendered":"https:\/\/www.clinicabaviera.com\/blog\/?p=13907"},"modified":"2025-02-14T12:37:26","modified_gmt":"2025-02-14T11:37:26","slug":"aura-visual-por-estres-factores-de-riesgo-y-como-prevenirla","status":"publish","type":"post","link":"https:\/\/www.clinicabaviera.com\/blog\/aura-visual-por-estres-factores-de-riesgo-y-como-prevenirla\/","title":{"rendered":"Aura visual por estr\u00e9s: factores de riesgo y c\u00f3mo prevenirla"},"content":{"rendered":"\n\n<div class=\"kk-star-ratings kksr-auto kksr-align-left kksr-valign-top\"\n    data-payload='{&quot;align&quot;:&quot;left&quot;,&quot;id&quot;:&quot;13907&quot;,&quot;slug&quot;:&quot;default&quot;,&quot;valign&quot;:&quot;top&quot;,&quot;ignore&quot;:&quot;&quot;,&quot;reference&quot;:&quot;auto&quot;,&quot;class&quot;:&quot;&quot;,&quot;count&quot;:&quot;151&quot;,&quot;legendonly&quot;:&quot;&quot;,&quot;readonly&quot;:&quot;&quot;,&quot;score&quot;:&quot;4.8&quot;,&quot;starsonly&quot;:&quot;&quot;,&quot;best&quot;:&quot;5&quot;,&quot;gap&quot;:&quot;4&quot;,&quot;greet&quot;:&quot;Rate this post&quot;,&quot;legend&quot;:&quot;4.8\\\/5 - (151 votos)&quot;,&quot;size&quot;:&quot;15&quot;,&quot;title&quot;:&quot;Aura visual por estr\u00e9s: factores de riesgo y c\u00f3mo prevenirla&quot;,&quot;width&quot;:&quot;89.2&quot;,&quot;_legend&quot;:&quot;{score}\\\/{best} - ({count} {votes})&quot;,&quot;font_factor&quot;:&quot;1.25&quot;}'>\n            \n<div class=\"kksr-stars\">\n    \n<div class=\"kksr-stars-inactive\">\n            <div class=\"kksr-star\" data-star=\"1\" style=\"padding-right: 4px\">\n            \n\n<div class=\"kksr-icon\" style=\"width: 15px; height: 15px;\"><\/div>\n        <\/div>\n            <div class=\"kksr-star\" data-star=\"2\" style=\"padding-right: 4px\">\n            \n\n<div class=\"kksr-icon\" style=\"width: 15px; height: 15px;\"><\/div>\n        <\/div>\n            <div class=\"kksr-star\" data-star=\"3\" style=\"padding-right: 4px\">\n            \n\n<div class=\"kksr-icon\" style=\"width: 15px; height: 15px;\"><\/div>\n        <\/div>\n            <div class=\"kksr-star\" data-star=\"4\" style=\"padding-right: 4px\">\n            \n\n<div class=\"kksr-icon\" style=\"width: 15px; height: 15px;\"><\/div>\n        <\/div>\n            <div class=\"kksr-star\" data-star=\"5\" style=\"padding-right: 4px\">\n            \n\n<div class=\"kksr-icon\" style=\"width: 15px; height: 15px;\"><\/div>\n        <\/div>\n    <\/div>\n    \n<div class=\"kksr-stars-active\" style=\"width: 89.2px;\">\n            <div class=\"kksr-star\" style=\"padding-right: 4px\">\n            \n\n<div class=\"kksr-icon\" style=\"width: 15px; height: 15px;\"><\/div>\n        <\/div>\n            <div class=\"kksr-star\" style=\"padding-right: 4px\">\n            \n\n<div class=\"kksr-icon\" style=\"width: 15px; height: 15px;\"><\/div>\n        <\/div>\n            <div class=\"kksr-star\" style=\"padding-right: 4px\">\n            \n\n<div class=\"kksr-icon\" style=\"width: 15px; height: 15px;\"><\/div>\n        <\/div>\n            <div class=\"kksr-star\" style=\"padding-right: 4px\">\n            \n\n<div class=\"kksr-icon\" style=\"width: 15px; height: 15px;\"><\/div>\n        <\/div>\n            <div class=\"kksr-star\" style=\"padding-right: 4px\">\n            \n\n<div class=\"kksr-icon\" style=\"width: 15px; height: 15px;\"><\/div>\n        <\/div>\n    <\/div>\n<\/div>\n                \n\n<div class=\"kksr-legend\" style=\"font-size: 12px;\">\n            4.8\/5 - (151 votos)    <\/div>\n    <\/div>\n<p><span style=\"font-weight: 400;\">Tener episodios de <\/span><b>aura visual por estr\u00e9s <\/b><span style=\"font-weight: 400;\">significa sufrir una serie de alteraciones visuales como haces de luz en forma de zigzag, que anuncian un dolor de cabeza o migra\u00f1a.\u00a0<\/span><\/p>\n<p><span style=\"font-weight: 400;\">El motivo m\u00e1s frecuente de dolor de cabeza, precedido o no de aura o de otros fen\u00f3menos visuales como la aparici\u00f3n s\u00fabita de manchas en el campo de visi\u00f3n, la visi\u00f3n de t\u00fanel, la visi\u00f3n borrosa o el dolor ocular, es el estr\u00e9s.<\/span><\/p>\n<div id=\"ez-toc-container\" class=\"ez-toc-v2_0_82_2 ez-toc-wrap-center counter-hierarchy ez-toc-counter ez-toc-custom ez-toc-container-direction\">\n<div class=\"ez-toc-title-container\">\n<p class=\"ez-toc-title\" style=\"cursor:inherit\">\u00cdndice<\/p>\n<span class=\"ez-toc-title-toggle\"><\/span><\/div>\n<nav><ul class='ez-toc-list ez-toc-list-level-1 ' ><li class='ez-toc-page-1 ez-toc-heading-level-2'><a class=\"ez-toc-link ez-toc-heading-1\" href=\"https:\/\/www.clinicabaviera.com\/blog\/aura-visual-por-estres-factores-de-riesgo-y-como-prevenirla\/#%C2%BFEs_peligrosa_la_vision_de_esta_aura_visual\" >\u00bfEs peligrosa la visi\u00f3n de esta aura visual?<\/a><\/li><li class='ez-toc-page-1 ez-toc-heading-level-2'><a class=\"ez-toc-link ez-toc-heading-2\" href=\"https:\/\/www.clinicabaviera.com\/blog\/aura-visual-por-estres-factores-de-riesgo-y-como-prevenirla\/#%C2%BFCuanto_suele_durar_la_vision_del_aura_y_el_dolor_de_cabeza_que_aparece_luego\" >\u00bfCu\u00e1nto suele durar la visi\u00f3n del aura y el dolor de cabeza que aparece luego?<\/a><\/li><li class='ez-toc-page-1 ez-toc-heading-level-2'><a class=\"ez-toc-link ez-toc-heading-3\" href=\"https:\/\/www.clinicabaviera.com\/blog\/aura-visual-por-estres-factores-de-riesgo-y-como-prevenirla\/#%C2%BFCuales_son_las_principales_caracteristicas_de_la_migrana_con_aura\" >\u00bfCu\u00e1les son las principales caracter\u00edsticas de la migra\u00f1a con aura?<\/a><\/li><li class='ez-toc-page-1 ez-toc-heading-level-2'><a class=\"ez-toc-link ez-toc-heading-4\" href=\"https:\/\/www.clinicabaviera.com\/blog\/aura-visual-por-estres-factores-de-riesgo-y-como-prevenirla\/#%C2%BFCuales_son_los_principales_sintomas_visuales_del_aura_por_estres\" >\u00bfCu\u00e1les son los principales s\u00edntomas visuales del aura por estr\u00e9s?<\/a><\/li><li class='ez-toc-page-1 ez-toc-heading-level-2'><a class=\"ez-toc-link ez-toc-heading-5\" href=\"https:\/\/www.clinicabaviera.com\/blog\/aura-visual-por-estres-factores-de-riesgo-y-como-prevenirla\/#%C2%BFQue_recomendaciones_seguir_para_combatir_el_aura_visual_por_estres\" >\u00bfQu\u00e9 recomendaciones seguir para combatir el aura visual por estr\u00e9s?<\/a><\/li><li class='ez-toc-page-1 ez-toc-heading-level-2'><a class=\"ez-toc-link ez-toc-heading-6\" href=\"https:\/\/www.clinicabaviera.com\/blog\/aura-visual-por-estres-factores-de-riesgo-y-como-prevenirla\/#%C2%BFCuando_acudir_al_medico\" >\u00bfCu\u00e1ndo acudir al m\u00e9dico?<\/a><\/li><li class='ez-toc-page-1 ez-toc-heading-level-2'><a class=\"ez-toc-link ez-toc-heading-7\" href=\"https:\/\/www.clinicabaviera.com\/blog\/aura-visual-por-estres-factores-de-riesgo-y-como-prevenirla\/#%C2%BFComo_afecta_el_estres_a_la_vista\" >\u00bfC\u00f3mo afecta el estr\u00e9s a la vista?<\/a><\/li><li class='ez-toc-page-1 ez-toc-heading-level-2'><a class=\"ez-toc-link ez-toc-heading-8\" href=\"https:\/\/www.clinicabaviera.com\/blog\/aura-visual-por-estres-factores-de-riesgo-y-como-prevenirla\/#Fuentes\" >Fuentes<\/a><\/li><\/ul><\/nav><\/div>\n\n<h2><span class=\"ez-toc-section\" id=\"%C2%BFEs_peligrosa_la_vision_de_esta_aura_visual\"><\/span><span style=\"font-weight: 400;\">\u00bfEs peligrosa la visi\u00f3n de esta aura visual?<\/span><span class=\"ez-toc-section-end\"><\/span><\/h2>\n<p><span style=\"font-weight: 400;\">En principio, la\u00a0 visi\u00f3n de estos centelleos en forma zigzag no es m\u00e1s que un s\u00edntoma previo a una <\/span><a href=\"https:\/\/www.clinicabaviera.com\/migrana-ocular-oftalmica\"><span style=\"font-weight: 400;\">migra\u00f1a<\/span><\/a><span style=\"font-weight: 400;\">, por lo que no representa un problema de salud grave ni va a dejar secuelas.<\/span><\/p>\n<p><a href=\"https:\/\/cloud.info.clinicabaviera.com\/ojo-con-tus-ojos\"><img loading=\"lazy\" decoding=\"async\" data-attachment-id=\"35824\" data-permalink=\"https:\/\/www.clinicabaviera.com\/blog\/bye-bye-gafas\/distancia-para-ver-la-tv-cual-es-la-mejor\/ojo_con_tus_ojos_horizontal-2\/\" data-orig-file=\"https:\/\/cdn.clinicabaviera.com\/blog\/wp-content\/uploads\/2025\/01\/Ojo_con_tus_ojos_horizontal.jpg\" data-orig-size=\"751,367\" data-comments-opened=\"1\" data-image-meta=\"{&quot;aperture&quot;:&quot;0&quot;,&quot;credit&quot;:&quot;&quot;,&quot;camera&quot;:&quot;&quot;,&quot;caption&quot;:&quot;&quot;,&quot;created_timestamp&quot;:&quot;0&quot;,&quot;copyright&quot;:&quot;&quot;,&quot;focal_length&quot;:&quot;0&quot;,&quot;iso&quot;:&quot;0&quot;,&quot;shutter_speed&quot;:&quot;0&quot;,&quot;title&quot;:&quot;&quot;,&quot;orientation&quot;:&quot;0&quot;}\" data-image-title=\"Ojo_con_tus_ojos_horizontal\" data-image-description=\"\" data-image-caption=\"\" data-large-file=\"https:\/\/cdn.clinicabaviera.com\/blog\/wp-content\/uploads\/2025\/01\/Ojo_con_tus_ojos_horizontal.jpg\" class=\"aligncenter wp-image-35824 size-full\" src=\"https:\/\/cdn.clinicabaviera.com\/blog\/wp-content\/uploads\/2025\/01\/Ojo_con_tus_ojos_horizontal.jpg\" alt=\"\" width=\"751\" height=\"367\" srcset=\"https:\/\/cdn.clinicabaviera.com\/blog\/wp-content\/uploads\/2025\/01\/Ojo_con_tus_ojos_horizontal.jpg 751w, https:\/\/cdn.clinicabaviera.com\/blog\/wp-content\/uploads\/2025\/01\/Ojo_con_tus_ojos_horizontal-300x147.jpg 300w, https:\/\/cdn.clinicabaviera.com\/blog\/wp-content\/uploads\/2025\/01\/Ojo_con_tus_ojos_horizontal-200x98.jpg 200w\" sizes=\"auto, (max-width: 751px) 100vw, 751px\" \/><\/a><\/p>\n<h2><span class=\"ez-toc-section\" id=\"%C2%BFCuanto_suele_durar_la_vision_del_aura_y_el_dolor_de_cabeza_que_aparece_luego\"><\/span><span style=\"font-weight: 400;\">\u00bfCu\u00e1nto suele durar la visi\u00f3n del aura y el dolor de cabeza que aparece luego?<\/span><span class=\"ez-toc-section-end\"><\/span><\/h2>\n<ul>\n<li style=\"font-weight: 400;\" aria-level=\"1\"><span style=\"font-weight: 400;\">Por lo general, la visi\u00f3n del aura no suele durar m\u00e1s de unos pocos minutos.\u00a0<\/span><\/li>\n<li style=\"font-weight: 400;\" aria-level=\"1\"><span style=\"font-weight: 400;\">Despu\u00e9s del aura aparece\u00a0 el t\u00edpico dolor de cabeza, m\u00e1s o menos intenso seg\u00fan la persona o el episodio concreto. Su duraci\u00f3n puede ser desde varias horas hasta varios d\u00edas.<\/span><\/li>\n<\/ul>\n<h2><span class=\"ez-toc-section\" id=\"%C2%BFCuales_son_las_principales_caracteristicas_de_la_migrana_con_aura\"><\/span><span style=\"font-weight: 400;\">\u00bfCu\u00e1les son las principales caracter\u00edsticas de la migra\u00f1a con aura?<\/span><span class=\"ez-toc-section-end\"><\/span><\/h2>\n<p><span style=\"font-weight: 400;\">La <\/span><a href=\"https:\/\/www.clinicabaviera.com\/migrana-con-aura\"><span style=\"font-weight: 400;\">migra\u00f1a con aura<\/span><\/a><span style=\"font-weight: 400;\">, conocida tambi\u00e9n como migra\u00f1a oft\u00e1lmica, no difiere demasiado del resto de migra\u00f1as, salvo por la aparici\u00f3n de estos s\u00edntomas visuales que preceden al <\/span><a href=\"https:\/\/www.clinicabaviera.com\/blog\/dolor-o-pinchazos-en-la-cabeza\/\"><span style=\"font-weight: 400;\">dolor de cabeza<\/span><\/a><span style=\"font-weight: 400;\">.<\/span><\/p>\n<p><span style=\"font-weight: 400;\">Como la otras migra\u00f1as, la migra\u00f1a con aura se caracteriza por:<\/span><\/p>\n<ul>\n<li style=\"font-weight: 400;\" aria-level=\"1\"><span style=\"font-weight: 400;\">Suele aparecer en la juventud y es cr\u00f3nica y c\u00edclica, aunque los episodios pueden espaciarse mucho, pudiendo pasar varios meses y hasta a\u00f1os sin que el paciente sufra ninguno.<\/span><\/li>\n<li style=\"font-weight: 400;\" aria-level=\"1\"><span style=\"font-weight: 400;\">El dolor suele situarse en un solo lado del cr\u00e1neo.<\/span><\/li>\n<li style=\"font-weight: 400;\" aria-level=\"1\"><span style=\"font-weight: 400;\">El dolor suele empeorar si se realiza un esfuerzo mental o f\u00edsico y si existe falta de sue\u00f1o.<\/span><\/li>\n<li style=\"font-weight: 400;\" aria-level=\"1\"><span style=\"font-weight: 400;\">Uno de los principales factores desencadenantes es el estr\u00e9s.<\/span><\/li>\n<\/ul>\n<p><span class=\"embed-youtube\" style=\"text-align:center; display: block;\"><iframe loading=\"lazy\" class=\"youtube-player\" width=\"640\" height=\"360\" src=\"https:\/\/www.youtube.com\/embed\/aONHG0oZqww?version=3&#038;rel=1&#038;showsearch=0&#038;showinfo=1&#038;iv_load_policy=1&#038;fs=1&#038;hl=es-ES&#038;autohide=2&#038;wmode=transparent\" allowfullscreen=\"true\" style=\"border:0;\" sandbox=\"allow-scripts allow-same-origin allow-popups allow-presentation allow-popups-to-escape-sandbox\"><\/iframe><\/span><\/p>\n<h2><span class=\"ez-toc-section\" id=\"%C2%BFCuales_son_los_principales_sintomas_visuales_del_aura_por_estres\"><\/span><span style=\"font-weight: 400;\">\u00bfCu\u00e1les son los principales s\u00edntomas visuales del aura por estr\u00e9s?<\/span><span class=\"ez-toc-section-end\"><\/span><\/h2>\n<p><span style=\"font-weight: 400;\">Los principales s\u00edntomas asociados al aura visual por ansiedad o estr\u00e9s son los siguientes:<\/span><\/p>\n<ul>\n<li style=\"font-weight: 400;\" aria-level=\"1\"><span style=\"font-weight: 400;\">Apreciaci\u00f3n de dibujos y l\u00edneas en zigzag en el campo visual.<\/span><\/li>\n<li style=\"font-weight: 400;\" aria-level=\"1\"><span style=\"font-weight: 400;\">Aparici\u00f3n de puntos ciegos en el campo visual (escotomas).\u00a0<\/span><\/li>\n<li style=\"font-weight: 400;\" aria-level=\"1\"><span style=\"font-weight: 400;\">Aparici\u00f3n de destellos, centelleos y zonas brillantes en el campo visual.\u00a0<\/span><\/li>\n<li style=\"font-weight: 400;\" aria-level=\"1\"><span style=\"font-weight: 400;\">Aparici\u00f3n de formas y destellos con cambios de color.\u00a0<\/span><\/li>\n<li style=\"font-weight: 400;\" aria-level=\"1\"><a href=\"https:\/\/www.clinicabaviera.com\/blog\/vision-borrosa-en-un-ojo-por-que\/\"><span style=\"font-weight: 400;\">Visi\u00f3n borrosa<\/span><\/a><span style=\"font-weight: 400;\"> y visi\u00f3n nublada.\u00a0<\/span><\/li>\n<li style=\"font-weight: 400;\" aria-level=\"1\"><a href=\"https:\/\/www.clinicabaviera.com\/blog\/bye-bye-gafas\/que-es-la-fotofobia\/\"><span style=\"font-weight: 400;\">Fotofobia o excesiva sensibilidad a la luz.\u00a0<\/span><\/a><\/li>\n<li style=\"font-weight: 400;\" aria-level=\"1\"><span style=\"font-weight: 400;\">Sensaci\u00f3n de malestar general y debilidad muscular.\u00a0<\/span><\/li>\n<\/ul>\n<h2><span class=\"ez-toc-section\" id=\"%C2%BFQue_recomendaciones_seguir_para_combatir_el_aura_visual_por_estres\"><\/span><span style=\"font-weight: 400;\">\u00bfQu\u00e9 recomendaciones seguir para combatir el aura visual por estr\u00e9s?<\/span><span class=\"ez-toc-section-end\"><\/span><\/h2>\n<p><span style=\"font-weight: 400;\">Si hemos identificado las situaciones de nerviosismo o <\/span><a href=\"https:\/\/www.clinicabaviera.com\/blog\/salud-visual\/como-afecta-el-estres-la-vision\/\"><span style=\"font-weight: 400;\">estr\u00e9s<\/span><\/a><span style=\"font-weight: 400;\"> como el principal factor desencadenante de la migra\u00f1a, debemos intentar evitar o minimizar este estado de \u00e1nimo con actividades y acciones como:<\/span><\/p>\n<ul>\n<li style=\"font-weight: 400;\" aria-level=\"1\"><span style=\"font-weight: 400;\">Hacer deporte, pasear, escuchar m\u00fasica y cualquier actividad que nos resulte relajante y placentera.<\/span><\/li>\n<li style=\"font-weight: 400;\" aria-level=\"1\"><span style=\"font-weight: 400;\">Descansar adecuadamente y evitar situaciones de agotamiento f\u00edsico o mental por exceso de trabajo.<\/span><\/li>\n<li style=\"font-weight: 400;\" aria-level=\"1\"><span style=\"font-weight: 400;\">Delegar tareas y responsabilidades.<\/span><\/li>\n<li style=\"font-weight: 400;\" aria-level=\"1\"><span style=\"font-weight: 400;\">Buscar apoyo en familiares, amigos o ayuda m\u00e9dica si notamos que la necesitamos.<\/span><\/li>\n<\/ul>\n<p><span style=\"font-weight: 400;\">Como hemos dicho, la gran mayor\u00eda de dolores de cabeza no son preocupantes, salvo que su intensidad y\/o frecuencia afecte tanto a nuestra vida profesional o personal que no nos permita disfrutar y desarrollarnos adecuadamente. En este caso debemos acudir a un especialista para recibir el diagn\u00f3stico y tratamiento m\u00e1s eficaz.<\/span><\/p>\n<p><img loading=\"lazy\" decoding=\"async\" data-attachment-id=\"13909\" data-permalink=\"https:\/\/www.clinicabaviera.com\/blog\/aura-visual-por-estres-factores-de-riesgo-y-como-prevenirla\/woman-suffering-headache-on-the-street\/\" data-orig-file=\"https:\/\/cdn.clinicabaviera.com\/blog\/wp-content\/uploads\/2018\/08\/iStock-849151598.jpg\" data-orig-size=\"1254,836\" data-comments-opened=\"1\" data-image-meta=\"{&quot;aperture&quot;:&quot;4&quot;,&quot;credit&quot;:&quot;Getty Images\/iStockphoto&quot;,&quot;camera&quot;:&quot;Canon EOS-1D X Mark II&quot;,&quot;caption&quot;:&quot;Single woman suffering headache walking on the street&quot;,&quot;created_timestamp&quot;:&quot;1503509829&quot;,&quot;copyright&quot;:&quot;This content is subject to copyright.&quot;,&quot;focal_length&quot;:&quot;300&quot;,&quot;iso&quot;:&quot;400&quot;,&quot;shutter_speed&quot;:&quot;0.005&quot;,&quot;title&quot;:&quot;Woman suffering headache on the street&quot;,&quot;orientation&quot;:&quot;1&quot;}\" data-image-title=\"Aura visual por estr\u00e9s: factores de riesgo y c\u00f3mo prevenirla\" data-image-description=\"\" data-image-caption=\"\" data-large-file=\"https:\/\/cdn.clinicabaviera.com\/blog\/wp-content\/uploads\/2018\/08\/iStock-849151598-840x560.jpg\" class=\"alignnone wp-image-13909 size-full\" src=\"https:\/\/cdn.clinicabaviera.com\/blog\/wp-content\/uploads\/2018\/08\/iStock-849151598.jpg\" alt=\"Mujer con camiseta azul se toca la frente\" width=\"1254\" height=\"836\" srcset=\"https:\/\/cdn.clinicabaviera.com\/blog\/wp-content\/uploads\/2018\/08\/iStock-849151598.jpg 1254w, https:\/\/cdn.clinicabaviera.com\/blog\/wp-content\/uploads\/2018\/08\/iStock-849151598-200x133.jpg 200w, https:\/\/cdn.clinicabaviera.com\/blog\/wp-content\/uploads\/2018\/08\/iStock-849151598-300x200.jpg 300w, https:\/\/cdn.clinicabaviera.com\/blog\/wp-content\/uploads\/2018\/08\/iStock-849151598-768x512.jpg 768w, https:\/\/cdn.clinicabaviera.com\/blog\/wp-content\/uploads\/2018\/08\/iStock-849151598-840x560.jpg 840w\" sizes=\"auto, (max-width: 1254px) 100vw, 1254px\" \/><\/p>\n<h2><span class=\"ez-toc-section\" id=\"%C2%BFCuando_acudir_al_medico\"><\/span><span style=\"font-weight: 400;\">\u00bfCu\u00e1ndo acudir al m\u00e9dico?<\/span><span class=\"ez-toc-section-end\"><\/span><\/h2>\n<p><span style=\"font-weight: 400;\">Por lo general, es recomendable acudir al m\u00e9dico para descartar cualquier otra patolog\u00eda cuando:<\/span><\/p>\n<ul>\n<li style=\"font-weight: 400;\" aria-level=\"1\"><span style=\"font-weight: 400;\">Experimentamos migra\u00f1as, cefaleas o auras visuales con frecuencia.<\/span><\/li>\n<li style=\"font-weight: 400;\" aria-level=\"1\"><span style=\"font-weight: 400;\">Si en el inicio de los s\u00edntomas notamos cambios en los patrones en comparaci\u00f3n con otros episodios anteriores.\u00a0<\/span><\/li>\n<\/ul>\n<p><span style=\"font-weight: 400;\">De esta forma, el especialista nos podr\u00e1 prescribir un tratamiento concreto (por lo general incluye el uso de f\u00e1rmacos) que nos ayude a prevenir los episodios de aura visual por estr\u00e9s y a tratarlos una vez que estos ya han empezado.\u00a0<\/span><\/p>\n<p><span style=\"font-weight: 400;\">En este sentido, es importante entender que estos episodios tienen tratamiento y no dejarlos pasar como si se tratase de un simple dolor de cabeza.\u00a0<\/span><\/p>\n<h2><span class=\"ez-toc-section\" id=\"%C2%BFComo_afecta_el_estres_a_la_vista\"><\/span><span style=\"font-weight: 400;\">\u00bfC\u00f3mo afecta el estr\u00e9s a la vista?<\/span><span class=\"ez-toc-section-end\"><\/span><\/h2>\n<p><span style=\"font-weight: 400;\">El estr\u00e9s afecta a nuestro cuerpo y a nuestra mente, y lo hace de muchas formas y con muchos s\u00edntomas diferentes. En el caso de la vista, puede afectar causando los siguientes s\u00edntomas:\u00a0<\/span><\/p>\n<ul>\n<li style=\"font-weight: 400;\" aria-level=\"1\"><span style=\"font-weight: 400;\">Visi\u00f3n borrosa.<\/span><\/li>\n<li style=\"font-weight: 400;\" aria-level=\"1\"><span style=\"font-weight: 400;\">Visi\u00f3n nublada.<\/span><\/li>\n<li style=\"font-weight: 400;\" aria-level=\"1\"><span style=\"font-weight: 400;\">Dolor de cabeza (sobre todo en la parte de las sienes).<\/span><\/li>\n<li style=\"font-weight: 400;\" aria-level=\"1\"><span style=\"font-weight: 400;\">Fotofobia o sensibilidad a la luz.\u00a0<\/span><\/li>\n<li style=\"font-weight: 400;\" aria-level=\"1\"><span style=\"font-weight: 400;\">Dificultad para fijar la mirada.\u00a0<\/span><\/li>\n<li style=\"font-weight: 400;\" aria-level=\"1\"><span style=\"font-weight: 400;\">Dificultad para mantener abiertos los p\u00e1rpados.\u00a0<\/span><\/li>\n<li style=\"font-weight: 400;\" aria-level=\"1\"><span style=\"font-weight: 400;\">Sensaci\u00f3n de picor o de sequedad ocular.\u00a0<\/span><\/li>\n<li style=\"font-weight: 400;\" aria-level=\"1\"><span style=\"font-weight: 400;\">Mareos y n\u00e1useas<\/span>.<\/li>\n<\/ul>\n<h2><span class=\"ez-toc-section\" id=\"Fuentes\"><\/span><span style=\"font-weight: 400;\">Fuentes<\/span><span class=\"ez-toc-section-end\"><\/span><\/h2>\n<ul>\n<li><a href=\"https:\/\/www.aao.org\/salud-ocular\/enfermedades\/migrana\" rel=\"nofollow\">Academia Americana de Oftalmolog\u00eda (AAO) &#8211; \u00bfQu\u00e9 es la migra\u00f1a?<\/a><\/li>\n<li><a href=\"https:\/\/www.aao.org\/salud-ocular\/enfermedades\/dolor-de-cabeza-3\" rel=\"nofollow\">Academia Americana de Oftalmolog\u00eda (AAO) &#8211; \u00bfQu\u00e9 es el dolor de cabeza?<\/a><\/li>\n<li><a href=\"https:\/\/www.aao.org\/eyenet\/article\/photophobia-looking-causes-solutions\" rel=\"nofollow\">Academia Americana de Oftalmolog\u00eda (AAO) &#8211; Photophobia: Looking for Causes and Solutions<\/a><\/li>\n<\/ul>\n<hr \/>\n<pre class=\"ti-widget\"><template id=\"trustindex-google-widget-html\"><div class=\" ti-widget  ti-goog ti-review-text-mode-readmore ti-text-align-left\" data-no-translation=\"true\" data-plugin-version=\"13.2.9\" data-layout-id=\"5\" data-layout-category=\"slider\" data-set-id=\"light-minimal\" data-pid=\"\" data-language=\"es\" data-close-locale=\"Cerca\" data-review-target-width=\"275\" data-css-version=\"2\" data-reply-by-locale=\"Respuesta del propietario\" data-only-rating-locale=\"Esta usuario solo dej\u00f3 una calificaci\u00f3n.\" data-pager-autoplay-timeout=\"6\"> <div class=\"ti-widget-container ti-col-4\"> <div class=\"ti-footer ti-footer-grid source-Google\"> <div class=\"ti-fade-container\"> <div class=\"ti-rating-text\"> <strong class=\"ti-rating ti-rating-large\"> EXCELENTE <\/strong> <\/div> <span class=\"ti-stars star-lg\"><trustindex-image class=\"ti-star\" data-imgurl=\"https:\/\/cdn.trustindex.io\/assets\/platform\/Google\/star\/f.svg\" alt=\"Google star 1\" width=\"17\" height=\"17\" loading=\"lazy\"><\/trustindex-image><trustindex-image class=\"ti-star\" data-imgurl=\"https:\/\/cdn.trustindex.io\/assets\/platform\/Google\/star\/f.svg\" alt=\"Google star 2\" width=\"17\" height=\"17\" loading=\"lazy\"><\/trustindex-image><trustindex-image class=\"ti-star\" data-imgurl=\"https:\/\/cdn.trustindex.io\/assets\/platform\/Google\/star\/f.svg\" alt=\"Google star 3\" width=\"17\" height=\"17\" loading=\"lazy\"><\/trustindex-image><trustindex-image class=\"ti-star\" data-imgurl=\"https:\/\/cdn.trustindex.io\/assets\/platform\/Google\/star\/f.svg\" alt=\"Google star 4\" width=\"17\" height=\"17\" loading=\"lazy\"><\/trustindex-image><trustindex-image class=\"ti-star\" data-imgurl=\"https:\/\/cdn.trustindex.io\/assets\/platform\/Google\/star\/f.svg\" alt=\"Google star 5\" width=\"17\" height=\"17\" loading=\"lazy\"><\/trustindex-image><\/span> <div class=\"ti-rating-text\"> <span class=\"nowrap\">A base de <strong>570 rese\u00f1as<\/strong><\/span> <\/div> <div class=\"ti-large-logo\"> <div class=\"ti-v-center\"> <trustindex-image class=\"ti-logo-fb\" data-imgurl=\"https:\/\/cdn.trustindex.io\/assets\/platform\/Google\/logo.svg\" width=\"150\" height=\"25\" loading=\"lazy\" alt=\"Google\"><\/trustindex-image> <\/div> <\/div> <\/div> <\/div> <div class=\"ti-reviews-container\"> <div class=\"ti-controls\"> <div class=\"ti-next\" aria-label=\"Siguiente rese\u00f1a\" role=\"button\" tabindex=\"0\"><\/div> <div class=\"ti-prev\" aria-label=\"Rese\u00f1a anterior\" role=\"button\" tabindex=\"0\"><\/div> <\/div> <div class=\"ti-reviews-container-wrapper\">  <div data-empty=\"0\" class=\"ti-review-item source-Google ti-image-layout-thumbnail\" data-time=\"\" data-id=\"cfcd208495d565ef66e7dff9f98764da\" data-language=\"\"> <div class=\"ti-inner\"> <div class=\"ti-review-header\"> <div class=\"ti-platform-icon ti-with-tooltip\"> <span class=\"ti-tooltip\">Publicado en Google<\/span> <trustindex-image data-imgurl=\"https:\/\/cdn.trustindex.io\/assets\/platform\/Google\/icon.svg\" alt=\"Google\" width=\"20\" height=\"20\" loading=\"lazy\"><\/trustindex-image> <\/div> <div class=\"ti-profile-img\"> <trustindex-image data-imgurl=\"https:\/\/lh3.googleusercontent.com\/a\/ACg8ocKWHKmwDoN8jelN8JHWQw2buiU4ji6WyuVq8pcV4kRI=w40-h40-c-rp-mo-br100\" alt=\"Karelys Asencio Torres profile picture\" loading=\"lazy\"><\/trustindex-image> <\/div> <div class=\"ti-profile-details\"> <div class=\"ti-name\"> Karelys Asencio Torres <\/div> <div class=\"ti-date\">05\/03\/2024<\/div> <\/div> <\/div> <span class=\"ti-stars\"><trustindex-image class=\"ti-star\" data-imgurl=\"https:\/\/cdn.trustindex.io\/assets\/platform\/Google\/star\/f.svg\" alt=\"Google star 1\" width=\"17\" height=\"17\" loading=\"lazy\"><\/trustindex-image><trustindex-image class=\"ti-star\" data-imgurl=\"https:\/\/cdn.trustindex.io\/assets\/platform\/Google\/star\/f.svg\" alt=\"Google star 2\" width=\"17\" height=\"17\" loading=\"lazy\"><\/trustindex-image><trustindex-image class=\"ti-star\" data-imgurl=\"https:\/\/cdn.trustindex.io\/assets\/platform\/Google\/star\/f.svg\" alt=\"Google star 3\" width=\"17\" height=\"17\" loading=\"lazy\"><\/trustindex-image><trustindex-image class=\"ti-star\" data-imgurl=\"https:\/\/cdn.trustindex.io\/assets\/platform\/Google\/star\/f.svg\" alt=\"Google star 4\" width=\"17\" height=\"17\" loading=\"lazy\"><\/trustindex-image><trustindex-image class=\"ti-star\" data-imgurl=\"https:\/\/cdn.trustindex.io\/assets\/platform\/Google\/star\/f.svg\" alt=\"Google star 5\" width=\"17\" height=\"17\" loading=\"lazy\"><\/trustindex-image><span class=\"ti-verified-review ti-verified-platform\"><span class=\"ti-verified-tooltip\">Trustindex verifica que la fuente original de la rese\u00f1a sea Google.<\/span><\/span><\/span> <div class=\"ti-review-text-container ti-review-content\"><!-- R-CONTENT -->Esta cl\u00ednica sin duda es la mejor !! El trato en recepci\u00f3n y de los m\u00e9dicos es excepcional. Estoy muy contenta con los resultados. Muchas gracias !<!-- R-CONTENT --><\/div> <span class=\"ti-read-more\" data-container=\".ti-review-content\" data-collapse-text=\"Ocultar\" data-open-text=\"Leer m\u00e1s\"><\/span> <\/div> <\/div>  <div data-empty=\"0\" class=\"ti-review-item source-Google ti-image-layout-thumbnail\" data-time=\"\" data-id=\"cfcd208495d565ef66e7dff9f98764da\" data-language=\"\"> <div class=\"ti-inner\"> <div class=\"ti-review-header\"> <div class=\"ti-platform-icon ti-with-tooltip\"> <span class=\"ti-tooltip\">Publicado en Google<\/span> <trustindex-image data-imgurl=\"https:\/\/cdn.trustindex.io\/assets\/platform\/Google\/icon.svg\" alt=\"Google\" width=\"20\" height=\"20\" loading=\"lazy\"><\/trustindex-image> <\/div> <div class=\"ti-profile-img\"> <trustindex-image data-imgurl=\"https:\/\/lh3.googleusercontent.com\/a\/ACg8ocJx5lc8VzH_Kx5vNl4iC9Qof6IGYcXj03vtn_CJ67tj=w40-h40-c-rp-mo-br100\" alt=\"Vanesa Delgado Arcos profile picture\" loading=\"lazy\"><\/trustindex-image> <\/div> <div class=\"ti-profile-details\"> <div class=\"ti-name\"> Vanesa Delgado Arcos <\/div> <div class=\"ti-date\">01\/03\/2024<\/div> <\/div> <\/div> <span class=\"ti-stars\"><trustindex-image class=\"ti-star\" data-imgurl=\"https:\/\/cdn.trustindex.io\/assets\/platform\/Google\/star\/f.svg\" alt=\"Google star 1\" width=\"17\" height=\"17\" loading=\"lazy\"><\/trustindex-image><trustindex-image class=\"ti-star\" data-imgurl=\"https:\/\/cdn.trustindex.io\/assets\/platform\/Google\/star\/f.svg\" alt=\"Google star 2\" width=\"17\" height=\"17\" loading=\"lazy\"><\/trustindex-image><trustindex-image class=\"ti-star\" data-imgurl=\"https:\/\/cdn.trustindex.io\/assets\/platform\/Google\/star\/f.svg\" alt=\"Google star 3\" width=\"17\" height=\"17\" loading=\"lazy\"><\/trustindex-image><trustindex-image class=\"ti-star\" data-imgurl=\"https:\/\/cdn.trustindex.io\/assets\/platform\/Google\/star\/f.svg\" alt=\"Google star 4\" width=\"17\" height=\"17\" loading=\"lazy\"><\/trustindex-image><trustindex-image class=\"ti-star\" data-imgurl=\"https:\/\/cdn.trustindex.io\/assets\/platform\/Google\/star\/f.svg\" alt=\"Google star 5\" width=\"17\" height=\"17\" loading=\"lazy\"><\/trustindex-image><span class=\"ti-verified-review ti-verified-platform\"><span class=\"ti-verified-tooltip\">Trustindex verifica que la fuente original de la rese\u00f1a sea Google.<\/span><\/span><\/span> <div class=\"ti-review-text-container ti-review-content\"><!-- R-CONTENT -->Much\u00edsima profesionalidad por parte de todo el equipo desde recepci\u00f3n y por supuesto si doctor.Estoy totalmente complacida por el resultado de la operaci\u00f3n y posteriores seguimientos.100%recomendable.<!-- R-CONTENT --><\/div> <span class=\"ti-read-more\" data-container=\".ti-review-content\" data-collapse-text=\"Ocultar\" data-open-text=\"Leer m\u00e1s\"><\/span> <\/div> <\/div>  <div data-empty=\"0\" class=\"ti-review-item source-Google ti-image-layout-thumbnail\" data-time=\"\" data-id=\"cfcd208495d565ef66e7dff9f98764da\" data-language=\"\"> <div class=\"ti-inner\"> <div class=\"ti-review-header\"> <div class=\"ti-platform-icon ti-with-tooltip\"> <span class=\"ti-tooltip\">Publicado en Google<\/span> <trustindex-image data-imgurl=\"https:\/\/cdn.trustindex.io\/assets\/platform\/Google\/icon.svg\" alt=\"Google\" width=\"20\" height=\"20\" loading=\"lazy\"><\/trustindex-image> <\/div> <div class=\"ti-profile-img\"> <trustindex-image data-imgurl=\"https:\/\/lh3.googleusercontent.com\/a-\/ALV-UjViSSX9rp-UKWvltgBF-J8MwK4Ga5nbJvaYsl3jYkAh2LQ=w40-h40-c-rp-mo-br100\" alt=\"Jorge Carnicero profile picture\" loading=\"lazy\"><\/trustindex-image> <\/div> <div class=\"ti-profile-details\"> <div class=\"ti-name\"> Jorge Carnicero <\/div> <div class=\"ti-date\">27\/02\/2024<\/div> <\/div> <\/div> <span class=\"ti-stars\"><trustindex-image class=\"ti-star\" data-imgurl=\"https:\/\/cdn.trustindex.io\/assets\/platform\/Google\/star\/f.svg\" alt=\"Google star 1\" width=\"17\" height=\"17\" loading=\"lazy\"><\/trustindex-image><trustindex-image class=\"ti-star\" data-imgurl=\"https:\/\/cdn.trustindex.io\/assets\/platform\/Google\/star\/f.svg\" alt=\"Google star 2\" width=\"17\" height=\"17\" loading=\"lazy\"><\/trustindex-image><trustindex-image class=\"ti-star\" data-imgurl=\"https:\/\/cdn.trustindex.io\/assets\/platform\/Google\/star\/f.svg\" alt=\"Google star 3\" width=\"17\" height=\"17\" loading=\"lazy\"><\/trustindex-image><trustindex-image class=\"ti-star\" data-imgurl=\"https:\/\/cdn.trustindex.io\/assets\/platform\/Google\/star\/f.svg\" alt=\"Google star 4\" width=\"17\" height=\"17\" loading=\"lazy\"><\/trustindex-image><trustindex-image class=\"ti-star\" data-imgurl=\"https:\/\/cdn.trustindex.io\/assets\/platform\/Google\/star\/f.svg\" alt=\"Google star 5\" width=\"17\" height=\"17\" loading=\"lazy\"><\/trustindex-image><span class=\"ti-verified-review ti-verified-platform\"><span class=\"ti-verified-tooltip\">Trustindex verifica que la fuente original de la rese\u00f1a sea Google.<\/span><\/span><\/span> <div class=\"ti-review-text-container ti-review-content\"><!-- R-CONTENT -->Me oper\u00e9 ya hace un mes con laser de miop\u00eda y no pude tomar mejor decisi\u00f3n, buen asesoramiento desde el principio, un equipo maravilloso que est\u00e1n disponibles para cualquier consulta y unos resultados \u00f3ptimos, sensaci\u00f3n inmejorable poder ver otra vez perfectamente sin necesidad de gafas.<!-- R-CONTENT --><\/div> <span class=\"ti-read-more\" data-container=\".ti-review-content\" data-collapse-text=\"Ocultar\" data-open-text=\"Leer m\u00e1s\"><\/span> <\/div> <\/div>  <div data-empty=\"0\" class=\"ti-review-item source-Google ti-image-layout-thumbnail\" data-time=\"\" data-id=\"cfcd208495d565ef66e7dff9f98764da\" data-language=\"\"> <div class=\"ti-inner\"> <div class=\"ti-review-header\"> <div class=\"ti-platform-icon ti-with-tooltip\"> <span class=\"ti-tooltip\">Publicado en Google<\/span> <trustindex-image data-imgurl=\"https:\/\/cdn.trustindex.io\/assets\/platform\/Google\/icon.svg\" alt=\"Google\" width=\"20\" height=\"20\" loading=\"lazy\"><\/trustindex-image> <\/div> <div class=\"ti-profile-img\"> <trustindex-image data-imgurl=\"https:\/\/lh3.googleusercontent.com\/a\/ACg8ocLf5YTDoqTOI9RiEgIqmgY0sL1jjWzGDFlZUKGefO3E=w40-h40-c-rp-mo-br100\" alt=\"Carlos \u00c1ngel P\u00e9rez profile picture\" loading=\"lazy\"><\/trustindex-image> <\/div> <div class=\"ti-profile-details\"> <div class=\"ti-name\"> Carlos \u00c1ngel P\u00e9rez <\/div> <div class=\"ti-date\">27\/02\/2024<\/div> <\/div> <\/div> <span class=\"ti-stars\"><trustindex-image class=\"ti-star\" data-imgurl=\"https:\/\/cdn.trustindex.io\/assets\/platform\/Google\/star\/f.svg\" alt=\"Google star 1\" width=\"17\" height=\"17\" loading=\"lazy\"><\/trustindex-image><trustindex-image class=\"ti-star\" data-imgurl=\"https:\/\/cdn.trustindex.io\/assets\/platform\/Google\/star\/f.svg\" alt=\"Google star 2\" width=\"17\" height=\"17\" loading=\"lazy\"><\/trustindex-image><trustindex-image class=\"ti-star\" data-imgurl=\"https:\/\/cdn.trustindex.io\/assets\/platform\/Google\/star\/f.svg\" alt=\"Google star 3\" width=\"17\" height=\"17\" loading=\"lazy\"><\/trustindex-image><trustindex-image class=\"ti-star\" data-imgurl=\"https:\/\/cdn.trustindex.io\/assets\/platform\/Google\/star\/f.svg\" alt=\"Google star 4\" width=\"17\" height=\"17\" loading=\"lazy\"><\/trustindex-image><trustindex-image class=\"ti-star\" data-imgurl=\"https:\/\/cdn.trustindex.io\/assets\/platform\/Google\/star\/f.svg\" alt=\"Google star 5\" width=\"17\" height=\"17\" loading=\"lazy\"><\/trustindex-image><span class=\"ti-verified-review ti-verified-platform\"><span class=\"ti-verified-tooltip\">Trustindex verifica que la fuente original de la rese\u00f1a sea Google.<\/span><\/span><\/span> <div class=\"ti-review-text-container ti-review-content\"><!-- R-CONTENT -->Atenci\u00f3n muy buena de la doctora y de las auxiliares<!-- R-CONTENT --><\/div> <span class=\"ti-read-more\" data-container=\".ti-review-content\" data-collapse-text=\"Ocultar\" data-open-text=\"Leer m\u00e1s\"><\/span> <\/div> <\/div>  <div data-empty=\"0\" class=\"ti-review-item source-Google ti-image-layout-thumbnail\" data-time=\"\" data-id=\"cfcd208495d565ef66e7dff9f98764da\" data-language=\"\"> <div class=\"ti-inner\"> <div class=\"ti-review-header\"> <div class=\"ti-platform-icon ti-with-tooltip\"> <span class=\"ti-tooltip\">Publicado en Google<\/span> <trustindex-image data-imgurl=\"https:\/\/cdn.trustindex.io\/assets\/platform\/Google\/icon.svg\" alt=\"Google\" width=\"20\" height=\"20\" loading=\"lazy\"><\/trustindex-image> <\/div> <div class=\"ti-profile-img\"> <trustindex-image data-imgurl=\"https:\/\/lh3.googleusercontent.com\/a\/ACg8ocLJ9j-vNwboPm0yglVXrs4FTPEon3Om3ZTJi7xaqcjl=w40-h40-c-rp-mo-br100\" alt=\"Virginia Jimenez profile picture\" loading=\"lazy\"><\/trustindex-image> <\/div> <div class=\"ti-profile-details\"> <div class=\"ti-name\"> Virginia Jimenez <\/div> <div class=\"ti-date\">22\/02\/2024<\/div> <\/div> <\/div> <span class=\"ti-stars\"><trustindex-image class=\"ti-star\" data-imgurl=\"https:\/\/cdn.trustindex.io\/assets\/platform\/Google\/star\/f.svg\" alt=\"Google star 1\" width=\"17\" height=\"17\" loading=\"lazy\"><\/trustindex-image><trustindex-image class=\"ti-star\" data-imgurl=\"https:\/\/cdn.trustindex.io\/assets\/platform\/Google\/star\/f.svg\" alt=\"Google star 2\" width=\"17\" height=\"17\" loading=\"lazy\"><\/trustindex-image><trustindex-image class=\"ti-star\" data-imgurl=\"https:\/\/cdn.trustindex.io\/assets\/platform\/Google\/star\/f.svg\" alt=\"Google star 3\" width=\"17\" height=\"17\" loading=\"lazy\"><\/trustindex-image><trustindex-image class=\"ti-star\" data-imgurl=\"https:\/\/cdn.trustindex.io\/assets\/platform\/Google\/star\/f.svg\" alt=\"Google star 4\" width=\"17\" height=\"17\" loading=\"lazy\"><\/trustindex-image><trustindex-image class=\"ti-star\" data-imgurl=\"https:\/\/cdn.trustindex.io\/assets\/platform\/Google\/star\/f.svg\" alt=\"Google star 5\" width=\"17\" height=\"17\" loading=\"lazy\"><\/trustindex-image><span class=\"ti-verified-review ti-verified-platform\"><span class=\"ti-verified-tooltip\">Trustindex verifica que la fuente original de la rese\u00f1a sea Google.<\/span><\/span><\/span> <div class=\"ti-review-text-container ti-review-content\"><!-- R-CONTENT -->He recibido un trato espectacular por parte de todos los trabajadores de la cl\u00ednica de M\u00f3stoles.\nLa operaci\u00f3n me la realiz\u00f3 el doctor Rafael, y sali\u00f3 todo muy muy bien me operado de miop\u00eda y astigmatismo, y el mismo d\u00eda por la noche ya pod\u00eda ver y hacer vida normal. Lo recomiendo 100 por 100.\nLlegue con miedo por que la vista es algo muy delicado y a d\u00eda de hoy la mejor decisi\u00f3n que tom\u00e9 fue quitarme las gafas y hacerlo con ellos.\n\nGracias<!-- R-CONTENT --><\/div> <span class=\"ti-read-more\" data-container=\".ti-review-content\" data-collapse-text=\"Ocultar\" data-open-text=\"Leer m\u00e1s\"><\/span> <\/div> <\/div>  <div data-empty=\"0\" class=\"ti-review-item source-Google ti-image-layout-thumbnail\" data-time=\"\" data-id=\"cfcd208495d565ef66e7dff9f98764da\" data-language=\"\"> <div class=\"ti-inner\"> <div class=\"ti-review-header\"> <div class=\"ti-platform-icon ti-with-tooltip\"> <span class=\"ti-tooltip\">Publicado en Google<\/span> <trustindex-image data-imgurl=\"https:\/\/cdn.trustindex.io\/assets\/platform\/Google\/icon.svg\" alt=\"Google\" width=\"20\" height=\"20\" loading=\"lazy\"><\/trustindex-image> <\/div> <div class=\"ti-profile-img\"> <trustindex-image data-imgurl=\"https:\/\/lh3.googleusercontent.com\/a-\/ALV-UjVdbd3Sm-F_C3qjnSPIEeZ28H3K404OeYdISk2TIzCrhH0=w40-h40-c-rp-mo-ba2-br100\" alt=\"Isidro Hoyas profile picture\" loading=\"lazy\"><\/trustindex-image> <\/div> <div class=\"ti-profile-details\"> <div class=\"ti-name\"> Isidro Hoyas <\/div> <div class=\"ti-date\">20\/02\/2024<\/div> <\/div> <\/div> <span class=\"ti-stars\"><trustindex-image class=\"ti-star\" data-imgurl=\"https:\/\/cdn.trustindex.io\/assets\/platform\/Google\/star\/f.svg\" alt=\"Google star 1\" width=\"17\" height=\"17\" loading=\"lazy\"><\/trustindex-image><trustindex-image class=\"ti-star\" data-imgurl=\"https:\/\/cdn.trustindex.io\/assets\/platform\/Google\/star\/f.svg\" alt=\"Google star 2\" width=\"17\" height=\"17\" loading=\"lazy\"><\/trustindex-image><trustindex-image class=\"ti-star\" data-imgurl=\"https:\/\/cdn.trustindex.io\/assets\/platform\/Google\/star\/f.svg\" alt=\"Google star 3\" width=\"17\" height=\"17\" loading=\"lazy\"><\/trustindex-image><trustindex-image class=\"ti-star\" data-imgurl=\"https:\/\/cdn.trustindex.io\/assets\/platform\/Google\/star\/f.svg\" alt=\"Google star 4\" width=\"17\" height=\"17\" loading=\"lazy\"><\/trustindex-image><trustindex-image class=\"ti-star\" data-imgurl=\"https:\/\/cdn.trustindex.io\/assets\/platform\/Google\/star\/f.svg\" alt=\"Google star 5\" width=\"17\" height=\"17\" loading=\"lazy\"><\/trustindex-image><span class=\"ti-verified-review ti-verified-platform\"><span class=\"ti-verified-tooltip\">Trustindex verifica que la fuente original de la rese\u00f1a sea Google.<\/span><\/span><\/span> <div class=\"ti-review-text-container ti-review-content\"><!-- R-CONTENT -->Buenos profesionales y las chicas muy amables y atentas<!-- R-CONTENT --><\/div> <span class=\"ti-read-more\" data-container=\".ti-review-content\" data-collapse-text=\"Ocultar\" data-open-text=\"Leer m\u00e1s\"><\/span> <\/div> <\/div>  <\/div> <div class=\"ti-controls-line\"> <div class=\"dot\"><\/div> <\/div>   <\/div> <\/div> <\/div> <\/template><\/pre><div data-src=\"https:\/\/cdn.trustindex.io\/loader.js?wp-widget\" data-template-id=\"trustindex-google-widget-html\" data-css-url=\"https:\/\/cdn.clinicabaviera.com\/blog\/wp-content\/uploads\/trustindex-google-widget.css?1774511208\"><\/div>\n<hr \/>\n<p>&nbsp;<\/p>\n","protected":false},"excerpt":{"rendered":"<p>Tener episodios de aura visual por estr\u00e9s significa sufrir una serie de alteraciones visuales como haces de luz en forma de zigzag, que anuncian un dolor de cabeza o migra\u00f1a.\u00a0 El motivo m\u00e1s frecuente de dolor de cabeza, precedido o no de aura o de otros fen\u00f3menos visuales como la aparici\u00f3n s\u00fabita de manchas en [&hellip;]<\/p>\n","protected":false},"author":32,"featured_media":13909,"comment_status":"open","ping_status":"closed","sticky":false,"template":"","format":"standard","meta":{"jetpack_post_was_ever_published":true,"_jetpack_newsletter_access":"","_jetpack_dont_email_post_to_subs":false,"_jetpack_newsletter_tier_id":0,"_jetpack_memberships_contains_paywalled_content":false,"_jetpack_memberships_contains_paid_content":false,"footnotes":""},"categories":[1144],"tags":[],"ppma_author":[2310],"class_list":["post-13907","post","type-post","status-publish","format-standard","has-post-thumbnail","hentry","category-conoce-tus-ojos"],"yoast_head":"<!-- This site is optimized with the Yoast SEO plugin v27.5 - https:\/\/yoast.com\/product\/yoast-seo-wordpress\/ -->\n<title>Aura visual por estr\u00e9s: factores de riesgo y c\u00f3mo prevenirla<\/title>\n<meta name=\"description\" content=\"Tener episodios de aura visual por estr\u00e9s significa sufrir una serie de alteraciones visuales que anuncian un dolor de cabeza o migra\u00f1a.\u00a0\" \/>\n<meta name=\"robots\" content=\"index, follow, max-snippet:-1, max-image-preview:large, max-video-preview:-1\" \/>\n<link rel=\"canonical\" href=\"https:\/\/www.clinicabaviera.com\/blog\/aura-visual-por-estres-factores-de-riesgo-y-como-prevenirla\/\" \/>\n<meta property=\"og:locale\" content=\"es_ES\" \/>\n<meta property=\"og:type\" content=\"article\" \/>\n<meta property=\"og:title\" content=\"Aura visual por estr\u00e9s: factores de riesgo y c\u00f3mo prevenirla\" \/>\n<meta property=\"og:description\" content=\"Tener episodios de aura visual por estr\u00e9s significa sufrir una serie de alteraciones visuales que anuncian un dolor de cabeza o migra\u00f1a.\u00a0\" \/>\n<meta property=\"og:url\" content=\"https:\/\/www.clinicabaviera.com\/blog\/aura-visual-por-estres-factores-de-riesgo-y-como-prevenirla\/\" \/>\n<meta property=\"og:site_name\" content=\"Blog de Baviera antes Cl\u00ednica Baviera\" \/>\n<meta property=\"article:publisher\" content=\"https:\/\/www.facebook.com\/CLINICABAVIERA\" \/>\n<meta property=\"article:published_time\" content=\"2022-11-13T07:00:30+00:00\" \/>\n<meta property=\"article:modified_time\" content=\"2025-02-14T11:37:26+00:00\" \/>\n<meta property=\"og:image\" content=\"https:\/\/cdn.clinicabaviera.com\/blog\/wp-content\/uploads\/2018\/08\/iStock-849151598.jpg\" \/>\n\t<meta property=\"og:image:width\" content=\"1254\" \/>\n\t<meta property=\"og:image:height\" content=\"836\" \/>\n\t<meta property=\"og:image:type\" content=\"image\/jpeg\" \/>\n<meta name=\"author\" content=\"Dr. Javier Gim\u00e9nez-Almenara\" \/>\n<meta name=\"twitter:card\" content=\"summary_large_image\" \/>\n<meta name=\"twitter:label1\" content=\"Escrito por\" \/>\n\t<meta name=\"twitter:data1\" content=\"Baviera\" \/>\n\t<meta name=\"twitter:label2\" content=\"Tiempo de lectura\" \/>\n\t<meta name=\"twitter:data2\" content=\"4 minutos\" \/>\n<!-- \/ Yoast SEO plugin. -->","yoast_head_json":{"title":"Aura visual por estr\u00e9s: factores de riesgo y c\u00f3mo prevenirla","description":"Tener episodios de aura visual por estr\u00e9s significa sufrir una serie de alteraciones visuales que anuncian un dolor de cabeza o migra\u00f1a.\u00a0","robots":{"index":"index","follow":"follow","max-snippet":"max-snippet:-1","max-image-preview":"max-image-preview:large","max-video-preview":"max-video-preview:-1"},"canonical":"https:\/\/www.clinicabaviera.com\/blog\/aura-visual-por-estres-factores-de-riesgo-y-como-prevenirla\/","og_locale":"es_ES","og_type":"article","og_title":"Aura visual por estr\u00e9s: factores de riesgo y c\u00f3mo prevenirla","og_description":"Tener episodios de aura visual por estr\u00e9s significa sufrir una serie de alteraciones visuales que anuncian un dolor de cabeza o migra\u00f1a.\u00a0","og_url":"https:\/\/www.clinicabaviera.com\/blog\/aura-visual-por-estres-factores-de-riesgo-y-como-prevenirla\/","og_site_name":"Blog de Baviera antes Cl\u00ednica Baviera","article_publisher":"https:\/\/www.facebook.com\/CLINICABAVIERA","article_published_time":"2022-11-13T07:00:30+00:00","article_modified_time":"2025-02-14T11:37:26+00:00","og_image":[{"width":1254,"height":836,"url":"https:\/\/cdn.clinicabaviera.com\/blog\/wp-content\/uploads\/2018\/08\/iStock-849151598.jpg","type":"image\/jpeg"}],"author":"Dr. Javier Gim\u00e9nez-Almenara","twitter_card":"summary_large_image","twitter_misc":{"Escrito por":"Baviera","Tiempo de lectura":"4 minutos"},"schema":{"@context":"https:\/\/schema.org","@graph":[{"@type":"Article","@id":"https:\/\/www.clinicabaviera.com\/blog\/aura-visual-por-estres-factores-de-riesgo-y-como-prevenirla\/#article","isPartOf":{"@id":"https:\/\/www.clinicabaviera.com\/blog\/aura-visual-por-estres-factores-de-riesgo-y-como-prevenirla\/"},"author":{"name":"Baviera","@id":"https:\/\/www.clinicabaviera.com\/blog\/#\/schema\/person\/270d1d95c988a639b67dc61310bab160"},"headline":"Aura visual por estr\u00e9s: factores de riesgo y c\u00f3mo prevenirla","datePublished":"2022-11-13T07:00:30+00:00","dateModified":"2025-02-14T11:37:26+00:00","mainEntityOfPage":{"@id":"https:\/\/www.clinicabaviera.com\/blog\/aura-visual-por-estres-factores-de-riesgo-y-como-prevenirla\/"},"wordCount":861,"commentCount":7,"publisher":{"@id":"https:\/\/www.clinicabaviera.com\/blog\/#organization"},"image":{"@id":"https:\/\/www.clinicabaviera.com\/blog\/aura-visual-por-estres-factores-de-riesgo-y-como-prevenirla\/#primaryimage"},"thumbnailUrl":"https:\/\/cdn.clinicabaviera.com\/blog\/wp-content\/uploads\/2018\/08\/iStock-849151598.jpg","articleSection":["Cuida tus ojos"],"inLanguage":"es","potentialAction":[{"@type":"CommentAction","name":"Comment","target":["https:\/\/www.clinicabaviera.com\/blog\/aura-visual-por-estres-factores-de-riesgo-y-como-prevenirla\/#respond"]}]},{"@type":"WebPage","@id":"https:\/\/www.clinicabaviera.com\/blog\/aura-visual-por-estres-factores-de-riesgo-y-como-prevenirla\/","url":"https:\/\/www.clinicabaviera.com\/blog\/aura-visual-por-estres-factores-de-riesgo-y-como-prevenirla\/","name":"Aura visual por estr\u00e9s: factores de riesgo y c\u00f3mo prevenirla","isPartOf":{"@id":"https:\/\/www.clinicabaviera.com\/blog\/#website"},"primaryImageOfPage":{"@id":"https:\/\/www.clinicabaviera.com\/blog\/aura-visual-por-estres-factores-de-riesgo-y-como-prevenirla\/#primaryimage"},"image":{"@id":"https:\/\/www.clinicabaviera.com\/blog\/aura-visual-por-estres-factores-de-riesgo-y-como-prevenirla\/#primaryimage"},"thumbnailUrl":"https:\/\/cdn.clinicabaviera.com\/blog\/wp-content\/uploads\/2018\/08\/iStock-849151598.jpg","datePublished":"2022-11-13T07:00:30+00:00","dateModified":"2025-02-14T11:37:26+00:00","description":"Tener episodios de aura visual por estr\u00e9s significa sufrir una serie de alteraciones visuales que anuncian un dolor de cabeza o migra\u00f1a.\u00a0","breadcrumb":{"@id":"https:\/\/www.clinicabaviera.com\/blog\/aura-visual-por-estres-factores-de-riesgo-y-como-prevenirla\/#breadcrumb"},"inLanguage":"es","potentialAction":[{"@type":"ReadAction","target":["https:\/\/www.clinicabaviera.com\/blog\/aura-visual-por-estres-factores-de-riesgo-y-como-prevenirla\/"]}]},{"@type":"ImageObject","inLanguage":"es","@id":"https:\/\/www.clinicabaviera.com\/blog\/aura-visual-por-estres-factores-de-riesgo-y-como-prevenirla\/#primaryimage","url":"https:\/\/cdn.clinicabaviera.com\/blog\/wp-content\/uploads\/2018\/08\/iStock-849151598.jpg","contentUrl":"https:\/\/cdn.clinicabaviera.com\/blog\/wp-content\/uploads\/2018\/08\/iStock-849151598.jpg","width":1254,"height":836,"caption":"Aura visual por estr\u00e9s"},{"@type":"BreadcrumbList","@id":"https:\/\/www.clinicabaviera.com\/blog\/aura-visual-por-estres-factores-de-riesgo-y-como-prevenirla\/#breadcrumb","itemListElement":[{"@type":"ListItem","position":1,"name":"Inicio","item":"https:\/\/www.clinicabaviera.com\/blog\/"},{"@type":"ListItem","position":2,"name":"Aura visual por estr\u00e9s: factores de riesgo y c\u00f3mo prevenirla"}]},{"@type":"WebSite","@id":"https:\/\/www.clinicabaviera.com\/blog\/#website","url":"https:\/\/www.clinicabaviera.com\/blog\/","name":"Blog de Baviera antes Cl\u00ednica Baviera","description":"Informaci\u00f3n sobre la salud visual","publisher":{"@id":"https:\/\/www.clinicabaviera.com\/blog\/#organization"},"potentialAction":[{"@type":"SearchAction","target":{"@type":"EntryPoint","urlTemplate":"https:\/\/www.clinicabaviera.com\/blog\/?s={search_term_string}"},"query-input":{"@type":"PropertyValueSpecification","valueRequired":true,"valueName":"search_term_string"}}],"inLanguage":"es"},{"@type":"Organization","@id":"https:\/\/www.clinicabaviera.com\/blog\/#organization","name":"Blog de Baviera antes Cl\u00ednica Baviera","url":"https:\/\/www.clinicabaviera.com\/blog\/","logo":{"@type":"ImageObject","inLanguage":"es","@id":"https:\/\/www.clinicabaviera.com\/blog\/#\/schema\/logo\/image\/","url":"https:\/\/cdn.clinicabaviera.com\/blog\/wp-content\/uploads\/2021\/02\/logo.png","contentUrl":"https:\/\/cdn.clinicabaviera.com\/blog\/wp-content\/uploads\/2021\/02\/logo.png","width":526,"height":164,"caption":"Blog de Baviera antes Cl\u00ednica Baviera"},"image":{"@id":"https:\/\/www.clinicabaviera.com\/blog\/#\/schema\/logo\/image\/"},"sameAs":["https:\/\/www.facebook.com\/CLINICABAVIERA"]},{"@type":"Person","@id":"https:\/\/www.clinicabaviera.com\/blog\/#\/schema\/person\/270d1d95c988a639b67dc61310bab160","name":"Baviera","image":{"@type":"ImageObject","inLanguage":"es","@id":"https:\/\/secure.gravatar.com\/avatar\/42a40e8ec87f641c432e1d26de1889d972e43e42112c5d9b8d40eb54464d0ae2?s=96&d=mm&r=gef2b89094652fed58222648d7f6868b9","url":"https:\/\/secure.gravatar.com\/avatar\/42a40e8ec87f641c432e1d26de1889d972e43e42112c5d9b8d40eb54464d0ae2?s=96&d=mm&r=g","contentUrl":"https:\/\/secure.gravatar.com\/avatar\/42a40e8ec87f641c432e1d26de1889d972e43e42112c5d9b8d40eb54464d0ae2?s=96&d=mm&r=g","caption":"Baviera"},"url":"https:\/\/www.clinicabaviera.com\/blog\/author\/wordpressmarketinet\/"}]}},"jetpack_featured_media_url":"https:\/\/cdn.clinicabaviera.com\/blog\/wp-content\/uploads\/2018\/08\/iStock-849151598.jpg","jetpack_shortlink":"https:\/\/wp.me\/p3aNmD-3Cj","jetpack_sharing_enabled":true,"authors":[{"term_id":2310,"user_id":0,"is_guest":1,"slug":"dr-javier-gimenez-almenara","display_name":"Dr. Javier Gim\u00e9nez-Almenara","avatar_url":{"url":"https:\/\/cdn.clinicabaviera.com\/blog\/wp-content\/uploads\/2022\/12\/Dr.-Javier-Gimenez-Almenara-min-scaled.jpg","url2x":"https:\/\/cdn.clinicabaviera.com\/blog\/wp-content\/uploads\/2022\/12\/Dr.-Javier-Gimenez-Almenara-min-scaled.jpg"},"0":null,"1":"","2":"","3":"","4":"","5":"","6":"","7":"","8":""}],"_links":{"self":[{"href":"https:\/\/www.clinicabaviera.com\/blog\/wp-json\/wp\/v2\/posts\/13907","targetHints":{"allow":["GET"]}}],"collection":[{"href":"https:\/\/www.clinicabaviera.com\/blog\/wp-json\/wp\/v2\/posts"}],"about":[{"href":"https:\/\/www.clinicabaviera.com\/blog\/wp-json\/wp\/v2\/types\/post"}],"author":[{"embeddable":true,"href":"https:\/\/www.clinicabaviera.com\/blog\/wp-json\/wp\/v2\/users\/32"}],"replies":[{"embeddable":true,"href":"https:\/\/www.clinicabaviera.com\/blog\/wp-json\/wp\/v2\/comments?post=13907"}],"version-history":[{"count":16,"href":"https:\/\/www.clinicabaviera.com\/blog\/wp-json\/wp\/v2\/posts\/13907\/revisions"}],"predecessor-version":[{"id":36042,"href":"https:\/\/www.clinicabaviera.com\/blog\/wp-json\/wp\/v2\/posts\/13907\/revisions\/36042"}],"wp:featuredmedia":[{"embeddable":true,"href":"https:\/\/www.clinicabaviera.com\/blog\/wp-json\/wp\/v2\/media\/13909"}],"wp:attachment":[{"href":"https:\/\/www.clinicabaviera.com\/blog\/wp-json\/wp\/v2\/media?parent=13907"}],"wp:term":[{"taxonomy":"category","embeddable":true,"href":"https:\/\/www.clinicabaviera.com\/blog\/wp-json\/wp\/v2\/categories?post=13907"},{"taxonomy":"post_tag","embeddable":true,"href":"https:\/\/www.clinicabaviera.com\/blog\/wp-json\/wp\/v2\/tags?post=13907"},{"taxonomy":"author","embeddable":true,"href":"https:\/\/www.clinicabaviera.com\/blog\/wp-json\/wp\/v2\/ppma_author?post=13907"}],"curies":[{"name":"wp","href":"https:\/\/api.w.org\/{rel}","templated":true}]}}