{"id":23852,"date":"2024-10-22T09:00:11","date_gmt":"2024-10-22T08:00:11","guid":{"rendered":"https:\/\/www.clinicabaviera.com\/blog\/?p=23852"},"modified":"2026-01-22T15:05:29","modified_gmt":"2026-01-22T14:05:29","slug":"percepcion-de-profundidad","status":"publish","type":"post","link":"https:\/\/www.clinicabaviera.com\/blog\/percepcion-de-profundidad\/","title":{"rendered":"Percepci\u00f3n de profundidad: qu\u00e9 es, qu\u00e9 puede alterarla y c\u00f3mo tratarla"},"content":{"rendered":"\n\n<div class=\"kk-star-ratings kksr-auto kksr-align-left kksr-valign-top\"\n    data-payload='{&quot;align&quot;:&quot;left&quot;,&quot;id&quot;:&quot;23852&quot;,&quot;slug&quot;:&quot;default&quot;,&quot;valign&quot;:&quot;top&quot;,&quot;ignore&quot;:&quot;&quot;,&quot;reference&quot;:&quot;auto&quot;,&quot;class&quot;:&quot;&quot;,&quot;count&quot;:&quot;72&quot;,&quot;legendonly&quot;:&quot;&quot;,&quot;readonly&quot;:&quot;&quot;,&quot;score&quot;:&quot;4.9&quot;,&quot;starsonly&quot;:&quot;&quot;,&quot;best&quot;:&quot;5&quot;,&quot;gap&quot;:&quot;4&quot;,&quot;greet&quot;:&quot;Rate this post&quot;,&quot;legend&quot;:&quot;4.9\\\/5 - (72 votos)&quot;,&quot;size&quot;:&quot;15&quot;,&quot;title&quot;:&quot;Percepci\u00f3n de profundidad: qu\u00e9 es, qu\u00e9 puede alterarla y c\u00f3mo tratarla&quot;,&quot;width&quot;:&quot;91.1&quot;,&quot;_legend&quot;:&quot;{score}\\\/{best} - ({count} {votes})&quot;,&quot;font_factor&quot;:&quot;1.25&quot;}'>\n            \n<div class=\"kksr-stars\">\n    \n<div class=\"kksr-stars-inactive\">\n            <div class=\"kksr-star\" data-star=\"1\" style=\"padding-right: 4px\">\n            \n\n<div class=\"kksr-icon\" style=\"width: 15px; height: 15px;\"><\/div>\n        <\/div>\n            <div class=\"kksr-star\" data-star=\"2\" style=\"padding-right: 4px\">\n            \n\n<div class=\"kksr-icon\" style=\"width: 15px; height: 15px;\"><\/div>\n        <\/div>\n            <div class=\"kksr-star\" data-star=\"3\" style=\"padding-right: 4px\">\n            \n\n<div class=\"kksr-icon\" style=\"width: 15px; height: 15px;\"><\/div>\n        <\/div>\n            <div class=\"kksr-star\" data-star=\"4\" style=\"padding-right: 4px\">\n            \n\n<div class=\"kksr-icon\" style=\"width: 15px; height: 15px;\"><\/div>\n        <\/div>\n            <div class=\"kksr-star\" data-star=\"5\" style=\"padding-right: 4px\">\n            \n\n<div class=\"kksr-icon\" style=\"width: 15px; height: 15px;\"><\/div>\n        <\/div>\n    <\/div>\n    \n<div class=\"kksr-stars-active\" style=\"width: 91.1px;\">\n            <div class=\"kksr-star\" style=\"padding-right: 4px\">\n            \n\n<div class=\"kksr-icon\" style=\"width: 15px; height: 15px;\"><\/div>\n        <\/div>\n            <div class=\"kksr-star\" style=\"padding-right: 4px\">\n            \n\n<div class=\"kksr-icon\" style=\"width: 15px; height: 15px;\"><\/div>\n        <\/div>\n            <div class=\"kksr-star\" style=\"padding-right: 4px\">\n            \n\n<div class=\"kksr-icon\" style=\"width: 15px; height: 15px;\"><\/div>\n        <\/div>\n            <div class=\"kksr-star\" style=\"padding-right: 4px\">\n            \n\n<div class=\"kksr-icon\" style=\"width: 15px; height: 15px;\"><\/div>\n        <\/div>\n            <div class=\"kksr-star\" style=\"padding-right: 4px\">\n            \n\n<div class=\"kksr-icon\" style=\"width: 15px; height: 15px;\"><\/div>\n        <\/div>\n    <\/div>\n<\/div>\n                \n\n<div class=\"kksr-legend\" style=\"font-size: 12px;\">\n            4.9\/5 - (72 votos)    <\/div>\n    <\/div>\n<p><span style=\"font-weight: 400;\">La <\/span><b>percepci\u00f3n de profundidad<\/b><span style=\"font-weight: 400;\"> es la capacidad que tienen los ojos de percibir el mundo en tres dimensiones (longitud, profundidad y anchura), adem\u00e1s de su capacidad para medir lo lejos que se encuentra un objeto. <\/span><\/p>\n<p><span style=\"font-weight: 400;\">\u00bfQuieres saber m\u00e1s sobre la percepci\u00f3n de profundidad? En este art\u00edculo te lo contamos, adem\u00e1s de por qu\u00e9 motivos puede alterarse y por qu\u00e9 esto puede suponer un problema.\u00a0<\/span><\/p>\n<div id=\"ez-toc-container\" class=\"ez-toc-v2_0_82_2 ez-toc-wrap-center counter-hierarchy ez-toc-counter ez-toc-custom ez-toc-container-direction\">\n<div class=\"ez-toc-title-container\">\n<p class=\"ez-toc-title\" style=\"cursor:inherit\">\u00cdndice<\/p>\n<span class=\"ez-toc-title-toggle\"><\/span><\/div>\n<nav><ul class='ez-toc-list ez-toc-list-level-1 ' ><li class='ez-toc-page-1 ez-toc-heading-level-2'><a class=\"ez-toc-link ez-toc-heading-1\" href=\"https:\/\/www.clinicabaviera.com\/blog\/percepcion-de-profundidad\/#%C2%BFQue_es_la_percepcion_de_profundidad\" >\u00bfQu\u00e9 es la percepci\u00f3n de profundidad?<\/a><\/li><li class='ez-toc-page-1 ez-toc-heading-level-2'><a class=\"ez-toc-link ez-toc-heading-2\" href=\"https:\/\/www.clinicabaviera.com\/blog\/percepcion-de-profundidad\/#%C2%BFComo_percibimos_la_profundidad\" >\u00bfC\u00f3mo percibimos la profundidad?<\/a><\/li><li class='ez-toc-page-1 ez-toc-heading-level-2'><a class=\"ez-toc-link ez-toc-heading-3\" href=\"https:\/\/www.clinicabaviera.com\/blog\/percepcion-de-profundidad\/#%C2%BFQue_tipos_de_percepcion_de_profundidad_existen\" >\u00bfQu\u00e9 tipos de percepci\u00f3n de profundidad existen?<\/a><\/li><li class='ez-toc-page-1 ez-toc-heading-level-2'><a class=\"ez-toc-link ez-toc-heading-4\" href=\"https:\/\/www.clinicabaviera.com\/blog\/percepcion-de-profundidad\/#%C2%BFPuede_alterarse_la_percepcion_de_profundidad\" >\u00bfPuede alterarse la percepci\u00f3n de profundidad?<\/a><\/li><li class='ez-toc-page-1 ez-toc-heading-level-2'><a class=\"ez-toc-link ez-toc-heading-5\" href=\"https:\/\/www.clinicabaviera.com\/blog\/percepcion-de-profundidad\/#Evaluacion_de_la_percepcion_de_profundidad\" >Evaluaci\u00f3n de la percepci\u00f3n de profundidad<\/a><\/li><li class='ez-toc-page-1 ez-toc-heading-level-2'><a class=\"ez-toc-link ez-toc-heading-6\" href=\"https:\/\/www.clinicabaviera.com\/blog\/percepcion-de-profundidad\/#%C2%BFCual_es_el_tratamiento_para_la_alteracion_de_la_percepcion_de_profundidad\" >\u00bfCu\u00e1l es el tratamiento para la alteraci\u00f3n de la percepci\u00f3n de profundidad?<\/a><\/li><li class='ez-toc-page-1 ez-toc-heading-level-2'><a class=\"ez-toc-link ez-toc-heading-7\" href=\"https:\/\/www.clinicabaviera.com\/blog\/percepcion-de-profundidad\/#%C2%BFPor_que_algunas_personas_tienen_mayor_percepcion_de_profundidad_que_otras\" >\u00bfPor qu\u00e9 algunas personas tienen mayor percepci\u00f3n de profundidad que otras?<\/a><\/li><li class='ez-toc-page-1 ez-toc-heading-level-2'><a class=\"ez-toc-link ez-toc-heading-8\" href=\"https:\/\/www.clinicabaviera.com\/blog\/percepcion-de-profundidad\/#%C2%BFSe_puede_entrenar_la_percepcion_de_profundidad\" >\u00bfSe puede entrenar la percepci\u00f3n de profundidad?<\/a><\/li><li class='ez-toc-page-1 ez-toc-heading-level-2'><a class=\"ez-toc-link ez-toc-heading-9\" href=\"https:\/\/www.clinicabaviera.com\/blog\/percepcion-de-profundidad\/#Conclusiones_clave\" >Conclusiones clave<\/a><\/li><li class='ez-toc-page-1 ez-toc-heading-level-2'><a class=\"ez-toc-link ez-toc-heading-10\" href=\"https:\/\/www.clinicabaviera.com\/blog\/percepcion-de-profundidad\/#Fuentes\" >Fuentes<\/a><\/li><\/ul><\/nav><\/div>\n\n<h2><span class=\"ez-toc-section\" id=\"%C2%BFQue_es_la_percepcion_de_profundidad\"><\/span><span style=\"font-weight: 400;\">\u00bfQu\u00e9 es la percepci\u00f3n de profundidad?<\/span><span class=\"ez-toc-section-end\"><\/span><\/h2>\n<p><span style=\"font-weight: 400;\">Aunque puede parecer un concepto complejo, la percepci\u00f3n de profundidad no es m\u00e1s que la capacidad que tenemos los seres humanos para captar\u00a0 im\u00e1genes del entorno en tres dimensiones. Esto nos ayuda a coger cosas, golpear una pelota con una raqueta, andar, conducir&#8230; <\/span><\/p>\n<p><span style=\"font-weight: 400;\">En general, la percepci\u00f3n de profundidad nos permite relacionarnos con lo que nos rodea e interactuar.\u00a0<\/span><\/p>\n<p>Para determinar la percepci\u00f3n de profundidad, as\u00ed como la distancia y el tama\u00f1o de los objetos, es necesario hacerlo, tanto mediante <strong>se\u00f1ales monoculares<\/strong> (un ojo) como con <strong>se\u00f1ales binoculares<\/strong> (ambos ojos), ya que la informaci\u00f3n que nos aporta un solo ojo no es suficiente. Es lo que se conocer como <a href=\"https:\/\/www.clinicabaviera.com\/blog\/convergencia-ocular-que-ocurre-cuando-no-es-la-correcta\/\">convergencia ocular<\/a>.<\/p>\n<p><a href=\"https:\/\/cloud.info.clinicabaviera.com\/ojo-con-tus-ojos\"><img loading=\"lazy\" decoding=\"async\" data-attachment-id=\"35824\" data-permalink=\"https:\/\/www.clinicabaviera.com\/blog\/bye-bye-gafas\/distancia-para-ver-la-tv-cual-es-la-mejor\/ojo_con_tus_ojos_horizontal-2\/\" data-orig-file=\"https:\/\/cdn.clinicabaviera.com\/blog\/wp-content\/uploads\/2025\/01\/Ojo_con_tus_ojos_horizontal.jpg\" data-orig-size=\"751,367\" data-comments-opened=\"1\" data-image-meta=\"{&quot;aperture&quot;:&quot;0&quot;,&quot;credit&quot;:&quot;&quot;,&quot;camera&quot;:&quot;&quot;,&quot;caption&quot;:&quot;&quot;,&quot;created_timestamp&quot;:&quot;0&quot;,&quot;copyright&quot;:&quot;&quot;,&quot;focal_length&quot;:&quot;0&quot;,&quot;iso&quot;:&quot;0&quot;,&quot;shutter_speed&quot;:&quot;0&quot;,&quot;title&quot;:&quot;&quot;,&quot;orientation&quot;:&quot;0&quot;}\" data-image-title=\"Ojo_con_tus_ojos_horizontal\" data-image-description=\"\" data-image-caption=\"\" data-large-file=\"https:\/\/cdn.clinicabaviera.com\/blog\/wp-content\/uploads\/2025\/01\/Ojo_con_tus_ojos_horizontal.jpg\" class=\"aligncenter wp-image-35824 size-full\" src=\"https:\/\/cdn.clinicabaviera.com\/blog\/wp-content\/uploads\/2025\/01\/Ojo_con_tus_ojos_horizontal.jpg\" alt=\"\" width=\"751\" height=\"367\" srcset=\"https:\/\/cdn.clinicabaviera.com\/blog\/wp-content\/uploads\/2025\/01\/Ojo_con_tus_ojos_horizontal.jpg 751w, https:\/\/cdn.clinicabaviera.com\/blog\/wp-content\/uploads\/2025\/01\/Ojo_con_tus_ojos_horizontal-300x147.jpg 300w, https:\/\/cdn.clinicabaviera.com\/blog\/wp-content\/uploads\/2025\/01\/Ojo_con_tus_ojos_horizontal-200x98.jpg 200w\" sizes=\"auto, (max-width: 751px) 100vw, 751px\" \/><\/a><\/p>\n<h2><span class=\"ez-toc-section\" id=\"%C2%BFComo_percibimos_la_profundidad\"><\/span>\u00bfC\u00f3mo percibimos la profundidad?<span class=\"ez-toc-section-end\"><\/span><\/h2>\n<p><span style=\"font-weight: 400;\">Nuestros ojos usan tres m\u00e9todos para percibir la profundidad y determinar las distancias:<\/span><\/p>\n<ul>\n<li style=\"font-weight: 400;\"><span style=\"font-weight: 400;\"><strong>Tama\u00f1o del objeto reconocido en la retina.<\/strong> Usa la experiencia previa para determinar el tama\u00f1o de los objetos, de manera que se ayuda al cerebro a establecer la distancia con respecto al objeto.<\/span><\/li>\n<li style=\"font-weight: 400;\"><span style=\"font-weight: 400;\"><strong>Paralaje del movimiento.<\/strong> Si movemos la cabeza de manera r\u00e1pida frente a una persona, esta se mueve tambi\u00e9n, pero no los objetos del fondo, lo cual ayuda al cerebro a calcular la distancia.\u00a0<\/span><\/li>\n<li style=\"font-weight: 400;\"><strong><a href=\"https:\/\/www.clinicabaviera.com\/blog\/bye-bye-gafasconoce-tus-ojosque-es-la-vision-estereoscopica\/\">Visi\u00f3n estereosc\u00f3pica.<\/a><\/strong><span style=\"font-weight: 400;\"> Los objetos cercanos son percibidos por ambos ojos de manera diferente, mientras que los lejanos parecen m\u00e1s similares, lo cual tambi\u00e9n ayuda al cerebro a determinar la distancia. Una persona que no ve con ambos ojos no tiene esta capacidad.\u00a0<\/span><\/li>\n<\/ul>\n<h2><span class=\"ez-toc-section\" id=\"%C2%BFQue_tipos_de_percepcion_de_profundidad_existen\"><\/span><span style=\"font-weight: 400;\">\u00bfQu\u00e9 tipos de percepci\u00f3n de profundidad existen?<\/span><span class=\"ez-toc-section-end\"><\/span><\/h2>\n<p><span style=\"font-weight: 400;\">Los tipos de percepci\u00f3n de profundidad, tambi\u00e9n conocidos como <strong>se\u00f1ales de profundidad<\/strong>, se dividen en:<\/span><\/p>\n<ul>\n<li style=\"font-weight: 400;\"><span style=\"font-weight: 400;\"><strong>Monoculares (un solo ojo. <\/strong>Se\u00f1ales como la interposici\u00f3n, la perspectiva lineal, la perspectiva a\u00e9rea, las luces y las sombras, as\u00ed como el movimiento de paralaje monocular, tienen que ver con que cada ojo recibe una informaci\u00f3n diferente acerca de un objeto.\u00a0<\/span><\/li>\n<li style=\"font-weight: 400;\"><span style=\"font-weight: 400;\"><strong>Binoculares (ambos ojos).<\/strong> En este caso, se\u00f1ales como la disparidad retiniana o la fusi\u00f3n permiten que cada ojo, que recibe una imagen diferente de un objeto en funci\u00f3n del \u00e1ngulo en el que se encuentra, tenga una percepci\u00f3n diferente. Al unirse ambas percepciones se forma el objeto al completo.<\/span><\/li>\n<li style=\"font-weight: 400;\"><span style=\"font-weight: 400;\"><strong>Inferidas<\/strong>. Combinan las se\u00f1ales monoculares y las binoculares.\u00a0<\/span><\/li>\n<\/ul>\n<h2><img loading=\"lazy\" decoding=\"async\" data-attachment-id=\"23853\" data-permalink=\"https:\/\/www.clinicabaviera.com\/blog\/percepcion-de-profundidad\/girl-looking-through-binoculars-to-the-side\/\" data-orig-file=\"https:\/\/cdn.clinicabaviera.com\/blog\/wp-content\/uploads\/2020\/11\/iStock-1077938118.jpg\" data-orig-size=\"1417,739\" data-comments-opened=\"1\" data-image-meta=\"{&quot;aperture&quot;:&quot;0&quot;,&quot;credit&quot;:&quot;Getty Images\/iStockphoto&quot;,&quot;camera&quot;:&quot;&quot;,&quot;caption&quot;:&quot;the girl in the Studio looking through binoculars to the side. Dark Burgundy background and smiling model in a dress. The concept of search and information&quot;,&quot;created_timestamp&quot;:&quot;0&quot;,&quot;copyright&quot;:&quot;&quot;,&quot;focal_length&quot;:&quot;0&quot;,&quot;iso&quot;:&quot;0&quot;,&quot;shutter_speed&quot;:&quot;0&quot;,&quot;title&quot;:&quot;girl looking through binoculars to the side&quot;,&quot;orientation&quot;:&quot;1&quot;}\" data-image-title=\"Percepci\u00f3n de profundidad\" data-image-description=\"\" data-image-caption=\"\" data-large-file=\"https:\/\/cdn.clinicabaviera.com\/blog\/wp-content\/uploads\/2020\/11\/iStock-1077938118-840x438.jpg\" class=\"aligncenter wp-image-23853 size-full\" src=\"https:\/\/cdn.clinicabaviera.com\/blog\/wp-content\/uploads\/2020\/11\/iStock-1077938118.jpg\" alt=\"Mujer con el pelo rizado mirando por prism\u00e1ticos\" width=\"1417\" height=\"739\" srcset=\"https:\/\/cdn.clinicabaviera.com\/blog\/wp-content\/uploads\/2020\/11\/iStock-1077938118.jpg 1417w, https:\/\/cdn.clinicabaviera.com\/blog\/wp-content\/uploads\/2020\/11\/iStock-1077938118-300x156.jpg 300w, https:\/\/cdn.clinicabaviera.com\/blog\/wp-content\/uploads\/2020\/11\/iStock-1077938118-840x438.jpg 840w, https:\/\/cdn.clinicabaviera.com\/blog\/wp-content\/uploads\/2020\/11\/iStock-1077938118-200x104.jpg 200w, https:\/\/cdn.clinicabaviera.com\/blog\/wp-content\/uploads\/2020\/11\/iStock-1077938118-768x401.jpg 768w\" sizes=\"auto, (max-width: 1417px) 100vw, 1417px\" \/><\/h2>\n<h2><span class=\"ez-toc-section\" id=\"%C2%BFPuede_alterarse_la_percepcion_de_profundidad\"><\/span><span style=\"font-weight: 400;\">\u00bfPuede alterarse la percepci\u00f3n de profundidad?<\/span><span class=\"ez-toc-section-end\"><\/span><\/h2>\n<p><span style=\"font-weight: 400;\">A pesar de que la percepci\u00f3n de profundidad es vital para que el ser humano se relacione con el entorno, en ocasiones puede alterarse y aparecer problemas como:<\/span><\/p>\n<ul>\n<li style=\"font-weight: 400;\"><strong><a href=\"https:\/\/www.clinicabaviera.com\/blog\/vision-borrosa-en-un-ojo-por-que\/\">Visi\u00f3n borrosa<\/a>.\u00a0<\/strong>Existen diferentes problemas que pueden provocar visi\u00f3n borrosa, desde la <a href=\"https:\/\/www.clinicabaviera.com\/refractiva-miopia\">miop\u00eda<\/a> hasta el <a href=\"https:\/\/www.clinicabaviera.com\/glaucoma\">glaucoma<\/a> o la <a href=\"https:\/\/www.clinicabaviera.com\/retinopatia-diabetica\">retinopat\u00eda diab\u00e9tica<\/a>. Cualquier factor que haga que la visi\u00f3n sea borrosa puede interferir en la percepci\u00f3n de la profundidad.<\/li>\n<li style=\"font-weight: 400;\"><a href=\"https:\/\/www.clinicabaviera.com\/estrabismo\"><span style=\"font-weight: 400;\"><strong>Estrabismo<\/strong>.<\/span><\/a><span style=\"font-weight: 400;\"> Ocurre cuando los ojos no est\u00e1n alineados y apuntan en direcciones diferentes. Cuando los dos ojos no enfocan la misma imagen, la percepci\u00f3n de la profundidad se reduce o desaparece.<\/span><\/li>\n<li style=\"font-weight: 400;\"><strong><a href=\"https:\/\/www.clinicabaviera.com\/ojo-vago-ambliopia\">Ambliop\u00eda.<\/a><\/strong><span style=\"font-weight: 400;\"> Conocida como ojo vago, se produce cuando la visi\u00f3n no se desarrolla de manera correcta durante la infancia.\u00a0<\/span><\/li>\n<li style=\"font-weight: 400;\"><strong>Problemas en el <a href=\"https:\/\/www.clinicabaviera.com\/nervio-optico-danado\">nervio \u00f3ptico<\/a>.\u00a0<\/strong>El nervio \u00f3ptico est\u00e1 formado por m\u00e1s de un mill\u00f3n de fibras nerviosas que transmiten mensajes visuales al cerebro. Si es hincha, inflama o da\u00f1a, puede producirse p\u00e9rdida de visi\u00f3n y cambios en la percepci\u00f3n de profundidad.<\/li>\n<li style=\"font-weight: 400;\"><span style=\"font-weight: 400;\"><strong>Traumatismos<\/strong>. Un golpe directo o una lesi\u00f3n en uno o ambos ojos podr\u00eda da\u00f1ar la visi\u00f3n, lo que podr\u00eda afectar a la percepci\u00f3n de la profundidad.<\/span><\/li>\n<\/ul>\n<h2><span class=\"ez-toc-section\" id=\"Evaluacion_de_la_percepcion_de_profundidad\"><\/span>Evaluaci\u00f3n de la percepci\u00f3n de profundidad<span class=\"ez-toc-section-end\"><\/span><\/h2>\n<p>Existen dos tipos de pruebas de percepci\u00f3n de profundidad:<\/p>\n<ul>\n<li><strong>Estereograma de puntos aleatorios.\u00a0<\/strong>Esta prueba utiliza dos im\u00e1genes, cada una compuesta por puntos o cuadrados blancos y negros. Aunque cada ojo ve un patr\u00f3n diferente en los puntos, cuando se ven juntos, los patrones se ven como una forma espec\u00edfica.<\/li>\n<li><strong>Estereograma de contorno. <\/strong>Eval\u00faa dos est\u00edmulos horizontalmente diferentes. La persona que realiza las pruebas observa im\u00e1genes (como la de una mosca) y se le indica que identifique la que parece salirse de la p\u00e1gina.<\/li>\n<\/ul>\n<h2><span class=\"ez-toc-section\" id=\"%C2%BFCual_es_el_tratamiento_para_la_alteracion_de_la_percepcion_de_profundidad\"><\/span>\u00bfCu\u00e1l es el tratamiento para la alteraci\u00f3n de la percepci\u00f3n de profundidad?<span class=\"ez-toc-section-end\"><\/span><\/h2>\n<p>Cada uno de los trastornos que provocan alteraciones en la percepci\u00f3n de profundidad deber\u00e1n ser abordados por el oftalm\u00f3logo de manera particular y en el momento adecuado.<\/p>\n<p>Por ejemplo:<\/p>\n<ul>\n<li>Si la causa del problema es la ambliop\u00eda, el tratamiento consiste en forzar al cerebro a utilizar el ojo con visi\u00f3n reducida colocando un <a href=\"https:\/\/www.clinicabaviera.com\/blog\/salud-visual\/parche-para-ojos\/\">parche sobre el ojo<\/a> que mejor ve o utilizando medicamentos para desenfocar la visi\u00f3n de este ojo. De este modo, se entrena al cerebro para que utilice el ojo m\u00e1s d\u00e9bil.<\/li>\n<li>En caso de estrabismo, existen varias alternativas de tratamiento:\n<ul>\n<li>El uso de gafas.<\/li>\n<li>La <a href=\"https:\/\/www.clinicabaviera.com\/operacion-estrabismo\">cirug\u00eda<\/a>.<\/li>\n<\/ul>\n<\/li>\n<\/ul>\n<h2><span class=\"ez-toc-section\" id=\"%C2%BFPor_que_algunas_personas_tienen_mayor_percepcion_de_profundidad_que_otras\"><\/span>\u00bfPor qu\u00e9 algunas personas tienen mayor percepci\u00f3n de profundidad que otras?<span class=\"ez-toc-section-end\"><\/span><\/h2>\n<p>Como hemos comentado, existen diferentes factores que pueden alterar la percepci\u00f3n de profundidad de una persona. En resumen, se pueden dividir en dos grandes grupos:<\/p>\n<ul>\n<li>Enfermedades o problemas visuales que afectan a uno de los ojos y provocan que la imagen percibida por un ojo sea diferente a la que obtiene el otro ojo.<\/li>\n<li>Problemas que generan dificultades para que el cerebro procese el alineamiento de las im\u00e1genes que se emplea para crear la impresi\u00f3n de profundidad.<\/li>\n<\/ul>\n<h2><span class=\"ez-toc-section\" id=\"%C2%BFSe_puede_entrenar_la_percepcion_de_profundidad\"><\/span>\u00bfSe puede entrenar la percepci\u00f3n de profundidad?<span class=\"ez-toc-section-end\"><\/span><\/h2>\n<p>Seg\u00fan algunas corrientes de pensamiento, la terapia visual puede ayudar a entrenar la percepci\u00f3n de profundidad provocada por una causa cr\u00f3nica.<\/p>\n<h2 style=\"text-align: center;\"><span class=\"ez-toc-section\" id=\"Conclusiones_clave\"><\/span>Conclusiones clave<span class=\"ez-toc-section-end\"><\/span><\/h2>\n<div class=\"wptb-container-legacy\" data-table-id=\"35574\">\n    <table class=\"wptb-preview-table wptb-element-main-table_setting-35574\" style=\"border-spacing: 3px 3px; border-collapse: collapse !important; min-width: 100%; border: 28px  rgb(42, 33, 221); \" data-border-spacing-columns=\"3\" data-border-spacing-rows=\"3\" data-reconstraction=\"1\" data-wptb-table-directives=\"eyJpbm5lckJvcmRlcnMiOnsiYWN0aXZlIjoiYWxsIiwiYm9yZGVyV2lkdGgiOjI4LCJib3JkZXJSYWRpdXNlcyI6eyJhbGwiOjAsInJvdyI6MCwiY29sdW1uIjowfX19\" data-wptb-responsive-directives=\"eyJyZXNwb25zaXZlRW5hYmxlZCI6dHJ1ZSwicmVzcG9uc2l2ZU1vZGUiOiJhdXRvIiwicmVsYXRpdmVXaWR0aCI6IndpbmRvdyIsInByZXNlcnZlUm93Q29sb3IiOmZhbHNlLCJoZWFkZXJGdWxseU1lcmdlZCI6ZmFsc2UsImJyZWFrcG9pbnRzIjp7ImRlc2t0b3AiOnsibmFtZSI6ImRlc2t0b3AiLCJ3aWR0aCI6MTAyNH0sInRhYmxldCI6eyJuYW1lIjoidGFibGV0Iiwid2lkdGgiOjcwMH0sIm1vYmlsZSI6eyJuYW1lIjoibW9iaWxlIiwid2lkdGgiOjM3NX19LCJtb2RlT3B0aW9ucyI6eyJhdXRvIjp7ImRpc2FibGVkIjp7ImRlc2t0b3AiOmZhbHNlLCJ0YWJsZXQiOmZhbHNlLCJtb2JpbGUiOmZhbHNlfSwidG9wUm93QXNIZWFkZXIiOnsiZGVza3RvcCI6ZmFsc2UsInRhYmxldCI6dHJ1ZSwibW9iaWxlIjp0cnVlfSwicmVwZWF0TWVyZ2VkSGVhZGVyIjp7ImRlc2t0b3AiOnRydWUsInRhYmxldCI6dHJ1ZSwibW9iaWxlIjp0cnVlfSwic3RhdGljVG9wUm93Ijp7ImRlc2t0b3AiOmZhbHNlLCJ0YWJsZXQiOmZhbHNlLCJtb2JpbGUiOmZhbHNlfSwiY2VsbFN0YWNrRGlyZWN0aW9uIjp7ImRlc2t0b3AiOiJyb3ciLCJ0YWJsZXQiOiJyb3ciLCJtb2JpbGUiOiJyb3cifSwiY2VsbHNQZXJSb3ciOnsiZGVza3RvcCI6MSwidGFibGV0IjoyLCJtb2JpbGUiOjF9fX19\" data-wptb-cells-width-auto-count=\"1\" data-wptb-horizontal-scroll-status=\"1\" data-wptb-extra-styles=\"LyogRW50ZXIgeW91ciBjdXN0b20gQ1NTIHJ1bGVzIGhlcmUgKi8=\" data-wptb-pro-pagination-top-row-header=\"false\" data-wptb-rows-per-page=\"10\" data-wptb-pro-search-top-row-header=\"false\" data-wptb-searchbar-position=\"left\" role=\"table\" data-table-columns=\"1\" data-wptb-table-alignment=\"center\" data-wptb-td-width-auto=\"100\" data-wptb-table-tds-sum-max-width=\"224\" ><tbody data-global-font-color=\"#000000\" data-global-link-color=\"#000000\" data-global-font-size=\"15\" ><tr  class=\"wptb-row \" style=\"\"><td class=\"wptb-cell \" colspan=\"3\" rowspan=\"1\" style=\"padding: 6px; border-width: 49px; border-color: rgb(42, 33, 221); border-style: solid; border-radius: 0px; \" data-y-index=\"0\" data-x-index=\"0\" data-wptb-css-td-auto-width=\"true\" data-wptb-css-td-auto-height=\"true\" data-wptb-cell-vertical-alignment=\"center\" ><div class=\"wptb-text-container wptb-ph-element wptb-element-text-597\" style=\"color: #074b9e; font-size: 14px; \"><div style=\"position: relative;\"><p><strong>* <\/strong>La percepci\u00f3n de profundidad es la <strong>capacidad de ver las cosas en tres dimensiones y determinar la distancia<\/strong> a la que se encuentra un objeto.<\/p><p><strong>*<\/strong> La percepci\u00f3n de profundidad se mide con unas pruebas llamadas <strong>estereogramas<\/strong>.<\/p><p><strong>* <\/strong>Puede verse alterada por diferentes problemas, como la <strong>ambliop\u00eda<\/strong> o el <strong>estrabismo<\/strong>.<\/p><\/div><\/div><\/td><\/tr><\/tbody><\/table>\n<\/div>\n\n<h2><span class=\"ez-toc-section\" id=\"Fuentes\"><\/span><span style=\"font-weight: 400;\">Fuentes<\/span><span class=\"ez-toc-section-end\"><\/span><\/h2>\n<ul>\n<li><a href=\"https:\/\/www.aao.org\/salud-ocular\/anatomia\/percepcion-de-profundidad\" rel=\"nofollow\">Academia Americana de Oftalmolog\u00eda &#8211; Percepci\u00f3n de profundidad<\/a><\/li>\n<li><a href=\"https:\/\/es.wikipedia.org\/wiki\/Percepci%C3%B3n_de_profundidad\" rel=\"nofollow\">Wikipedia &#8211; Percepci\u00f3n de profundidad<\/a><\/li>\n<li><a href=\"https:\/\/es.wikipedia.org\/wiki\/Estereograma_de_puntos_aleatorios\" rel=\"nofollow\">Wikipedia &#8211; Estereograma de puntos aleatorios<\/a><\/li>\n<\/ul>\n<hr \/>\n<pre class=\"ti-widget\"><template id=\"trustindex-google-widget-html\"><div class=\" ti-widget  ti-goog ti-review-text-mode-readmore ti-text-align-left\" data-no-translation=\"true\" data-plugin-version=\"13.2.9\" data-layout-id=\"5\" data-layout-category=\"slider\" data-set-id=\"light-minimal\" data-pid=\"\" data-language=\"es\" data-close-locale=\"Cerca\" data-review-target-width=\"275\" data-css-version=\"2\" data-reply-by-locale=\"Respuesta del propietario\" data-only-rating-locale=\"Esta usuario solo dej\u00f3 una calificaci\u00f3n.\" data-pager-autoplay-timeout=\"6\"> <div class=\"ti-widget-container ti-col-4\"> <div class=\"ti-footer ti-footer-grid source-Google\"> <div class=\"ti-fade-container\"> <div class=\"ti-rating-text\"> <strong class=\"ti-rating ti-rating-large\"> EXCELENTE <\/strong> <\/div> <span class=\"ti-stars star-lg\"><trustindex-image class=\"ti-star\" data-imgurl=\"https:\/\/cdn.trustindex.io\/assets\/platform\/Google\/star\/f.svg\" alt=\"Google star 1\" width=\"17\" height=\"17\" loading=\"lazy\"><\/trustindex-image><trustindex-image class=\"ti-star\" data-imgurl=\"https:\/\/cdn.trustindex.io\/assets\/platform\/Google\/star\/f.svg\" alt=\"Google star 2\" width=\"17\" height=\"17\" loading=\"lazy\"><\/trustindex-image><trustindex-image class=\"ti-star\" data-imgurl=\"https:\/\/cdn.trustindex.io\/assets\/platform\/Google\/star\/f.svg\" alt=\"Google star 3\" width=\"17\" height=\"17\" loading=\"lazy\"><\/trustindex-image><trustindex-image class=\"ti-star\" data-imgurl=\"https:\/\/cdn.trustindex.io\/assets\/platform\/Google\/star\/f.svg\" alt=\"Google star 4\" width=\"17\" height=\"17\" loading=\"lazy\"><\/trustindex-image><trustindex-image class=\"ti-star\" data-imgurl=\"https:\/\/cdn.trustindex.io\/assets\/platform\/Google\/star\/f.svg\" alt=\"Google star 5\" width=\"17\" height=\"17\" loading=\"lazy\"><\/trustindex-image><\/span> <div class=\"ti-rating-text\"> <span class=\"nowrap\">A base de <strong>570 rese\u00f1as<\/strong><\/span> <\/div> <div class=\"ti-large-logo\"> <div class=\"ti-v-center\"> <trustindex-image class=\"ti-logo-fb\" data-imgurl=\"https:\/\/cdn.trustindex.io\/assets\/platform\/Google\/logo.svg\" width=\"150\" height=\"25\" loading=\"lazy\" alt=\"Google\"><\/trustindex-image> <\/div> <\/div> <\/div> <\/div> <div class=\"ti-reviews-container\"> <div class=\"ti-controls\"> <div class=\"ti-next\" aria-label=\"Siguiente rese\u00f1a\" role=\"button\" tabindex=\"0\"><\/div> <div class=\"ti-prev\" aria-label=\"Rese\u00f1a anterior\" role=\"button\" tabindex=\"0\"><\/div> <\/div> <div class=\"ti-reviews-container-wrapper\">  <div data-empty=\"0\" class=\"ti-review-item source-Google ti-image-layout-thumbnail\" data-time=\"\" data-id=\"cfcd208495d565ef66e7dff9f98764da\" data-language=\"\"> <div class=\"ti-inner\"> <div class=\"ti-review-header\"> <div class=\"ti-platform-icon ti-with-tooltip\"> <span class=\"ti-tooltip\">Publicado en Google<\/span> <trustindex-image data-imgurl=\"https:\/\/cdn.trustindex.io\/assets\/platform\/Google\/icon.svg\" alt=\"Google\" width=\"20\" height=\"20\" loading=\"lazy\"><\/trustindex-image> <\/div> <div class=\"ti-profile-img\"> <trustindex-image data-imgurl=\"https:\/\/lh3.googleusercontent.com\/a\/ACg8ocKWHKmwDoN8jelN8JHWQw2buiU4ji6WyuVq8pcV4kRI=w40-h40-c-rp-mo-br100\" alt=\"Karelys Asencio Torres profile picture\" loading=\"lazy\"><\/trustindex-image> <\/div> <div class=\"ti-profile-details\"> <div class=\"ti-name\"> Karelys Asencio Torres <\/div> <div class=\"ti-date\">05\/03\/2024<\/div> <\/div> <\/div> <span class=\"ti-stars\"><trustindex-image class=\"ti-star\" data-imgurl=\"https:\/\/cdn.trustindex.io\/assets\/platform\/Google\/star\/f.svg\" alt=\"Google star 1\" width=\"17\" height=\"17\" loading=\"lazy\"><\/trustindex-image><trustindex-image class=\"ti-star\" data-imgurl=\"https:\/\/cdn.trustindex.io\/assets\/platform\/Google\/star\/f.svg\" alt=\"Google star 2\" width=\"17\" height=\"17\" loading=\"lazy\"><\/trustindex-image><trustindex-image class=\"ti-star\" data-imgurl=\"https:\/\/cdn.trustindex.io\/assets\/platform\/Google\/star\/f.svg\" alt=\"Google star 3\" width=\"17\" height=\"17\" loading=\"lazy\"><\/trustindex-image><trustindex-image class=\"ti-star\" data-imgurl=\"https:\/\/cdn.trustindex.io\/assets\/platform\/Google\/star\/f.svg\" alt=\"Google star 4\" width=\"17\" height=\"17\" loading=\"lazy\"><\/trustindex-image><trustindex-image class=\"ti-star\" data-imgurl=\"https:\/\/cdn.trustindex.io\/assets\/platform\/Google\/star\/f.svg\" alt=\"Google star 5\" width=\"17\" height=\"17\" loading=\"lazy\"><\/trustindex-image><span class=\"ti-verified-review ti-verified-platform\"><span class=\"ti-verified-tooltip\">Trustindex verifica que la fuente original de la rese\u00f1a sea Google.<\/span><\/span><\/span> <div class=\"ti-review-text-container ti-review-content\"><!-- R-CONTENT -->Esta cl\u00ednica sin duda es la mejor !! El trato en recepci\u00f3n y de los m\u00e9dicos es excepcional. Estoy muy contenta con los resultados. Muchas gracias !<!-- R-CONTENT --><\/div> <span class=\"ti-read-more\" data-container=\".ti-review-content\" data-collapse-text=\"Ocultar\" data-open-text=\"Leer m\u00e1s\"><\/span> <\/div> <\/div>  <div data-empty=\"0\" class=\"ti-review-item source-Google ti-image-layout-thumbnail\" data-time=\"\" data-id=\"cfcd208495d565ef66e7dff9f98764da\" data-language=\"\"> <div class=\"ti-inner\"> <div class=\"ti-review-header\"> <div class=\"ti-platform-icon ti-with-tooltip\"> <span class=\"ti-tooltip\">Publicado en Google<\/span> <trustindex-image data-imgurl=\"https:\/\/cdn.trustindex.io\/assets\/platform\/Google\/icon.svg\" alt=\"Google\" width=\"20\" height=\"20\" loading=\"lazy\"><\/trustindex-image> <\/div> <div class=\"ti-profile-img\"> <trustindex-image data-imgurl=\"https:\/\/lh3.googleusercontent.com\/a\/ACg8ocJx5lc8VzH_Kx5vNl4iC9Qof6IGYcXj03vtn_CJ67tj=w40-h40-c-rp-mo-br100\" alt=\"Vanesa Delgado Arcos profile picture\" loading=\"lazy\"><\/trustindex-image> <\/div> <div class=\"ti-profile-details\"> <div class=\"ti-name\"> Vanesa Delgado Arcos <\/div> <div class=\"ti-date\">01\/03\/2024<\/div> <\/div> <\/div> <span class=\"ti-stars\"><trustindex-image class=\"ti-star\" data-imgurl=\"https:\/\/cdn.trustindex.io\/assets\/platform\/Google\/star\/f.svg\" alt=\"Google star 1\" width=\"17\" height=\"17\" loading=\"lazy\"><\/trustindex-image><trustindex-image class=\"ti-star\" data-imgurl=\"https:\/\/cdn.trustindex.io\/assets\/platform\/Google\/star\/f.svg\" alt=\"Google star 2\" width=\"17\" height=\"17\" loading=\"lazy\"><\/trustindex-image><trustindex-image class=\"ti-star\" data-imgurl=\"https:\/\/cdn.trustindex.io\/assets\/platform\/Google\/star\/f.svg\" alt=\"Google star 3\" width=\"17\" height=\"17\" loading=\"lazy\"><\/trustindex-image><trustindex-image class=\"ti-star\" data-imgurl=\"https:\/\/cdn.trustindex.io\/assets\/platform\/Google\/star\/f.svg\" alt=\"Google star 4\" width=\"17\" height=\"17\" loading=\"lazy\"><\/trustindex-image><trustindex-image class=\"ti-star\" data-imgurl=\"https:\/\/cdn.trustindex.io\/assets\/platform\/Google\/star\/f.svg\" alt=\"Google star 5\" width=\"17\" height=\"17\" loading=\"lazy\"><\/trustindex-image><span class=\"ti-verified-review ti-verified-platform\"><span class=\"ti-verified-tooltip\">Trustindex verifica que la fuente original de la rese\u00f1a sea Google.<\/span><\/span><\/span> <div class=\"ti-review-text-container ti-review-content\"><!-- R-CONTENT -->Much\u00edsima profesionalidad por parte de todo el equipo desde recepci\u00f3n y por supuesto si doctor.Estoy totalmente complacida por el resultado de la operaci\u00f3n y posteriores seguimientos.100%recomendable.<!-- R-CONTENT --><\/div> <span class=\"ti-read-more\" data-container=\".ti-review-content\" data-collapse-text=\"Ocultar\" data-open-text=\"Leer m\u00e1s\"><\/span> <\/div> <\/div>  <div data-empty=\"0\" class=\"ti-review-item source-Google ti-image-layout-thumbnail\" data-time=\"\" data-id=\"cfcd208495d565ef66e7dff9f98764da\" data-language=\"\"> <div class=\"ti-inner\"> <div class=\"ti-review-header\"> <div class=\"ti-platform-icon ti-with-tooltip\"> <span class=\"ti-tooltip\">Publicado en Google<\/span> <trustindex-image data-imgurl=\"https:\/\/cdn.trustindex.io\/assets\/platform\/Google\/icon.svg\" alt=\"Google\" width=\"20\" height=\"20\" loading=\"lazy\"><\/trustindex-image> <\/div> <div class=\"ti-profile-img\"> <trustindex-image data-imgurl=\"https:\/\/lh3.googleusercontent.com\/a-\/ALV-UjViSSX9rp-UKWvltgBF-J8MwK4Ga5nbJvaYsl3jYkAh2LQ=w40-h40-c-rp-mo-br100\" alt=\"Jorge Carnicero profile picture\" loading=\"lazy\"><\/trustindex-image> <\/div> <div class=\"ti-profile-details\"> <div class=\"ti-name\"> Jorge Carnicero <\/div> <div class=\"ti-date\">27\/02\/2024<\/div> <\/div> <\/div> <span class=\"ti-stars\"><trustindex-image class=\"ti-star\" data-imgurl=\"https:\/\/cdn.trustindex.io\/assets\/platform\/Google\/star\/f.svg\" alt=\"Google star 1\" width=\"17\" height=\"17\" loading=\"lazy\"><\/trustindex-image><trustindex-image class=\"ti-star\" data-imgurl=\"https:\/\/cdn.trustindex.io\/assets\/platform\/Google\/star\/f.svg\" alt=\"Google star 2\" width=\"17\" height=\"17\" loading=\"lazy\"><\/trustindex-image><trustindex-image class=\"ti-star\" data-imgurl=\"https:\/\/cdn.trustindex.io\/assets\/platform\/Google\/star\/f.svg\" alt=\"Google star 3\" width=\"17\" height=\"17\" loading=\"lazy\"><\/trustindex-image><trustindex-image class=\"ti-star\" data-imgurl=\"https:\/\/cdn.trustindex.io\/assets\/platform\/Google\/star\/f.svg\" alt=\"Google star 4\" width=\"17\" height=\"17\" loading=\"lazy\"><\/trustindex-image><trustindex-image class=\"ti-star\" data-imgurl=\"https:\/\/cdn.trustindex.io\/assets\/platform\/Google\/star\/f.svg\" alt=\"Google star 5\" width=\"17\" height=\"17\" loading=\"lazy\"><\/trustindex-image><span class=\"ti-verified-review ti-verified-platform\"><span class=\"ti-verified-tooltip\">Trustindex verifica que la fuente original de la rese\u00f1a sea Google.<\/span><\/span><\/span> <div class=\"ti-review-text-container ti-review-content\"><!-- R-CONTENT -->Me oper\u00e9 ya hace un mes con laser de miop\u00eda y no pude tomar mejor decisi\u00f3n, buen asesoramiento desde el principio, un equipo maravilloso que est\u00e1n disponibles para cualquier consulta y unos resultados \u00f3ptimos, sensaci\u00f3n inmejorable poder ver otra vez perfectamente sin necesidad de gafas.<!-- R-CONTENT --><\/div> <span class=\"ti-read-more\" data-container=\".ti-review-content\" data-collapse-text=\"Ocultar\" data-open-text=\"Leer m\u00e1s\"><\/span> <\/div> <\/div>  <div data-empty=\"0\" class=\"ti-review-item source-Google ti-image-layout-thumbnail\" data-time=\"\" data-id=\"cfcd208495d565ef66e7dff9f98764da\" data-language=\"\"> <div class=\"ti-inner\"> <div class=\"ti-review-header\"> <div class=\"ti-platform-icon ti-with-tooltip\"> <span class=\"ti-tooltip\">Publicado en Google<\/span> <trustindex-image data-imgurl=\"https:\/\/cdn.trustindex.io\/assets\/platform\/Google\/icon.svg\" alt=\"Google\" width=\"20\" height=\"20\" loading=\"lazy\"><\/trustindex-image> <\/div> <div class=\"ti-profile-img\"> <trustindex-image data-imgurl=\"https:\/\/lh3.googleusercontent.com\/a\/ACg8ocLf5YTDoqTOI9RiEgIqmgY0sL1jjWzGDFlZUKGefO3E=w40-h40-c-rp-mo-br100\" alt=\"Carlos \u00c1ngel P\u00e9rez profile picture\" loading=\"lazy\"><\/trustindex-image> <\/div> <div class=\"ti-profile-details\"> <div class=\"ti-name\"> Carlos \u00c1ngel P\u00e9rez <\/div> <div class=\"ti-date\">27\/02\/2024<\/div> <\/div> <\/div> <span class=\"ti-stars\"><trustindex-image class=\"ti-star\" data-imgurl=\"https:\/\/cdn.trustindex.io\/assets\/platform\/Google\/star\/f.svg\" alt=\"Google star 1\" width=\"17\" height=\"17\" loading=\"lazy\"><\/trustindex-image><trustindex-image class=\"ti-star\" data-imgurl=\"https:\/\/cdn.trustindex.io\/assets\/platform\/Google\/star\/f.svg\" alt=\"Google star 2\" width=\"17\" height=\"17\" loading=\"lazy\"><\/trustindex-image><trustindex-image class=\"ti-star\" data-imgurl=\"https:\/\/cdn.trustindex.io\/assets\/platform\/Google\/star\/f.svg\" alt=\"Google star 3\" width=\"17\" height=\"17\" loading=\"lazy\"><\/trustindex-image><trustindex-image class=\"ti-star\" data-imgurl=\"https:\/\/cdn.trustindex.io\/assets\/platform\/Google\/star\/f.svg\" alt=\"Google star 4\" width=\"17\" height=\"17\" loading=\"lazy\"><\/trustindex-image><trustindex-image class=\"ti-star\" data-imgurl=\"https:\/\/cdn.trustindex.io\/assets\/platform\/Google\/star\/f.svg\" alt=\"Google star 5\" width=\"17\" height=\"17\" loading=\"lazy\"><\/trustindex-image><span class=\"ti-verified-review ti-verified-platform\"><span class=\"ti-verified-tooltip\">Trustindex verifica que la fuente original de la rese\u00f1a sea Google.<\/span><\/span><\/span> <div class=\"ti-review-text-container ti-review-content\"><!-- R-CONTENT -->Atenci\u00f3n muy buena de la doctora y de las auxiliares<!-- R-CONTENT --><\/div> <span class=\"ti-read-more\" data-container=\".ti-review-content\" data-collapse-text=\"Ocultar\" data-open-text=\"Leer m\u00e1s\"><\/span> <\/div> <\/div>  <div data-empty=\"0\" class=\"ti-review-item source-Google ti-image-layout-thumbnail\" data-time=\"\" data-id=\"cfcd208495d565ef66e7dff9f98764da\" data-language=\"\"> <div class=\"ti-inner\"> <div class=\"ti-review-header\"> <div class=\"ti-platform-icon ti-with-tooltip\"> <span class=\"ti-tooltip\">Publicado en Google<\/span> <trustindex-image data-imgurl=\"https:\/\/cdn.trustindex.io\/assets\/platform\/Google\/icon.svg\" alt=\"Google\" width=\"20\" height=\"20\" loading=\"lazy\"><\/trustindex-image> <\/div> <div class=\"ti-profile-img\"> <trustindex-image data-imgurl=\"https:\/\/lh3.googleusercontent.com\/a\/ACg8ocLJ9j-vNwboPm0yglVXrs4FTPEon3Om3ZTJi7xaqcjl=w40-h40-c-rp-mo-br100\" alt=\"Virginia Jimenez profile picture\" loading=\"lazy\"><\/trustindex-image> <\/div> <div class=\"ti-profile-details\"> <div class=\"ti-name\"> Virginia Jimenez <\/div> <div class=\"ti-date\">22\/02\/2024<\/div> <\/div> <\/div> <span class=\"ti-stars\"><trustindex-image class=\"ti-star\" data-imgurl=\"https:\/\/cdn.trustindex.io\/assets\/platform\/Google\/star\/f.svg\" alt=\"Google star 1\" width=\"17\" height=\"17\" loading=\"lazy\"><\/trustindex-image><trustindex-image class=\"ti-star\" data-imgurl=\"https:\/\/cdn.trustindex.io\/assets\/platform\/Google\/star\/f.svg\" alt=\"Google star 2\" width=\"17\" height=\"17\" loading=\"lazy\"><\/trustindex-image><trustindex-image class=\"ti-star\" data-imgurl=\"https:\/\/cdn.trustindex.io\/assets\/platform\/Google\/star\/f.svg\" alt=\"Google star 3\" width=\"17\" height=\"17\" loading=\"lazy\"><\/trustindex-image><trustindex-image class=\"ti-star\" data-imgurl=\"https:\/\/cdn.trustindex.io\/assets\/platform\/Google\/star\/f.svg\" alt=\"Google star 4\" width=\"17\" height=\"17\" loading=\"lazy\"><\/trustindex-image><trustindex-image class=\"ti-star\" data-imgurl=\"https:\/\/cdn.trustindex.io\/assets\/platform\/Google\/star\/f.svg\" alt=\"Google star 5\" width=\"17\" height=\"17\" loading=\"lazy\"><\/trustindex-image><span class=\"ti-verified-review ti-verified-platform\"><span class=\"ti-verified-tooltip\">Trustindex verifica que la fuente original de la rese\u00f1a sea Google.<\/span><\/span><\/span> <div class=\"ti-review-text-container ti-review-content\"><!-- R-CONTENT -->He recibido un trato espectacular por parte de todos los trabajadores de la cl\u00ednica de M\u00f3stoles.\nLa operaci\u00f3n me la realiz\u00f3 el doctor Rafael, y sali\u00f3 todo muy muy bien me operado de miop\u00eda y astigmatismo, y el mismo d\u00eda por la noche ya pod\u00eda ver y hacer vida normal. Lo recomiendo 100 por 100.\nLlegue con miedo por que la vista es algo muy delicado y a d\u00eda de hoy la mejor decisi\u00f3n que tom\u00e9 fue quitarme las gafas y hacerlo con ellos.\n\nGracias<!-- R-CONTENT --><\/div> <span class=\"ti-read-more\" data-container=\".ti-review-content\" data-collapse-text=\"Ocultar\" data-open-text=\"Leer m\u00e1s\"><\/span> <\/div> <\/div>  <div data-empty=\"0\" class=\"ti-review-item source-Google ti-image-layout-thumbnail\" data-time=\"\" data-id=\"cfcd208495d565ef66e7dff9f98764da\" data-language=\"\"> <div class=\"ti-inner\"> <div class=\"ti-review-header\"> <div class=\"ti-platform-icon ti-with-tooltip\"> <span class=\"ti-tooltip\">Publicado en Google<\/span> <trustindex-image data-imgurl=\"https:\/\/cdn.trustindex.io\/assets\/platform\/Google\/icon.svg\" alt=\"Google\" width=\"20\" height=\"20\" loading=\"lazy\"><\/trustindex-image> <\/div> <div class=\"ti-profile-img\"> <trustindex-image data-imgurl=\"https:\/\/lh3.googleusercontent.com\/a-\/ALV-UjVdbd3Sm-F_C3qjnSPIEeZ28H3K404OeYdISk2TIzCrhH0=w40-h40-c-rp-mo-ba2-br100\" alt=\"Isidro Hoyas profile picture\" loading=\"lazy\"><\/trustindex-image> <\/div> <div class=\"ti-profile-details\"> <div class=\"ti-name\"> Isidro Hoyas <\/div> <div class=\"ti-date\">20\/02\/2024<\/div> <\/div> <\/div> <span class=\"ti-stars\"><trustindex-image class=\"ti-star\" data-imgurl=\"https:\/\/cdn.trustindex.io\/assets\/platform\/Google\/star\/f.svg\" alt=\"Google star 1\" width=\"17\" height=\"17\" loading=\"lazy\"><\/trustindex-image><trustindex-image class=\"ti-star\" data-imgurl=\"https:\/\/cdn.trustindex.io\/assets\/platform\/Google\/star\/f.svg\" alt=\"Google star 2\" width=\"17\" height=\"17\" loading=\"lazy\"><\/trustindex-image><trustindex-image class=\"ti-star\" data-imgurl=\"https:\/\/cdn.trustindex.io\/assets\/platform\/Google\/star\/f.svg\" alt=\"Google star 3\" width=\"17\" height=\"17\" loading=\"lazy\"><\/trustindex-image><trustindex-image class=\"ti-star\" data-imgurl=\"https:\/\/cdn.trustindex.io\/assets\/platform\/Google\/star\/f.svg\" alt=\"Google star 4\" width=\"17\" height=\"17\" loading=\"lazy\"><\/trustindex-image><trustindex-image class=\"ti-star\" data-imgurl=\"https:\/\/cdn.trustindex.io\/assets\/platform\/Google\/star\/f.svg\" alt=\"Google star 5\" width=\"17\" height=\"17\" loading=\"lazy\"><\/trustindex-image><span class=\"ti-verified-review ti-verified-platform\"><span class=\"ti-verified-tooltip\">Trustindex verifica que la fuente original de la rese\u00f1a sea Google.<\/span><\/span><\/span> <div class=\"ti-review-text-container ti-review-content\"><!-- R-CONTENT -->Buenos profesionales y las chicas muy amables y atentas<!-- R-CONTENT --><\/div> <span class=\"ti-read-more\" data-container=\".ti-review-content\" data-collapse-text=\"Ocultar\" data-open-text=\"Leer m\u00e1s\"><\/span> <\/div> <\/div>  <\/div> <div class=\"ti-controls-line\"> <div class=\"dot\"><\/div> <\/div>   <\/div> <\/div> <\/div> <\/template><\/pre><div data-src=\"https:\/\/cdn.trustindex.io\/loader.js?wp-widget\" data-template-id=\"trustindex-google-widget-html\" data-css-url=\"https:\/\/cdn.clinicabaviera.com\/blog\/wp-content\/uploads\/trustindex-google-widget.css?1774511208\"><\/div>\n<hr \/>\n<p>&nbsp;<\/p>\n","protected":false},"excerpt":{"rendered":"<p>La percepci\u00f3n de profundidad es la capacidad que tienen los ojos de percibir el mundo en tres dimensiones (longitud, profundidad y anchura), adem\u00e1s de su capacidad para medir lo lejos que se encuentra un objeto. \u00bfQuieres saber m\u00e1s sobre la percepci\u00f3n de profundidad? En este art\u00edculo te lo contamos, adem\u00e1s de por qu\u00e9 motivos puede [&hellip;]<\/p>\n","protected":false},"author":36,"featured_media":23853,"comment_status":"open","ping_status":"closed","sticky":false,"template":"","format":"standard","meta":{"jetpack_post_was_ever_published":false,"_jetpack_newsletter_access":"","_jetpack_dont_email_post_to_subs":false,"_jetpack_newsletter_tier_id":0,"_jetpack_memberships_contains_paywalled_content":false,"_jetpack_memberships_contains_paid_content":false,"footnotes":""},"categories":[3],"tags":[],"ppma_author":[2262],"class_list":["post-23852","post","type-post","status-publish","format-standard","has-post-thumbnail","hentry","category-mundo-baviera"],"yoast_head":"<!-- This site is optimized with the Yoast SEO plugin v27.5 - https:\/\/yoast.com\/product\/yoast-seo-wordpress\/ -->\n<title>Percepci\u00f3n de profundidad: qu\u00e9 es, qu\u00e9 puede alterarla y c\u00f3mo tratarla - Blog de Baviera antes Cl\u00ednica Baviera<\/title>\n<meta name=\"description\" content=\"\u00bfSabes qu\u00e9 es la percepci\u00f3n de profundidad? Te lo contamos en este post, adem\u00e1s de por qu\u00e9 motivos puede alterarse y qu\u00e9 problemas conlleva.\" \/>\n<meta name=\"robots\" content=\"index, follow, max-snippet:-1, max-image-preview:large, max-video-preview:-1\" \/>\n<link rel=\"canonical\" href=\"https:\/\/www.clinicabaviera.com\/blog\/percepcion-de-profundidad\/\" \/>\n<meta property=\"og:locale\" content=\"es_ES\" \/>\n<meta property=\"og:type\" content=\"article\" \/>\n<meta property=\"og:title\" content=\"Percepci\u00f3n de profundidad: qu\u00e9 es, qu\u00e9 puede alterarla y c\u00f3mo tratarla - Blog de Baviera antes Cl\u00ednica Baviera\" \/>\n<meta property=\"og:description\" content=\"\u00bfSabes qu\u00e9 es la percepci\u00f3n de profundidad? Te lo contamos en este post, adem\u00e1s de por qu\u00e9 motivos puede alterarse y qu\u00e9 problemas conlleva.\" \/>\n<meta property=\"og:url\" content=\"https:\/\/www.clinicabaviera.com\/blog\/percepcion-de-profundidad\/\" \/>\n<meta property=\"og:site_name\" content=\"Blog de Baviera antes Cl\u00ednica Baviera\" \/>\n<meta property=\"article:publisher\" content=\"https:\/\/www.facebook.com\/CLINICABAVIERA\" \/>\n<meta property=\"article:published_time\" content=\"2024-10-22T08:00:11+00:00\" \/>\n<meta property=\"article:modified_time\" content=\"2026-01-22T14:05:29+00:00\" \/>\n<meta property=\"og:image\" content=\"https:\/\/cdn.clinicabaviera.com\/blog\/wp-content\/uploads\/2020\/11\/iStock-1077938118.jpg\" \/>\n\t<meta property=\"og:image:width\" content=\"1417\" \/>\n\t<meta property=\"og:image:height\" content=\"739\" \/>\n\t<meta property=\"og:image:type\" content=\"image\/jpeg\" \/>\n<meta name=\"author\" content=\"Dr. Fernando Llovet\" \/>\n<meta name=\"twitter:card\" content=\"summary_large_image\" \/>\n<meta name=\"twitter:label1\" content=\"Escrito por\" \/>\n\t<meta name=\"twitter:data1\" content=\"Dr. Fernando Llovet\" \/>\n\t<meta name=\"twitter:label2\" content=\"Tiempo de lectura\" \/>\n\t<meta name=\"twitter:data2\" content=\"5 minutos\" \/>\n<!-- \/ Yoast SEO plugin. -->","yoast_head_json":{"title":"Percepci\u00f3n de profundidad: qu\u00e9 es, qu\u00e9 puede alterarla y c\u00f3mo tratarla - Blog de Baviera antes Cl\u00ednica Baviera","description":"\u00bfSabes qu\u00e9 es la percepci\u00f3n de profundidad? Te lo contamos en este post, adem\u00e1s de por qu\u00e9 motivos puede alterarse y qu\u00e9 problemas conlleva.","robots":{"index":"index","follow":"follow","max-snippet":"max-snippet:-1","max-image-preview":"max-image-preview:large","max-video-preview":"max-video-preview:-1"},"canonical":"https:\/\/www.clinicabaviera.com\/blog\/percepcion-de-profundidad\/","og_locale":"es_ES","og_type":"article","og_title":"Percepci\u00f3n de profundidad: qu\u00e9 es, qu\u00e9 puede alterarla y c\u00f3mo tratarla - Blog de Baviera antes Cl\u00ednica Baviera","og_description":"\u00bfSabes qu\u00e9 es la percepci\u00f3n de profundidad? Te lo contamos en este post, adem\u00e1s de por qu\u00e9 motivos puede alterarse y qu\u00e9 problemas conlleva.","og_url":"https:\/\/www.clinicabaviera.com\/blog\/percepcion-de-profundidad\/","og_site_name":"Blog de Baviera antes Cl\u00ednica Baviera","article_publisher":"https:\/\/www.facebook.com\/CLINICABAVIERA","article_published_time":"2024-10-22T08:00:11+00:00","article_modified_time":"2026-01-22T14:05:29+00:00","og_image":[{"width":1417,"height":739,"url":"https:\/\/cdn.clinicabaviera.com\/blog\/wp-content\/uploads\/2020\/11\/iStock-1077938118.jpg","type":"image\/jpeg"}],"author":"Dr. Fernando Llovet","twitter_card":"summary_large_image","twitter_misc":{"Escrito por":"Dr. Fernando Llovet","Tiempo de lectura":"5 minutos"},"schema":{"@context":"https:\/\/schema.org","@graph":[{"@type":"Article","@id":"https:\/\/www.clinicabaviera.com\/blog\/percepcion-de-profundidad\/#article","isPartOf":{"@id":"https:\/\/www.clinicabaviera.com\/blog\/percepcion-de-profundidad\/"},"author":{"name":"Fernando Llovet","@id":"https:\/\/www.clinicabaviera.com\/blog\/#\/schema\/person\/6f99a3c85c06ce9bae3b6bdff6094074"},"headline":"Percepci\u00f3n de profundidad: qu\u00e9 es, qu\u00e9 puede alterarla y c\u00f3mo tratarla","datePublished":"2024-10-22T08:00:11+00:00","dateModified":"2026-01-22T14:05:29+00:00","mainEntityOfPage":{"@id":"https:\/\/www.clinicabaviera.com\/blog\/percepcion-de-profundidad\/"},"wordCount":1071,"commentCount":0,"publisher":{"@id":"https:\/\/www.clinicabaviera.com\/blog\/#organization"},"image":{"@id":"https:\/\/www.clinicabaviera.com\/blog\/percepcion-de-profundidad\/#primaryimage"},"thumbnailUrl":"https:\/\/cdn.clinicabaviera.com\/blog\/wp-content\/uploads\/2020\/11\/iStock-1077938118.jpg","articleSection":["Mundo Baviera"],"inLanguage":"es","potentialAction":[{"@type":"CommentAction","name":"Comment","target":["https:\/\/www.clinicabaviera.com\/blog\/percepcion-de-profundidad\/#respond"]}]},{"@type":"WebPage","@id":"https:\/\/www.clinicabaviera.com\/blog\/percepcion-de-profundidad\/","url":"https:\/\/www.clinicabaviera.com\/blog\/percepcion-de-profundidad\/","name":"Percepci\u00f3n de profundidad: qu\u00e9 es, qu\u00e9 puede alterarla y c\u00f3mo tratarla - Blog de Baviera antes Cl\u00ednica Baviera","isPartOf":{"@id":"https:\/\/www.clinicabaviera.com\/blog\/#website"},"primaryImageOfPage":{"@id":"https:\/\/www.clinicabaviera.com\/blog\/percepcion-de-profundidad\/#primaryimage"},"image":{"@id":"https:\/\/www.clinicabaviera.com\/blog\/percepcion-de-profundidad\/#primaryimage"},"thumbnailUrl":"https:\/\/cdn.clinicabaviera.com\/blog\/wp-content\/uploads\/2020\/11\/iStock-1077938118.jpg","datePublished":"2024-10-22T08:00:11+00:00","dateModified":"2026-01-22T14:05:29+00:00","description":"\u00bfSabes qu\u00e9 es la percepci\u00f3n de profundidad? Te lo contamos en este post, adem\u00e1s de por qu\u00e9 motivos puede alterarse y qu\u00e9 problemas conlleva.","breadcrumb":{"@id":"https:\/\/www.clinicabaviera.com\/blog\/percepcion-de-profundidad\/#breadcrumb"},"inLanguage":"es","potentialAction":[{"@type":"ReadAction","target":["https:\/\/www.clinicabaviera.com\/blog\/percepcion-de-profundidad\/"]}]},{"@type":"ImageObject","inLanguage":"es","@id":"https:\/\/www.clinicabaviera.com\/blog\/percepcion-de-profundidad\/#primaryimage","url":"https:\/\/cdn.clinicabaviera.com\/blog\/wp-content\/uploads\/2020\/11\/iStock-1077938118.jpg","contentUrl":"https:\/\/cdn.clinicabaviera.com\/blog\/wp-content\/uploads\/2020\/11\/iStock-1077938118.jpg","width":1417,"height":739,"caption":"Mujer con el pelo rizado mirando por prism\u00e1ticos"},{"@type":"BreadcrumbList","@id":"https:\/\/www.clinicabaviera.com\/blog\/percepcion-de-profundidad\/#breadcrumb","itemListElement":[{"@type":"ListItem","position":1,"name":"Inicio","item":"https:\/\/www.clinicabaviera.com\/blog\/"},{"@type":"ListItem","position":2,"name":"Percepci\u00f3n de profundidad: qu\u00e9 es, qu\u00e9 puede alterarla y c\u00f3mo tratarla"}]},{"@type":"WebSite","@id":"https:\/\/www.clinicabaviera.com\/blog\/#website","url":"https:\/\/www.clinicabaviera.com\/blog\/","name":"Blog de Baviera antes Cl\u00ednica Baviera","description":"Informaci\u00f3n sobre la salud visual","publisher":{"@id":"https:\/\/www.clinicabaviera.com\/blog\/#organization"},"potentialAction":[{"@type":"SearchAction","target":{"@type":"EntryPoint","urlTemplate":"https:\/\/www.clinicabaviera.com\/blog\/?s={search_term_string}"},"query-input":{"@type":"PropertyValueSpecification","valueRequired":true,"valueName":"search_term_string"}}],"inLanguage":"es"},{"@type":"Organization","@id":"https:\/\/www.clinicabaviera.com\/blog\/#organization","name":"Blog de Baviera antes Cl\u00ednica Baviera","url":"https:\/\/www.clinicabaviera.com\/blog\/","logo":{"@type":"ImageObject","inLanguage":"es","@id":"https:\/\/www.clinicabaviera.com\/blog\/#\/schema\/logo\/image\/","url":"https:\/\/cdn.clinicabaviera.com\/blog\/wp-content\/uploads\/2021\/02\/logo.png","contentUrl":"https:\/\/cdn.clinicabaviera.com\/blog\/wp-content\/uploads\/2021\/02\/logo.png","width":526,"height":164,"caption":"Blog de Baviera antes Cl\u00ednica Baviera"},"image":{"@id":"https:\/\/www.clinicabaviera.com\/blog\/#\/schema\/logo\/image\/"},"sameAs":["https:\/\/www.facebook.com\/CLINICABAVIERA"]},{"@type":"Person","@id":"https:\/\/www.clinicabaviera.com\/blog\/#\/schema\/person\/6f99a3c85c06ce9bae3b6bdff6094074","name":"Fernando Llovet","image":{"@type":"ImageObject","inLanguage":"es","@id":"https:\/\/www.clinicabaviera.com\/blog\/wp-content\/uploads\/2022\/07\/fernando_llovet_valencia_1-2-scaled.jpg8676b0fc3d378e07f4060734118f7d9c","url":"https:\/\/cdn.clinicabaviera.com\/blog\/wp-content\/uploads\/2022\/07\/fernando_llovet_valencia_1-2-scaled.jpg","contentUrl":"https:\/\/cdn.clinicabaviera.com\/blog\/wp-content\/uploads\/2022\/07\/fernando_llovet_valencia_1-2-scaled.jpg","caption":"Fernando Llovet"},"description":"El Dr. Fernando Llovet es oftalm\u00f3logo especialista en cirug\u00eda refractiva, cirug\u00eda de la presbicia y cataratas. Adem\u00e1s, es co-fundador de Baviera. Desarrolla su labor asistencial en Baviera Madrid y Baviera Valencia.","sameAs":["https:\/\/www.clinicabaviera.com\/clinica-oftalmologica-medico\/fernando-llovet"],"url":"https:\/\/www.clinicabaviera.com\/clinica-oftalmologica-medico\/fernando-llovet"}]}},"jetpack_featured_media_url":"https:\/\/cdn.clinicabaviera.com\/blog\/wp-content\/uploads\/2020\/11\/iStock-1077938118.jpg","jetpack_shortlink":"https:\/\/wp.me\/p3aNmD-6cI","jetpack_sharing_enabled":true,"authors":[{"term_id":2262,"user_id":36,"is_guest":0,"slug":"dr-fernando-llovet","display_name":"Dr. Fernando Llovet","avatar_url":{"url":"https:\/\/cdn.clinicabaviera.com\/blog\/wp-content\/uploads\/2022\/07\/fernando_llovet_valencia_1-2-scaled.jpg","url2x":"https:\/\/cdn.clinicabaviera.com\/blog\/wp-content\/uploads\/2022\/07\/fernando_llovet_valencia_1-2-scaled.jpg"},"0":null,"1":"","2":"","3":"","4":"","5":"","6":"","7":"","8":""}],"_links":{"self":[{"href":"https:\/\/www.clinicabaviera.com\/blog\/wp-json\/wp\/v2\/posts\/23852","targetHints":{"allow":["GET"]}}],"collection":[{"href":"https:\/\/www.clinicabaviera.com\/blog\/wp-json\/wp\/v2\/posts"}],"about":[{"href":"https:\/\/www.clinicabaviera.com\/blog\/wp-json\/wp\/v2\/types\/post"}],"author":[{"embeddable":true,"href":"https:\/\/www.clinicabaviera.com\/blog\/wp-json\/wp\/v2\/users\/36"}],"replies":[{"embeddable":true,"href":"https:\/\/www.clinicabaviera.com\/blog\/wp-json\/wp\/v2\/comments?post=23852"}],"version-history":[{"count":22,"href":"https:\/\/www.clinicabaviera.com\/blog\/wp-json\/wp\/v2\/posts\/23852\/revisions"}],"predecessor-version":[{"id":36417,"href":"https:\/\/www.clinicabaviera.com\/blog\/wp-json\/wp\/v2\/posts\/23852\/revisions\/36417"}],"wp:featuredmedia":[{"embeddable":true,"href":"https:\/\/www.clinicabaviera.com\/blog\/wp-json\/wp\/v2\/media\/23853"}],"wp:attachment":[{"href":"https:\/\/www.clinicabaviera.com\/blog\/wp-json\/wp\/v2\/media?parent=23852"}],"wp:term":[{"taxonomy":"category","embeddable":true,"href":"https:\/\/www.clinicabaviera.com\/blog\/wp-json\/wp\/v2\/categories?post=23852"},{"taxonomy":"post_tag","embeddable":true,"href":"https:\/\/www.clinicabaviera.com\/blog\/wp-json\/wp\/v2\/tags?post=23852"},{"taxonomy":"author","embeddable":true,"href":"https:\/\/www.clinicabaviera.com\/blog\/wp-json\/wp\/v2\/ppma_author?post=23852"}],"curies":[{"name":"wp","href":"https:\/\/api.w.org\/{rel}","templated":true}]}}