{"id":634,"date":"2013-09-27T09:01:20","date_gmt":"2013-09-27T08:01:20","guid":{"rendered":"https:\/\/www.clinicabaviera.com\/blog\/?p=634"},"modified":"2024-01-05T12:08:44","modified_gmt":"2024-01-05T11:08:44","slug":"salud-visualdudas-frecuentes-sobre-la-cirugia-con-lente-intraocular","status":"publish","type":"post","link":"https:\/\/www.clinicabaviera.com\/blog\/salud-visual\/primera-consulta-16\/","title":{"rendered":"\u00bfDudas frecuentes sobre la cirug\u00eda con lente intraocular?"},"content":{"rendered":"\n\n<div class=\"kk-star-ratings kksr-auto kksr-align-left kksr-valign-top\"\n    data-payload='{&quot;align&quot;:&quot;left&quot;,&quot;id&quot;:&quot;634&quot;,&quot;slug&quot;:&quot;default&quot;,&quot;valign&quot;:&quot;top&quot;,&quot;ignore&quot;:&quot;&quot;,&quot;reference&quot;:&quot;auto&quot;,&quot;class&quot;:&quot;&quot;,&quot;count&quot;:&quot;13&quot;,&quot;legendonly&quot;:&quot;&quot;,&quot;readonly&quot;:&quot;&quot;,&quot;score&quot;:&quot;3&quot;,&quot;starsonly&quot;:&quot;&quot;,&quot;best&quot;:&quot;5&quot;,&quot;gap&quot;:&quot;4&quot;,&quot;greet&quot;:&quot;Rate this post&quot;,&quot;legend&quot;:&quot;3\\\/5 - (13 votos)&quot;,&quot;size&quot;:&quot;15&quot;,&quot;title&quot;:&quot;\u00bfDudas frecuentes sobre la cirug\u00eda con lente intraocular?&quot;,&quot;width&quot;:&quot;55&quot;,&quot;_legend&quot;:&quot;{score}\\\/{best} - ({count} {votes})&quot;,&quot;font_factor&quot;:&quot;1.25&quot;}'>\n            \n<div class=\"kksr-stars\">\n    \n<div class=\"kksr-stars-inactive\">\n            <div class=\"kksr-star\" data-star=\"1\" style=\"padding-right: 4px\">\n            \n\n<div class=\"kksr-icon\" style=\"width: 15px; height: 15px;\"><\/div>\n        <\/div>\n            <div class=\"kksr-star\" data-star=\"2\" style=\"padding-right: 4px\">\n            \n\n<div class=\"kksr-icon\" style=\"width: 15px; height: 15px;\"><\/div>\n        <\/div>\n            <div class=\"kksr-star\" data-star=\"3\" style=\"padding-right: 4px\">\n            \n\n<div class=\"kksr-icon\" style=\"width: 15px; height: 15px;\"><\/div>\n        <\/div>\n            <div class=\"kksr-star\" data-star=\"4\" style=\"padding-right: 4px\">\n            \n\n<div class=\"kksr-icon\" style=\"width: 15px; height: 15px;\"><\/div>\n        <\/div>\n            <div class=\"kksr-star\" data-star=\"5\" style=\"padding-right: 4px\">\n            \n\n<div class=\"kksr-icon\" style=\"width: 15px; height: 15px;\"><\/div>\n        <\/div>\n    <\/div>\n    \n<div class=\"kksr-stars-active\" style=\"width: 55px;\">\n            <div class=\"kksr-star\" style=\"padding-right: 4px\">\n            \n\n<div class=\"kksr-icon\" style=\"width: 15px; height: 15px;\"><\/div>\n        <\/div>\n            <div class=\"kksr-star\" style=\"padding-right: 4px\">\n            \n\n<div class=\"kksr-icon\" style=\"width: 15px; height: 15px;\"><\/div>\n        <\/div>\n            <div class=\"kksr-star\" style=\"padding-right: 4px\">\n            \n\n<div class=\"kksr-icon\" style=\"width: 15px; height: 15px;\"><\/div>\n        <\/div>\n            <div class=\"kksr-star\" style=\"padding-right: 4px\">\n            \n\n<div class=\"kksr-icon\" style=\"width: 15px; height: 15px;\"><\/div>\n        <\/div>\n            <div class=\"kksr-star\" style=\"padding-right: 4px\">\n            \n\n<div class=\"kksr-icon\" style=\"width: 15px; height: 15px;\"><\/div>\n        <\/div>\n    <\/div>\n<\/div>\n                \n\n<div class=\"kksr-legend\" style=\"font-size: 12px;\">\n            3\/5 - (13 votos)    <\/div>\n    <\/div>\n<p style=\"text-align: justify;\">Como ya os hemos contado en otras ocasiones, los oftalm\u00f3logos de <a href=\"https:\/\/www.clinicabaviera.com\/\">Baviera <\/a>manejan\u00a0 un <span style=\"color: #003366;\">procedimiento alternativo al l\u00e1ser<\/span> cuando, por las caracter\u00edsticas del ojo del paciente o por su edad, este tipo de cirug\u00eda no est\u00e1 indicada. En este caso, hablamos de <strong><span style=\"color: #003366;\">cirug\u00eda intraocular<\/span><\/strong>. \u00bfSe pueden corregir varios defectos refactivos en la misma intervenci\u00f3n? \u00bfEs necesario reponer las lentes pasado un tiempo? \u00bfPuede volver a aparecer el defecto refractivo? El Dr. F\u00e9lix Gonz\u00e1lez, Director M\u00e9dico de Baviera Madrid, nos resuelve estas dudas en este v\u00eddeo.<\/p>\n<p style=\"text-align: justify;\">Las cataratas y la vista cansada (presbicia) son problemas visuales asociados a la edad y es pr\u00e1cticamente imposible prevenirlos, aunque existen ciertos s\u00edntomas que nos pueden alertar cuando comienzan a aparecer. Adem\u00e1s, estos problemas puede aparecer conjuntamente.<span id=\"hs-cta-wrapper-79416e65-f823-4b03-9734-e4c34f98b20b\" class=\"hs-cta-wrapper\"><span id=\"hs-cta-79416e65-f823-4b03-9734-e4c34f98b20b\" class=\"hs-cta-node hs-cta-79416e65-f823-4b03-9734-e4c34f98b20b\"><br \/>\n<\/span><\/span><br \/>\n<!-- end HubSpot Call-to-Action Code --><\/p>\n<p style=\"text-align: justify;\">Tanto la vista cansada (presbicia) como las cataratas tienen una soluci\u00f3n quir\u00fargica que consiste en la implantaci\u00f3n de una lente intraocular que sustituye al cristalino (la lente natural del ojo humano que permite la entrada de los rayos de luz), que se ha visto da\u00f1ado por el paso del tiempo. Estas intervenciones son muy r\u00e1pidas y sencillas y el paciente comienza a percibir la recuperaci\u00f3n visual muy r\u00e1pidamente.<br \/>\nEn los \u00faltimos a\u00f1os se ha incrementado el n\u00famero de pacientes para los que la implantaci\u00f3n de una lente intraocular multifocal es la mejor soluci\u00f3n, ya que esta t\u00e9cnica brinda una excelente visi\u00f3n de cerca a las personas que padecen vista cansada y una inmejorable visi\u00f3n intermedia y de lejos. Usando lentes multifocales de \u00faltima generaci\u00f3n (incluso lentes trifocales) y con una sola intervenci\u00f3n logramos corregir la vista cansada (presbicia) y\/o las cataratas y cualquier problema refractivo que se presente en el paciente (miop\u00eda, hipermetrop\u00eda, astigmatismo), adecuando la lente intraocular a su graduaci\u00f3n y con una tasa de \u00e9xito elevad\u00edsima. Ofrecemos un rango de visi\u00f3n completo que permite a la persona que se opere desde leer un libro hasta ver la televisi\u00f3n, sin necesidad de gafas y lentillas.<br \/>\nEn los \u00faltimos a\u00f1os las operaciones de cirug\u00eda intraocular han experimentado un importante crecimiento y, en muchos casos, ya suponen el 33% de las intervenciones realizadas en centros de cirug\u00eda oftalmol\u00f3gica.<\/p>\n","protected":false},"excerpt":{"rendered":"<p>Como ya os hemos contado en otras ocasiones, los oftalm\u00f3logos de Baviera manejan\u00a0 un procedimiento alternativo al l\u00e1ser cuando, por las caracter\u00edsticas del ojo del paciente o por su edad, este tipo de cirug\u00eda no est\u00e1 indicada. En este caso, hablamos de cirug\u00eda intraocular. \u00bfSe pueden corregir varios defectos refactivos en la misma intervenci\u00f3n? \u00bfEs [&hellip;]<\/p>\n","protected":false},"author":32,"featured_media":3676,"comment_status":"open","ping_status":"closed","sticky":false,"template":"","format":"standard","meta":{"jetpack_post_was_ever_published":false,"_jetpack_newsletter_access":"","_jetpack_dont_email_post_to_subs":false,"_jetpack_newsletter_tier_id":0,"_jetpack_memberships_contains_paywalled_content":false,"_jetpack_memberships_contains_paid_content":false,"footnotes":""},"categories":[3],"tags":[21,180,179,20,88,173,19,181],"ppma_author":[2341],"class_list":["post-634","post","type-post","status-publish","format-standard","has-post-thumbnail","hentry","category-mundo-baviera","tag-astigmatismo","tag-cirugia-intraocular","tag-dudas-cirugia-intraocular","tag-hipermetropia","tag-icl","tag-lente-intraocular","tag-miopia","tag-preguntas-cirugia-intraocular"],"yoast_head":"<!-- This site is optimized with the Yoast SEO plugin v27.5 - https:\/\/yoast.com\/product\/yoast-seo-wordpress\/ -->\n<title>Dudas frecuentes sobre la cirug\u00eda con lente intraocular | Blog de Baviera antes Cl\u00ednica Baviera<\/title>\n<meta name=\"description\" content=\"\u00bfSe pueden corregir varios defectos refactivos en la misma intervenci\u00f3n? \u00bfEs necesario reponer las lentes pasado un tiempo? \u00bfPuede volver a aparecer el defecto refractivo?\" \/>\n<meta name=\"robots\" content=\"index, follow, max-snippet:-1, max-image-preview:large, max-video-preview:-1\" \/>\n<link rel=\"canonical\" href=\"https:\/\/www.clinicabaviera.com\/blog\/salud-visual\/primera-consulta-16\/\" \/>\n<meta property=\"og:locale\" content=\"es_ES\" \/>\n<meta property=\"og:type\" content=\"article\" \/>\n<meta property=\"og:title\" content=\"Dudas frecuentes sobre la cirug\u00eda con lente intraocular | Blog de Baviera antes Cl\u00ednica Baviera\" \/>\n<meta property=\"og:description\" content=\"\u00bfSe pueden corregir varios defectos refactivos en la misma intervenci\u00f3n? \u00bfEs necesario reponer las lentes pasado un tiempo? \u00bfPuede volver a aparecer el defecto refractivo?\" \/>\n<meta property=\"og:url\" content=\"https:\/\/www.clinicabaviera.com\/blog\/salud-visual\/primera-consulta-16\/\" \/>\n<meta property=\"og:site_name\" content=\"Blog de Baviera antes Cl\u00ednica Baviera\" \/>\n<meta property=\"article:publisher\" content=\"https:\/\/www.facebook.com\/CLINICABAVIERA\" \/>\n<meta property=\"article:published_time\" content=\"2013-09-27T08:01:20+00:00\" \/>\n<meta property=\"article:modified_time\" content=\"2024-01-05T11:08:44+00:00\" \/>\n<meta property=\"og:image\" content=\"https:\/\/cdn.clinicabaviera.com\/blog\/wp-content\/uploads\/2016\/04\/cabecera3.jpg\" \/>\n\t<meta property=\"og:image:width\" content=\"2716\" \/>\n\t<meta property=\"og:image:height\" content=\"1810\" \/>\n\t<meta property=\"og:image:type\" content=\"image\/jpeg\" \/>\n<meta name=\"author\" content=\"Baviera\" \/>\n<meta name=\"twitter:card\" content=\"summary_large_image\" \/>\n<meta name=\"twitter:label1\" content=\"Escrito por\" \/>\n\t<meta name=\"twitter:data1\" content=\"Baviera\" \/>\n\t<meta name=\"twitter:label2\" content=\"Tiempo de lectura\" \/>\n\t<meta name=\"twitter:data2\" content=\"2 minutos\" \/>\n<!-- \/ Yoast SEO plugin. -->","yoast_head_json":{"title":"Dudas frecuentes sobre la cirug\u00eda con lente intraocular | Blog de Baviera antes Cl\u00ednica Baviera","description":"\u00bfSe pueden corregir varios defectos refactivos en la misma intervenci\u00f3n? \u00bfEs necesario reponer las lentes pasado un tiempo? \u00bfPuede volver a aparecer el defecto refractivo?","robots":{"index":"index","follow":"follow","max-snippet":"max-snippet:-1","max-image-preview":"max-image-preview:large","max-video-preview":"max-video-preview:-1"},"canonical":"https:\/\/www.clinicabaviera.com\/blog\/salud-visual\/primera-consulta-16\/","og_locale":"es_ES","og_type":"article","og_title":"Dudas frecuentes sobre la cirug\u00eda con lente intraocular | Blog de Baviera antes Cl\u00ednica Baviera","og_description":"\u00bfSe pueden corregir varios defectos refactivos en la misma intervenci\u00f3n? \u00bfEs necesario reponer las lentes pasado un tiempo? \u00bfPuede volver a aparecer el defecto refractivo?","og_url":"https:\/\/www.clinicabaviera.com\/blog\/salud-visual\/primera-consulta-16\/","og_site_name":"Blog de Baviera antes Cl\u00ednica Baviera","article_publisher":"https:\/\/www.facebook.com\/CLINICABAVIERA","article_published_time":"2013-09-27T08:01:20+00:00","article_modified_time":"2024-01-05T11:08:44+00:00","og_image":[{"width":2716,"height":1810,"url":"https:\/\/cdn.clinicabaviera.com\/blog\/wp-content\/uploads\/2016\/04\/cabecera3.jpg","type":"image\/jpeg"}],"author":"Baviera","twitter_card":"summary_large_image","twitter_misc":{"Escrito por":"Baviera","Tiempo de lectura":"2 minutos"},"schema":{"@context":"https:\/\/schema.org","@graph":[{"@type":"Article","@id":"https:\/\/www.clinicabaviera.com\/blog\/salud-visual\/primera-consulta-16\/#article","isPartOf":{"@id":"https:\/\/www.clinicabaviera.com\/blog\/salud-visual\/primera-consulta-16\/"},"author":{"name":"Baviera","@id":"https:\/\/www.clinicabaviera.com\/blog\/#\/schema\/person\/270d1d95c988a639b67dc61310bab160"},"headline":"\u00bfDudas frecuentes sobre la cirug\u00eda con lente intraocular?","datePublished":"2013-09-27T08:01:20+00:00","dateModified":"2024-01-05T11:08:44+00:00","mainEntityOfPage":{"@id":"https:\/\/www.clinicabaviera.com\/blog\/salud-visual\/primera-consulta-16\/"},"wordCount":397,"commentCount":18,"publisher":{"@id":"https:\/\/www.clinicabaviera.com\/blog\/#organization"},"image":{"@id":"https:\/\/www.clinicabaviera.com\/blog\/salud-visual\/primera-consulta-16\/#primaryimage"},"thumbnailUrl":"https:\/\/cdn.clinicabaviera.com\/blog\/wp-content\/uploads\/2016\/04\/cabecera3.jpg","keywords":["astigmatismo","cirugia intraocular","dudas cirug\u00eda intraocular","hipermetropia","ICL","lente intraocular","miopia","preguntas cirugia intraocular"],"articleSection":["Mundo Baviera"],"inLanguage":"es","potentialAction":[{"@type":"CommentAction","name":"Comment","target":["https:\/\/www.clinicabaviera.com\/blog\/salud-visual\/primera-consulta-16\/#respond"]}]},{"@type":"WebPage","@id":"https:\/\/www.clinicabaviera.com\/blog\/salud-visual\/primera-consulta-16\/","url":"https:\/\/www.clinicabaviera.com\/blog\/salud-visual\/primera-consulta-16\/","name":"Dudas frecuentes sobre la cirug\u00eda con lente intraocular | Blog de Baviera antes Cl\u00ednica Baviera","isPartOf":{"@id":"https:\/\/www.clinicabaviera.com\/blog\/#website"},"primaryImageOfPage":{"@id":"https:\/\/www.clinicabaviera.com\/blog\/salud-visual\/primera-consulta-16\/#primaryimage"},"image":{"@id":"https:\/\/www.clinicabaviera.com\/blog\/salud-visual\/primera-consulta-16\/#primaryimage"},"thumbnailUrl":"https:\/\/cdn.clinicabaviera.com\/blog\/wp-content\/uploads\/2016\/04\/cabecera3.jpg","datePublished":"2013-09-27T08:01:20+00:00","dateModified":"2024-01-05T11:08:44+00:00","description":"\u00bfSe pueden corregir varios defectos refactivos en la misma intervenci\u00f3n? \u00bfEs necesario reponer las lentes pasado un tiempo? \u00bfPuede volver a aparecer el defecto refractivo?","breadcrumb":{"@id":"https:\/\/www.clinicabaviera.com\/blog\/salud-visual\/primera-consulta-16\/#breadcrumb"},"inLanguage":"es","potentialAction":[{"@type":"ReadAction","target":["https:\/\/www.clinicabaviera.com\/blog\/salud-visual\/primera-consulta-16\/"]}]},{"@type":"ImageObject","inLanguage":"es","@id":"https:\/\/www.clinicabaviera.com\/blog\/salud-visual\/primera-consulta-16\/#primaryimage","url":"https:\/\/cdn.clinicabaviera.com\/blog\/wp-content\/uploads\/2016\/04\/cabecera3.jpg","contentUrl":"https:\/\/cdn.clinicabaviera.com\/blog\/wp-content\/uploads\/2016\/04\/cabecera3.jpg","width":2716,"height":1810,"caption":"Cu\u00e1nto cuesta oeprarse de la vista"},{"@type":"BreadcrumbList","@id":"https:\/\/www.clinicabaviera.com\/blog\/salud-visual\/primera-consulta-16\/#breadcrumb","itemListElement":[{"@type":"ListItem","position":1,"name":"Inicio","item":"https:\/\/www.clinicabaviera.com\/blog\/"},{"@type":"ListItem","position":2,"name":"\u00bfDudas frecuentes sobre la cirug\u00eda con lente intraocular?"}]},{"@type":"WebSite","@id":"https:\/\/www.clinicabaviera.com\/blog\/#website","url":"https:\/\/www.clinicabaviera.com\/blog\/","name":"Blog de Baviera antes Cl\u00ednica Baviera","description":"Informaci\u00f3n sobre la salud visual","publisher":{"@id":"https:\/\/www.clinicabaviera.com\/blog\/#organization"},"potentialAction":[{"@type":"SearchAction","target":{"@type":"EntryPoint","urlTemplate":"https:\/\/www.clinicabaviera.com\/blog\/?s={search_term_string}"},"query-input":{"@type":"PropertyValueSpecification","valueRequired":true,"valueName":"search_term_string"}}],"inLanguage":"es"},{"@type":"Organization","@id":"https:\/\/www.clinicabaviera.com\/blog\/#organization","name":"Blog de Baviera antes Cl\u00ednica Baviera","url":"https:\/\/www.clinicabaviera.com\/blog\/","logo":{"@type":"ImageObject","inLanguage":"es","@id":"https:\/\/www.clinicabaviera.com\/blog\/#\/schema\/logo\/image\/","url":"https:\/\/cdn.clinicabaviera.com\/blog\/wp-content\/uploads\/2021\/02\/logo.png","contentUrl":"https:\/\/cdn.clinicabaviera.com\/blog\/wp-content\/uploads\/2021\/02\/logo.png","width":526,"height":164,"caption":"Blog de Baviera antes Cl\u00ednica Baviera"},"image":{"@id":"https:\/\/www.clinicabaviera.com\/blog\/#\/schema\/logo\/image\/"},"sameAs":["https:\/\/www.facebook.com\/CLINICABAVIERA"]},{"@type":"Person","@id":"https:\/\/www.clinicabaviera.com\/blog\/#\/schema\/person\/270d1d95c988a639b67dc61310bab160","name":"Baviera","image":{"@type":"ImageObject","inLanguage":"es","@id":"https:\/\/secure.gravatar.com\/avatar\/42a40e8ec87f641c432e1d26de1889d972e43e42112c5d9b8d40eb54464d0ae2?s=96&d=mm&r=gef2b89094652fed58222648d7f6868b9","url":"https:\/\/secure.gravatar.com\/avatar\/42a40e8ec87f641c432e1d26de1889d972e43e42112c5d9b8d40eb54464d0ae2?s=96&d=mm&r=g","contentUrl":"https:\/\/secure.gravatar.com\/avatar\/42a40e8ec87f641c432e1d26de1889d972e43e42112c5d9b8d40eb54464d0ae2?s=96&d=mm&r=g","caption":"Baviera"},"url":"https:\/\/www.clinicabaviera.com\/blog\/author\/wordpressmarketinet\/"}]}},"jetpack_featured_media_url":"https:\/\/cdn.clinicabaviera.com\/blog\/wp-content\/uploads\/2016\/04\/cabecera3.jpg","jetpack_shortlink":"https:\/\/wp.me\/p3aNmD-ae","jetpack_sharing_enabled":true,"authors":[{"term_id":2341,"user_id":32,"is_guest":0,"slug":"wordpressmarketinet","display_name":"Baviera","avatar_url":"https:\/\/secure.gravatar.com\/avatar\/42a40e8ec87f641c432e1d26de1889d972e43e42112c5d9b8d40eb54464d0ae2?s=96&d=mm&r=g","0":null,"1":"","2":"","3":"","4":"","5":"","6":"","7":"","8":""}],"_links":{"self":[{"href":"https:\/\/www.clinicabaviera.com\/blog\/wp-json\/wp\/v2\/posts\/634","targetHints":{"allow":["GET"]}}],"collection":[{"href":"https:\/\/www.clinicabaviera.com\/blog\/wp-json\/wp\/v2\/posts"}],"about":[{"href":"https:\/\/www.clinicabaviera.com\/blog\/wp-json\/wp\/v2\/types\/post"}],"author":[{"embeddable":true,"href":"https:\/\/www.clinicabaviera.com\/blog\/wp-json\/wp\/v2\/users\/32"}],"replies":[{"embeddable":true,"href":"https:\/\/www.clinicabaviera.com\/blog\/wp-json\/wp\/v2\/comments?post=634"}],"version-history":[{"count":5,"href":"https:\/\/www.clinicabaviera.com\/blog\/wp-json\/wp\/v2\/posts\/634\/revisions"}],"predecessor-version":[{"id":31911,"href":"https:\/\/www.clinicabaviera.com\/blog\/wp-json\/wp\/v2\/posts\/634\/revisions\/31911"}],"wp:featuredmedia":[{"embeddable":true,"href":"https:\/\/www.clinicabaviera.com\/blog\/wp-json\/wp\/v2\/media\/3676"}],"wp:attachment":[{"href":"https:\/\/www.clinicabaviera.com\/blog\/wp-json\/wp\/v2\/media?parent=634"}],"wp:term":[{"taxonomy":"category","embeddable":true,"href":"https:\/\/www.clinicabaviera.com\/blog\/wp-json\/wp\/v2\/categories?post=634"},{"taxonomy":"post_tag","embeddable":true,"href":"https:\/\/www.clinicabaviera.com\/blog\/wp-json\/wp\/v2\/tags?post=634"},{"taxonomy":"author","embeddable":true,"href":"https:\/\/www.clinicabaviera.com\/blog\/wp-json\/wp\/v2\/ppma_author?post=634"}],"curies":[{"name":"wp","href":"https:\/\/api.w.org\/{rel}","templated":true}]}}