{"id":6608,"date":"2016-10-25T08:00:59","date_gmt":"2016-10-25T06:00:59","guid":{"rendered":"https:\/\/www.clinicabaviera.com\/blog\/?p=6608"},"modified":"2026-01-28T13:47:37","modified_gmt":"2026-01-28T12:47:37","slug":"bye-bye-gafasestilo-de-vidacomo-corrigen-las-gafas-los-defectos-de-vista","status":"publish","type":"post","link":"https:\/\/www.clinicabaviera.com\/blog\/bye-bye-gafas\/gafas-vista\/","title":{"rendered":"\u00bfC\u00f3mo corrigen las gafas los defectos de vista?"},"content":{"rendered":"\n\n<div class=\"kk-star-ratings kksr-auto kksr-align-left kksr-valign-top\"\n    data-payload='{&quot;align&quot;:&quot;left&quot;,&quot;id&quot;:&quot;6608&quot;,&quot;slug&quot;:&quot;default&quot;,&quot;valign&quot;:&quot;top&quot;,&quot;ignore&quot;:&quot;&quot;,&quot;reference&quot;:&quot;auto&quot;,&quot;class&quot;:&quot;&quot;,&quot;count&quot;:&quot;465&quot;,&quot;legendonly&quot;:&quot;&quot;,&quot;readonly&quot;:&quot;&quot;,&quot;score&quot;:&quot;4.5&quot;,&quot;starsonly&quot;:&quot;&quot;,&quot;best&quot;:&quot;5&quot;,&quot;gap&quot;:&quot;4&quot;,&quot;greet&quot;:&quot;Rate this post&quot;,&quot;legend&quot;:&quot;4.5\\\/5 - (465 votos)&quot;,&quot;size&quot;:&quot;15&quot;,&quot;title&quot;:&quot;\u00bfC\u00f3mo corrigen las gafas los defectos de vista?&quot;,&quot;width&quot;:&quot;83.5&quot;,&quot;_legend&quot;:&quot;{score}\\\/{best} - ({count} {votes})&quot;,&quot;font_factor&quot;:&quot;1.25&quot;}'>\n            \n<div class=\"kksr-stars\">\n    \n<div class=\"kksr-stars-inactive\">\n            <div class=\"kksr-star\" data-star=\"1\" style=\"padding-right: 4px\">\n            \n\n<div class=\"kksr-icon\" style=\"width: 15px; height: 15px;\"><\/div>\n        <\/div>\n            <div class=\"kksr-star\" data-star=\"2\" style=\"padding-right: 4px\">\n            \n\n<div class=\"kksr-icon\" style=\"width: 15px; height: 15px;\"><\/div>\n        <\/div>\n            <div class=\"kksr-star\" data-star=\"3\" style=\"padding-right: 4px\">\n            \n\n<div class=\"kksr-icon\" style=\"width: 15px; height: 15px;\"><\/div>\n        <\/div>\n            <div class=\"kksr-star\" data-star=\"4\" style=\"padding-right: 4px\">\n            \n\n<div class=\"kksr-icon\" style=\"width: 15px; height: 15px;\"><\/div>\n        <\/div>\n            <div class=\"kksr-star\" data-star=\"5\" style=\"padding-right: 4px\">\n            \n\n<div class=\"kksr-icon\" style=\"width: 15px; height: 15px;\"><\/div>\n        <\/div>\n    <\/div>\n    \n<div class=\"kksr-stars-active\" style=\"width: 83.5px;\">\n            <div class=\"kksr-star\" style=\"padding-right: 4px\">\n            \n\n<div class=\"kksr-icon\" style=\"width: 15px; height: 15px;\"><\/div>\n        <\/div>\n            <div class=\"kksr-star\" style=\"padding-right: 4px\">\n            \n\n<div class=\"kksr-icon\" style=\"width: 15px; height: 15px;\"><\/div>\n        <\/div>\n            <div class=\"kksr-star\" style=\"padding-right: 4px\">\n            \n\n<div class=\"kksr-icon\" style=\"width: 15px; height: 15px;\"><\/div>\n        <\/div>\n            <div class=\"kksr-star\" style=\"padding-right: 4px\">\n            \n\n<div class=\"kksr-icon\" style=\"width: 15px; height: 15px;\"><\/div>\n        <\/div>\n            <div class=\"kksr-star\" style=\"padding-right: 4px\">\n            \n\n<div class=\"kksr-icon\" style=\"width: 15px; height: 15px;\"><\/div>\n        <\/div>\n    <\/div>\n<\/div>\n                \n\n<div class=\"kksr-legend\" style=\"font-size: 12px;\">\n            4.5\/5 - (465 votos)    <\/div>\n    <\/div>\n<p style=\"text-align: justify;\">El m\u00e9todo m\u00e1s antiguo para corregir los problemas de la visi\u00f3n producidos por defectos de refracci\u00f3n son las gafas graduadas o <strong>gafas de correcci\u00f3n de la vista<\/strong>. Dichos defectos pueden ser de tres tipos: <a href=\"https:\/\/www.clinicabaviera.com\/refractiva-miopia\">miop\u00eda<\/a>, <a href=\"https:\/\/www.clinicabaviera.com\/refractiva-hipermetropia\">hipermetrop\u00eda<\/a> y <a href=\"https:\/\/www.clinicabaviera.com\/refractiva-astigmatismo\">astigmatismo<\/a>.<\/p>\n<p style=\"text-align: left;\"><div id=\"ez-toc-container\" class=\"ez-toc-v2_0_82_2 ez-toc-wrap-center counter-hierarchy ez-toc-counter ez-toc-custom ez-toc-container-direction\">\n<div class=\"ez-toc-title-container\">\n<p class=\"ez-toc-title\" style=\"cursor:inherit\">\u00cdndice<\/p>\n<span class=\"ez-toc-title-toggle\"><\/span><\/div>\n<nav><ul class='ez-toc-list ez-toc-list-level-1 ' ><li class='ez-toc-page-1 ez-toc-heading-level-2'><a class=\"ez-toc-link ez-toc-heading-1\" href=\"https:\/\/www.clinicabaviera.com\/blog\/bye-bye-gafas\/gafas-vista\/#Los_tres_defectos_de_refraccion\" >Los tres defectos de refracci\u00f3n<\/a><\/li><li class='ez-toc-page-1 ez-toc-heading-level-2'><a class=\"ez-toc-link ez-toc-heading-2\" href=\"https:\/\/www.clinicabaviera.com\/blog\/bye-bye-gafas\/gafas-vista\/#%C2%BFComo_corrigen_las_gafas_estos_defectos\" >\u00bfC\u00f3mo corrigen las gafas estos defectos?<\/a><\/li><li class='ez-toc-page-1 ez-toc-heading-level-2'><a class=\"ez-toc-link ez-toc-heading-3\" href=\"https:\/\/www.clinicabaviera.com\/blog\/bye-bye-gafas\/gafas-vista\/#Alternativas_a_las_gafas\" >Alternativas a las gafas<\/a><\/li><\/ul><\/nav><\/div>\n\n<h2><span class=\"ez-toc-section\" id=\"Los_tres_defectos_de_refraccion\"><\/span>Los tres defectos de refracci\u00f3n<span class=\"ez-toc-section-end\"><\/span><\/h2>\n<p style=\"text-align: justify;\">La miop\u00eda es un problema de refracci\u00f3n que provoca que la persona que lo padece perciba los objetos lejanos sin la suficiente nitidez. El motivo es que la imagen se forma delante de la retina (y no directamente sobre ella, que ser\u00eda lo \u00f3ptimo para tener una buena visi\u00f3n desde cualquier distancia) por uno de estos dos motivos o una combinaci\u00f3n de ambos:<\/p>\n<ul>\n<li style=\"text-align: justify;\">El ojo es m\u00e1s alargado de lo normal.<\/li>\n<li style=\"text-align: justify;\">La c\u00f3rnea y\/o el cristalino tiene una potencia excesiva.<\/li>\n<\/ul>\n<p style=\"text-align: justify;\">La hipermetrop\u00eda, en cambio, afecta a la visi\u00f3n cercana (aunque a ciertas edades tambi\u00e9n provoca visi\u00f3n borrosa en las largas distancias) por culpa de que la imagen se enfoca detr\u00e1s de la retina, es decir, justo lo contrario de lo que ocurre en la miop\u00eda. La causa de este defecto puede deberse a una potencia inadecuada de la c\u00f3rnea o el cristalino, o bien a que\u00a0el ojo es m\u00e1s corto que los par\u00e1metros considerados normales.<\/p>\n<p style=\"text-align: justify;\">Finalmente, el astigmatismo (que muchas veces se presenta junto\u00a0a\u00a0alguno de los dos defectos anteriores) se produce porque la c\u00f3rnea presenta una irregularidad en la curvatura. El efecto es una mala visi\u00f3n desde todas las distancias.<\/p>\n<p><a href=\"https:\/\/cloud.info.clinicabaviera.com\/20-razones\"><img loading=\"lazy\" decoding=\"async\" data-attachment-id=\"35817\" data-permalink=\"https:\/\/www.clinicabaviera.com\/blog\/cuanto-cuesta-operarse-la-vista-solucion-al-alcance-de-todos\/20_razones_horizontal-2\/\" data-orig-file=\"https:\/\/cdn.clinicabaviera.com\/blog\/wp-content\/uploads\/2025\/02\/20_razones_horizontal.jpg\" data-orig-size=\"751,367\" data-comments-opened=\"1\" data-image-meta=\"{&quot;aperture&quot;:&quot;0&quot;,&quot;credit&quot;:&quot;&quot;,&quot;camera&quot;:&quot;&quot;,&quot;caption&quot;:&quot;&quot;,&quot;created_timestamp&quot;:&quot;0&quot;,&quot;copyright&quot;:&quot;&quot;,&quot;focal_length&quot;:&quot;0&quot;,&quot;iso&quot;:&quot;0&quot;,&quot;shutter_speed&quot;:&quot;0&quot;,&quot;title&quot;:&quot;&quot;,&quot;orientation&quot;:&quot;0&quot;}\" data-image-title=\"20_razones_horizontal\" data-image-description=\"\" data-image-caption=\"\" data-large-file=\"https:\/\/cdn.clinicabaviera.com\/blog\/wp-content\/uploads\/2025\/02\/20_razones_horizontal.jpg\" class=\"aligncenter wp-image-35817 size-full\" src=\"https:\/\/cdn.clinicabaviera.com\/blog\/wp-content\/uploads\/2025\/02\/20_razones_horizontal.jpg\" alt=\"\" width=\"751\" height=\"367\" srcset=\"https:\/\/cdn.clinicabaviera.com\/blog\/wp-content\/uploads\/2025\/02\/20_razones_horizontal.jpg 751w, https:\/\/cdn.clinicabaviera.com\/blog\/wp-content\/uploads\/2025\/02\/20_razones_horizontal-300x147.jpg 300w, https:\/\/cdn.clinicabaviera.com\/blog\/wp-content\/uploads\/2025\/02\/20_razones_horizontal-200x98.jpg 200w\" sizes=\"auto, (max-width: 751px) 100vw, 751px\" \/><\/a><\/p>\n<h2><span class=\"ez-toc-section\" id=\"%C2%BFComo_corrigen_las_gafas_estos_defectos\"><\/span>\u00bfC\u00f3mo corrigen las gafas estos defectos?<span class=\"ez-toc-section-end\"><\/span><\/h2>\n<p style=\"text-align: justify;\">Las lentes graduadas se han utilizado desde hace mucho tiempo para corregir los defectos visuales ocasionados por caracter\u00edsticas\u00a0anat\u00f3micas del ojo. \u00c9stos imposibilitan que la imagen luminosa que penetra en \u00e9l a trav\u00e9s de la pupila se forme exactamente en la retina.<\/p>\n<p>La forma de correcci\u00f3n var\u00eda seg\u00fan el defecto refractivo de que se trate:<\/p>\n<ul>\n<li>Para los casos de miop\u00eda se utiliza una lente c\u00f3ncava con el objeto de cambiar la direcci\u00f3n de la luz haciendo que la imagen se forme justo en la retina. Esto permite mejorar la visi\u00f3n de lejos de las \u00a0personas miopes.<\/li>\n<li style=\"text-align: justify;\">En el caso de la hipermetrop\u00eda se utiliza, por el contrario, una lente convexa para que la imagen se forme sobre la retina y no detr\u00e1s de ella, mejorando as\u00ed la visi\u00f3n cercana de las personas con este defecto de la refracci\u00f3n. La lente convexa se utiliza tambi\u00e9n para las personas con <a href=\"https:\/\/www.clinicabaviera.com\/blog\/salud-visual\/la-vista-cansada-tiene-una-solucion-eficaz\/\">vista cansada<\/a> o presbicia.<\/li>\n<li style=\"text-align: justify;\">El astigmatismo se corrige con lentes que contrarresten la forma irregular de la curvatura de c\u00f3rnea.<\/li>\n<\/ul>\n<p style=\"text-align: center;\"><img loading=\"lazy\" decoding=\"async\" data-attachment-id=\"6612\" data-permalink=\"https:\/\/www.clinicabaviera.com\/blog\/bye-bye-gafas\/gafas-vista\/eyewear\/\" data-orig-file=\"https:\/\/cdn.clinicabaviera.com\/blog\/wp-content\/uploads\/2016\/09\/iStock_83244931_MEDIUM.jpg\" data-orig-size=\"1828,1050\" data-comments-opened=\"1\" data-image-meta=\"{&quot;aperture&quot;:&quot;11&quot;,&quot;credit&quot;:&quot;Getty Images\/iStockphoto&quot;,&quot;camera&quot;:&quot;Canon EOS 5D Mark III&quot;,&quot;caption&quot;:&quot;Cloese up of young woman wearing eyeglasses isolated on white background with cop space&quot;,&quot;created_timestamp&quot;:&quot;1452711341&quot;,&quot;copyright&quot;:&quot;Nastco&quot;,&quot;focal_length&quot;:&quot;88&quot;,&quot;iso&quot;:&quot;100&quot;,&quot;shutter_speed&quot;:&quot;0.008&quot;,&quot;title&quot;:&quot;Eyewear&quot;,&quot;orientation&quot;:&quot;1&quot;}\" data-image-title=\"gafas vista\" data-image-description=\"&lt;p&gt;gafas vista&lt;\/p&gt;\n\" data-image-caption=\"\" data-large-file=\"https:\/\/cdn.clinicabaviera.com\/blog\/wp-content\/uploads\/2016\/09\/iStock_83244931_MEDIUM-650x373.jpg\" class=\"alignnone wp-image-6612 size-full\" src=\"https:\/\/cdn.clinicabaviera.com\/blog\/wp-content\/uploads\/2016\/09\/iStock_83244931_MEDIUM.jpg\" alt=\"Mujer morena con ojos azules y gafas negras\" width=\"1828\" height=\"1050\" srcset=\"https:\/\/cdn.clinicabaviera.com\/blog\/wp-content\/uploads\/2016\/09\/iStock_83244931_MEDIUM.jpg 1828w, https:\/\/cdn.clinicabaviera.com\/blog\/wp-content\/uploads\/2016\/09\/iStock_83244931_MEDIUM-200x115.jpg 200w, https:\/\/cdn.clinicabaviera.com\/blog\/wp-content\/uploads\/2016\/09\/iStock_83244931_MEDIUM-300x172.jpg 300w, https:\/\/cdn.clinicabaviera.com\/blog\/wp-content\/uploads\/2016\/09\/iStock_83244931_MEDIUM-768x441.jpg 768w, https:\/\/cdn.clinicabaviera.com\/blog\/wp-content\/uploads\/2016\/09\/iStock_83244931_MEDIUM-650x373.jpg 650w\" sizes=\"auto, (max-width: 1828px) 100vw, 1828px\" \/><\/p>\n<h2><span class=\"ez-toc-section\" id=\"Alternativas_a_las_gafas\"><\/span>Alternativas a las gafas<span class=\"ez-toc-section-end\"><\/span><\/h2>\n<p style=\"text-align: justify;\">Para aquellos que no quieran usar gafas y lentillas existe la alternativa de operarse de la vista para corregir los problemas refractivos. La mayor\u00eda de personas son aptas para la <a href=\"https:\/\/descubre.clinicabaviera.com\/guia-tecnicas-cirugia-refractiva\">cirug\u00eda refractiva l\u00e1ser<\/a>, que permite, en la mayor\u00eda de casos, ver correctamente sin necesidad de lentes correctoras adicionales.<\/p>\n<p style=\"text-align: justify;\">Son much\u00edsimas las personas a las que la soluci\u00f3n de las gafas graduadas o lentillas les resulta muy insatisfactoria, pero no se atreven a operarse por aprensiones o miedos, la mayor\u00eda injustificados, como se explica en <a href=\"https:\/\/descubre.clinicabaviera.com\/guia-adios-miedos-adios-gafas\">esta gu\u00eda<\/a>. Su lectura resulta ideal para resolver dudas y eliminar falsas creencias sobre la cirug\u00eda refractiva, sus procesos, las personas candidatas, l\u00edmites y expectativas.<\/p>\n<pre class=\"ti-widget\"><template id=\"trustindex-google-widget-html\"><div class=\" ti-widget  ti-goog ti-review-text-mode-readmore ti-text-align-left\" data-no-translation=\"true\" data-plugin-version=\"13.2.9\" data-layout-id=\"5\" data-layout-category=\"slider\" data-set-id=\"light-minimal\" data-pid=\"\" data-language=\"es\" data-close-locale=\"Cerca\" data-review-target-width=\"275\" data-css-version=\"2\" data-reply-by-locale=\"Respuesta del propietario\" data-only-rating-locale=\"Esta usuario solo dej\u00f3 una calificaci\u00f3n.\" data-pager-autoplay-timeout=\"6\"> <div class=\"ti-widget-container ti-col-4\"> <div class=\"ti-footer ti-footer-grid source-Google\"> <div class=\"ti-fade-container\"> <div class=\"ti-rating-text\"> <strong class=\"ti-rating ti-rating-large\"> EXCELENTE <\/strong> <\/div> <span class=\"ti-stars star-lg\"><trustindex-image class=\"ti-star\" data-imgurl=\"https:\/\/cdn.trustindex.io\/assets\/platform\/Google\/star\/f.svg\" alt=\"Google star 1\" width=\"17\" height=\"17\" loading=\"lazy\"><\/trustindex-image><trustindex-image class=\"ti-star\" data-imgurl=\"https:\/\/cdn.trustindex.io\/assets\/platform\/Google\/star\/f.svg\" alt=\"Google star 2\" width=\"17\" height=\"17\" loading=\"lazy\"><\/trustindex-image><trustindex-image class=\"ti-star\" data-imgurl=\"https:\/\/cdn.trustindex.io\/assets\/platform\/Google\/star\/f.svg\" alt=\"Google star 3\" width=\"17\" height=\"17\" loading=\"lazy\"><\/trustindex-image><trustindex-image class=\"ti-star\" data-imgurl=\"https:\/\/cdn.trustindex.io\/assets\/platform\/Google\/star\/f.svg\" alt=\"Google star 4\" width=\"17\" height=\"17\" loading=\"lazy\"><\/trustindex-image><trustindex-image class=\"ti-star\" data-imgurl=\"https:\/\/cdn.trustindex.io\/assets\/platform\/Google\/star\/f.svg\" alt=\"Google star 5\" width=\"17\" height=\"17\" loading=\"lazy\"><\/trustindex-image><\/span> <div class=\"ti-rating-text\"> <span class=\"nowrap\">A base de <strong>570 rese\u00f1as<\/strong><\/span> <\/div> <div class=\"ti-large-logo\"> <div class=\"ti-v-center\"> <trustindex-image class=\"ti-logo-fb\" data-imgurl=\"https:\/\/cdn.trustindex.io\/assets\/platform\/Google\/logo.svg\" width=\"150\" height=\"25\" loading=\"lazy\" alt=\"Google\"><\/trustindex-image> <\/div> <\/div> <\/div> <\/div> <div class=\"ti-reviews-container\"> <div class=\"ti-controls\"> <div class=\"ti-next\" aria-label=\"Siguiente rese\u00f1a\" role=\"button\" tabindex=\"0\"><\/div> <div class=\"ti-prev\" aria-label=\"Rese\u00f1a anterior\" role=\"button\" tabindex=\"0\"><\/div> <\/div> <div class=\"ti-reviews-container-wrapper\">  <div data-empty=\"0\" class=\"ti-review-item source-Google ti-image-layout-thumbnail\" data-time=\"\" data-id=\"cfcd208495d565ef66e7dff9f98764da\" data-language=\"\"> <div class=\"ti-inner\"> <div class=\"ti-review-header\"> <div class=\"ti-platform-icon ti-with-tooltip\"> <span class=\"ti-tooltip\">Publicado en Google<\/span> <trustindex-image data-imgurl=\"https:\/\/cdn.trustindex.io\/assets\/platform\/Google\/icon.svg\" alt=\"Google\" width=\"20\" height=\"20\" loading=\"lazy\"><\/trustindex-image> <\/div> <div class=\"ti-profile-img\"> <trustindex-image data-imgurl=\"https:\/\/lh3.googleusercontent.com\/a\/ACg8ocKWHKmwDoN8jelN8JHWQw2buiU4ji6WyuVq8pcV4kRI=w40-h40-c-rp-mo-br100\" alt=\"Karelys Asencio Torres profile picture\" loading=\"lazy\"><\/trustindex-image> <\/div> <div class=\"ti-profile-details\"> <div class=\"ti-name\"> Karelys Asencio Torres <\/div> <div class=\"ti-date\">05\/03\/2024<\/div> <\/div> <\/div> <span class=\"ti-stars\"><trustindex-image class=\"ti-star\" data-imgurl=\"https:\/\/cdn.trustindex.io\/assets\/platform\/Google\/star\/f.svg\" alt=\"Google star 1\" width=\"17\" height=\"17\" loading=\"lazy\"><\/trustindex-image><trustindex-image class=\"ti-star\" data-imgurl=\"https:\/\/cdn.trustindex.io\/assets\/platform\/Google\/star\/f.svg\" alt=\"Google star 2\" width=\"17\" height=\"17\" loading=\"lazy\"><\/trustindex-image><trustindex-image class=\"ti-star\" data-imgurl=\"https:\/\/cdn.trustindex.io\/assets\/platform\/Google\/star\/f.svg\" alt=\"Google star 3\" width=\"17\" height=\"17\" loading=\"lazy\"><\/trustindex-image><trustindex-image class=\"ti-star\" data-imgurl=\"https:\/\/cdn.trustindex.io\/assets\/platform\/Google\/star\/f.svg\" alt=\"Google star 4\" width=\"17\" height=\"17\" loading=\"lazy\"><\/trustindex-image><trustindex-image class=\"ti-star\" data-imgurl=\"https:\/\/cdn.trustindex.io\/assets\/platform\/Google\/star\/f.svg\" alt=\"Google star 5\" width=\"17\" height=\"17\" loading=\"lazy\"><\/trustindex-image><span class=\"ti-verified-review ti-verified-platform\"><span class=\"ti-verified-tooltip\">Trustindex verifica que la fuente original de la rese\u00f1a sea Google.<\/span><\/span><\/span> <div class=\"ti-review-text-container ti-review-content\"><!-- R-CONTENT -->Esta cl\u00ednica sin duda es la mejor !! El trato en recepci\u00f3n y de los m\u00e9dicos es excepcional. Estoy muy contenta con los resultados. Muchas gracias !<!-- R-CONTENT --><\/div> <span class=\"ti-read-more\" data-container=\".ti-review-content\" data-collapse-text=\"Ocultar\" data-open-text=\"Leer m\u00e1s\"><\/span> <\/div> <\/div>  <div data-empty=\"0\" class=\"ti-review-item source-Google ti-image-layout-thumbnail\" data-time=\"\" data-id=\"cfcd208495d565ef66e7dff9f98764da\" data-language=\"\"> <div class=\"ti-inner\"> <div class=\"ti-review-header\"> <div class=\"ti-platform-icon ti-with-tooltip\"> <span class=\"ti-tooltip\">Publicado en Google<\/span> <trustindex-image data-imgurl=\"https:\/\/cdn.trustindex.io\/assets\/platform\/Google\/icon.svg\" alt=\"Google\" width=\"20\" height=\"20\" loading=\"lazy\"><\/trustindex-image> <\/div> <div class=\"ti-profile-img\"> <trustindex-image data-imgurl=\"https:\/\/lh3.googleusercontent.com\/a\/ACg8ocJx5lc8VzH_Kx5vNl4iC9Qof6IGYcXj03vtn_CJ67tj=w40-h40-c-rp-mo-br100\" alt=\"Vanesa Delgado Arcos profile picture\" loading=\"lazy\"><\/trustindex-image> <\/div> <div class=\"ti-profile-details\"> <div class=\"ti-name\"> Vanesa Delgado Arcos <\/div> <div class=\"ti-date\">01\/03\/2024<\/div> <\/div> <\/div> <span class=\"ti-stars\"><trustindex-image class=\"ti-star\" data-imgurl=\"https:\/\/cdn.trustindex.io\/assets\/platform\/Google\/star\/f.svg\" alt=\"Google star 1\" width=\"17\" height=\"17\" loading=\"lazy\"><\/trustindex-image><trustindex-image class=\"ti-star\" data-imgurl=\"https:\/\/cdn.trustindex.io\/assets\/platform\/Google\/star\/f.svg\" alt=\"Google star 2\" width=\"17\" height=\"17\" loading=\"lazy\"><\/trustindex-image><trustindex-image class=\"ti-star\" data-imgurl=\"https:\/\/cdn.trustindex.io\/assets\/platform\/Google\/star\/f.svg\" alt=\"Google star 3\" width=\"17\" height=\"17\" loading=\"lazy\"><\/trustindex-image><trustindex-image class=\"ti-star\" data-imgurl=\"https:\/\/cdn.trustindex.io\/assets\/platform\/Google\/star\/f.svg\" alt=\"Google star 4\" width=\"17\" height=\"17\" loading=\"lazy\"><\/trustindex-image><trustindex-image class=\"ti-star\" data-imgurl=\"https:\/\/cdn.trustindex.io\/assets\/platform\/Google\/star\/f.svg\" alt=\"Google star 5\" width=\"17\" height=\"17\" loading=\"lazy\"><\/trustindex-image><span class=\"ti-verified-review ti-verified-platform\"><span class=\"ti-verified-tooltip\">Trustindex verifica que la fuente original de la rese\u00f1a sea Google.<\/span><\/span><\/span> <div class=\"ti-review-text-container ti-review-content\"><!-- R-CONTENT -->Much\u00edsima profesionalidad por parte de todo el equipo desde recepci\u00f3n y por supuesto si doctor.Estoy totalmente complacida por el resultado de la operaci\u00f3n y posteriores seguimientos.100%recomendable.<!-- R-CONTENT --><\/div> <span class=\"ti-read-more\" data-container=\".ti-review-content\" data-collapse-text=\"Ocultar\" data-open-text=\"Leer m\u00e1s\"><\/span> <\/div> <\/div>  <div data-empty=\"0\" class=\"ti-review-item source-Google ti-image-layout-thumbnail\" data-time=\"\" data-id=\"cfcd208495d565ef66e7dff9f98764da\" data-language=\"\"> <div class=\"ti-inner\"> <div class=\"ti-review-header\"> <div class=\"ti-platform-icon ti-with-tooltip\"> <span class=\"ti-tooltip\">Publicado en Google<\/span> <trustindex-image data-imgurl=\"https:\/\/cdn.trustindex.io\/assets\/platform\/Google\/icon.svg\" alt=\"Google\" width=\"20\" height=\"20\" loading=\"lazy\"><\/trustindex-image> <\/div> <div class=\"ti-profile-img\"> <trustindex-image data-imgurl=\"https:\/\/lh3.googleusercontent.com\/a-\/ALV-UjViSSX9rp-UKWvltgBF-J8MwK4Ga5nbJvaYsl3jYkAh2LQ=w40-h40-c-rp-mo-br100\" alt=\"Jorge Carnicero profile picture\" loading=\"lazy\"><\/trustindex-image> <\/div> <div class=\"ti-profile-details\"> <div class=\"ti-name\"> Jorge Carnicero <\/div> <div class=\"ti-date\">27\/02\/2024<\/div> <\/div> <\/div> <span class=\"ti-stars\"><trustindex-image class=\"ti-star\" data-imgurl=\"https:\/\/cdn.trustindex.io\/assets\/platform\/Google\/star\/f.svg\" alt=\"Google star 1\" width=\"17\" height=\"17\" loading=\"lazy\"><\/trustindex-image><trustindex-image class=\"ti-star\" data-imgurl=\"https:\/\/cdn.trustindex.io\/assets\/platform\/Google\/star\/f.svg\" alt=\"Google star 2\" width=\"17\" height=\"17\" loading=\"lazy\"><\/trustindex-image><trustindex-image class=\"ti-star\" data-imgurl=\"https:\/\/cdn.trustindex.io\/assets\/platform\/Google\/star\/f.svg\" alt=\"Google star 3\" width=\"17\" height=\"17\" loading=\"lazy\"><\/trustindex-image><trustindex-image class=\"ti-star\" data-imgurl=\"https:\/\/cdn.trustindex.io\/assets\/platform\/Google\/star\/f.svg\" alt=\"Google star 4\" width=\"17\" height=\"17\" loading=\"lazy\"><\/trustindex-image><trustindex-image class=\"ti-star\" data-imgurl=\"https:\/\/cdn.trustindex.io\/assets\/platform\/Google\/star\/f.svg\" alt=\"Google star 5\" width=\"17\" height=\"17\" loading=\"lazy\"><\/trustindex-image><span class=\"ti-verified-review ti-verified-platform\"><span class=\"ti-verified-tooltip\">Trustindex verifica que la fuente original de la rese\u00f1a sea Google.<\/span><\/span><\/span> <div class=\"ti-review-text-container ti-review-content\"><!-- R-CONTENT -->Me oper\u00e9 ya hace un mes con laser de miop\u00eda y no pude tomar mejor decisi\u00f3n, buen asesoramiento desde el principio, un equipo maravilloso que est\u00e1n disponibles para cualquier consulta y unos resultados \u00f3ptimos, sensaci\u00f3n inmejorable poder ver otra vez perfectamente sin necesidad de gafas.<!-- R-CONTENT --><\/div> <span class=\"ti-read-more\" data-container=\".ti-review-content\" data-collapse-text=\"Ocultar\" data-open-text=\"Leer m\u00e1s\"><\/span> <\/div> <\/div>  <div data-empty=\"0\" class=\"ti-review-item source-Google ti-image-layout-thumbnail\" data-time=\"\" data-id=\"cfcd208495d565ef66e7dff9f98764da\" data-language=\"\"> <div class=\"ti-inner\"> <div class=\"ti-review-header\"> <div class=\"ti-platform-icon ti-with-tooltip\"> <span class=\"ti-tooltip\">Publicado en Google<\/span> <trustindex-image data-imgurl=\"https:\/\/cdn.trustindex.io\/assets\/platform\/Google\/icon.svg\" alt=\"Google\" width=\"20\" height=\"20\" loading=\"lazy\"><\/trustindex-image> <\/div> <div class=\"ti-profile-img\"> <trustindex-image data-imgurl=\"https:\/\/lh3.googleusercontent.com\/a\/ACg8ocLf5YTDoqTOI9RiEgIqmgY0sL1jjWzGDFlZUKGefO3E=w40-h40-c-rp-mo-br100\" alt=\"Carlos \u00c1ngel P\u00e9rez profile picture\" loading=\"lazy\"><\/trustindex-image> <\/div> <div class=\"ti-profile-details\"> <div class=\"ti-name\"> Carlos \u00c1ngel P\u00e9rez <\/div> <div class=\"ti-date\">27\/02\/2024<\/div> <\/div> <\/div> <span class=\"ti-stars\"><trustindex-image class=\"ti-star\" data-imgurl=\"https:\/\/cdn.trustindex.io\/assets\/platform\/Google\/star\/f.svg\" alt=\"Google star 1\" width=\"17\" height=\"17\" loading=\"lazy\"><\/trustindex-image><trustindex-image class=\"ti-star\" data-imgurl=\"https:\/\/cdn.trustindex.io\/assets\/platform\/Google\/star\/f.svg\" alt=\"Google star 2\" width=\"17\" height=\"17\" loading=\"lazy\"><\/trustindex-image><trustindex-image class=\"ti-star\" data-imgurl=\"https:\/\/cdn.trustindex.io\/assets\/platform\/Google\/star\/f.svg\" alt=\"Google star 3\" width=\"17\" height=\"17\" loading=\"lazy\"><\/trustindex-image><trustindex-image class=\"ti-star\" data-imgurl=\"https:\/\/cdn.trustindex.io\/assets\/platform\/Google\/star\/f.svg\" alt=\"Google star 4\" width=\"17\" height=\"17\" loading=\"lazy\"><\/trustindex-image><trustindex-image class=\"ti-star\" data-imgurl=\"https:\/\/cdn.trustindex.io\/assets\/platform\/Google\/star\/f.svg\" alt=\"Google star 5\" width=\"17\" height=\"17\" loading=\"lazy\"><\/trustindex-image><span class=\"ti-verified-review ti-verified-platform\"><span class=\"ti-verified-tooltip\">Trustindex verifica que la fuente original de la rese\u00f1a sea Google.<\/span><\/span><\/span> <div class=\"ti-review-text-container ti-review-content\"><!-- R-CONTENT -->Atenci\u00f3n muy buena de la doctora y de las auxiliares<!-- R-CONTENT --><\/div> <span class=\"ti-read-more\" data-container=\".ti-review-content\" data-collapse-text=\"Ocultar\" data-open-text=\"Leer m\u00e1s\"><\/span> <\/div> <\/div>  <div data-empty=\"0\" class=\"ti-review-item source-Google ti-image-layout-thumbnail\" data-time=\"\" data-id=\"cfcd208495d565ef66e7dff9f98764da\" data-language=\"\"> <div class=\"ti-inner\"> <div class=\"ti-review-header\"> <div class=\"ti-platform-icon ti-with-tooltip\"> <span class=\"ti-tooltip\">Publicado en Google<\/span> <trustindex-image data-imgurl=\"https:\/\/cdn.trustindex.io\/assets\/platform\/Google\/icon.svg\" alt=\"Google\" width=\"20\" height=\"20\" loading=\"lazy\"><\/trustindex-image> <\/div> <div class=\"ti-profile-img\"> <trustindex-image data-imgurl=\"https:\/\/lh3.googleusercontent.com\/a\/ACg8ocLJ9j-vNwboPm0yglVXrs4FTPEon3Om3ZTJi7xaqcjl=w40-h40-c-rp-mo-br100\" alt=\"Virginia Jimenez profile picture\" loading=\"lazy\"><\/trustindex-image> <\/div> <div class=\"ti-profile-details\"> <div class=\"ti-name\"> Virginia Jimenez <\/div> <div class=\"ti-date\">22\/02\/2024<\/div> <\/div> <\/div> <span class=\"ti-stars\"><trustindex-image class=\"ti-star\" data-imgurl=\"https:\/\/cdn.trustindex.io\/assets\/platform\/Google\/star\/f.svg\" alt=\"Google star 1\" width=\"17\" height=\"17\" loading=\"lazy\"><\/trustindex-image><trustindex-image class=\"ti-star\" data-imgurl=\"https:\/\/cdn.trustindex.io\/assets\/platform\/Google\/star\/f.svg\" alt=\"Google star 2\" width=\"17\" height=\"17\" loading=\"lazy\"><\/trustindex-image><trustindex-image class=\"ti-star\" data-imgurl=\"https:\/\/cdn.trustindex.io\/assets\/platform\/Google\/star\/f.svg\" alt=\"Google star 3\" width=\"17\" height=\"17\" loading=\"lazy\"><\/trustindex-image><trustindex-image class=\"ti-star\" data-imgurl=\"https:\/\/cdn.trustindex.io\/assets\/platform\/Google\/star\/f.svg\" alt=\"Google star 4\" width=\"17\" height=\"17\" loading=\"lazy\"><\/trustindex-image><trustindex-image class=\"ti-star\" data-imgurl=\"https:\/\/cdn.trustindex.io\/assets\/platform\/Google\/star\/f.svg\" alt=\"Google star 5\" width=\"17\" height=\"17\" loading=\"lazy\"><\/trustindex-image><span class=\"ti-verified-review ti-verified-platform\"><span class=\"ti-verified-tooltip\">Trustindex verifica que la fuente original de la rese\u00f1a sea Google.<\/span><\/span><\/span> <div class=\"ti-review-text-container ti-review-content\"><!-- R-CONTENT -->He recibido un trato espectacular por parte de todos los trabajadores de la cl\u00ednica de M\u00f3stoles.\nLa operaci\u00f3n me la realiz\u00f3 el doctor Rafael, y sali\u00f3 todo muy muy bien me operado de miop\u00eda y astigmatismo, y el mismo d\u00eda por la noche ya pod\u00eda ver y hacer vida normal. Lo recomiendo 100 por 100.\nLlegue con miedo por que la vista es algo muy delicado y a d\u00eda de hoy la mejor decisi\u00f3n que tom\u00e9 fue quitarme las gafas y hacerlo con ellos.\n\nGracias<!-- R-CONTENT --><\/div> <span class=\"ti-read-more\" data-container=\".ti-review-content\" data-collapse-text=\"Ocultar\" data-open-text=\"Leer m\u00e1s\"><\/span> <\/div> <\/div>  <div data-empty=\"0\" class=\"ti-review-item source-Google ti-image-layout-thumbnail\" data-time=\"\" data-id=\"cfcd208495d565ef66e7dff9f98764da\" data-language=\"\"> <div class=\"ti-inner\"> <div class=\"ti-review-header\"> <div class=\"ti-platform-icon ti-with-tooltip\"> <span class=\"ti-tooltip\">Publicado en Google<\/span> <trustindex-image data-imgurl=\"https:\/\/cdn.trustindex.io\/assets\/platform\/Google\/icon.svg\" alt=\"Google\" width=\"20\" height=\"20\" loading=\"lazy\"><\/trustindex-image> <\/div> <div class=\"ti-profile-img\"> <trustindex-image data-imgurl=\"https:\/\/lh3.googleusercontent.com\/a-\/ALV-UjVdbd3Sm-F_C3qjnSPIEeZ28H3K404OeYdISk2TIzCrhH0=w40-h40-c-rp-mo-ba2-br100\" alt=\"Isidro Hoyas profile picture\" loading=\"lazy\"><\/trustindex-image> <\/div> <div class=\"ti-profile-details\"> <div class=\"ti-name\"> Isidro Hoyas <\/div> <div class=\"ti-date\">20\/02\/2024<\/div> <\/div> <\/div> <span class=\"ti-stars\"><trustindex-image class=\"ti-star\" data-imgurl=\"https:\/\/cdn.trustindex.io\/assets\/platform\/Google\/star\/f.svg\" alt=\"Google star 1\" width=\"17\" height=\"17\" loading=\"lazy\"><\/trustindex-image><trustindex-image class=\"ti-star\" data-imgurl=\"https:\/\/cdn.trustindex.io\/assets\/platform\/Google\/star\/f.svg\" alt=\"Google star 2\" width=\"17\" height=\"17\" loading=\"lazy\"><\/trustindex-image><trustindex-image class=\"ti-star\" data-imgurl=\"https:\/\/cdn.trustindex.io\/assets\/platform\/Google\/star\/f.svg\" alt=\"Google star 3\" width=\"17\" height=\"17\" loading=\"lazy\"><\/trustindex-image><trustindex-image class=\"ti-star\" data-imgurl=\"https:\/\/cdn.trustindex.io\/assets\/platform\/Google\/star\/f.svg\" alt=\"Google star 4\" width=\"17\" height=\"17\" loading=\"lazy\"><\/trustindex-image><trustindex-image class=\"ti-star\" data-imgurl=\"https:\/\/cdn.trustindex.io\/assets\/platform\/Google\/star\/f.svg\" alt=\"Google star 5\" width=\"17\" height=\"17\" loading=\"lazy\"><\/trustindex-image><span class=\"ti-verified-review ti-verified-platform\"><span class=\"ti-verified-tooltip\">Trustindex verifica que la fuente original de la rese\u00f1a sea Google.<\/span><\/span><\/span> <div class=\"ti-review-text-container ti-review-content\"><!-- R-CONTENT -->Buenos profesionales y las chicas muy amables y atentas<!-- R-CONTENT --><\/div> <span class=\"ti-read-more\" data-container=\".ti-review-content\" data-collapse-text=\"Ocultar\" data-open-text=\"Leer m\u00e1s\"><\/span> <\/div> <\/div>  <\/div> <div class=\"ti-controls-line\"> <div class=\"dot\"><\/div> <\/div>   <\/div> <\/div> <\/div> <\/template><\/pre><div data-src=\"https:\/\/cdn.trustindex.io\/loader.js?wp-widget\" data-template-id=\"trustindex-google-widget-html\" data-css-url=\"https:\/\/cdn.clinicabaviera.com\/blog\/wp-content\/uploads\/trustindex-google-widget.css?1774511208\"><\/div>\n","protected":false},"excerpt":{"rendered":"<p>El m\u00e9todo m\u00e1s antiguo para corregir los problemas de la visi\u00f3n producidos por defectos de refracci\u00f3n son las gafas graduadas o gafas de correcci\u00f3n de la vista. Dichos defectos pueden ser de tres tipos: miop\u00eda, hipermetrop\u00eda y astigmatismo. Los tres defectos de refracci\u00f3n La miop\u00eda es un problema de refracci\u00f3n que provoca que la persona [&hellip;]<\/p>\n","protected":false},"author":1,"featured_media":6612,"comment_status":"open","ping_status":"closed","sticky":false,"template":"","format":"standard","meta":{"jetpack_post_was_ever_published":false,"_jetpack_newsletter_access":"","_jetpack_dont_email_post_to_subs":false,"_jetpack_newsletter_tier_id":0,"_jetpack_memberships_contains_paywalled_content":false,"_jetpack_memberships_contains_paid_content":false,"footnotes":""},"categories":[1145],"tags":[1248,1473,1511],"ppma_author":[2297],"class_list":["post-6608","post","type-post","status-publish","format-standard","has-post-thumbnail","hentry","category-estilo-de-vida","tag-defectos-refractivos","tag-gafas-correccion","tag-gafas-vista"],"yoast_head":"<!-- This site is optimized with the Yoast SEO plugin v27.5 - https:\/\/yoast.com\/product\/yoast-seo-wordpress\/ -->\n<title>\u00bfC\u00f3mo corrigen las gafas los defectos de vista? - Blog de Baviera antes Cl\u00ednica Baviera<\/title>\n<meta name=\"description\" content=\"Sabes c\u00f3mo consiguen las gafas corregir los defectos de la vista? Entonces, sigue leyendo...\" \/>\n<meta name=\"robots\" content=\"index, follow, max-snippet:-1, max-image-preview:large, max-video-preview:-1\" \/>\n<link rel=\"canonical\" href=\"https:\/\/www.clinicabaviera.com\/blog\/bye-bye-gafas\/gafas-vista\/\" \/>\n<meta property=\"og:locale\" content=\"es_ES\" \/>\n<meta property=\"og:type\" content=\"article\" \/>\n<meta property=\"og:title\" content=\"\u00bfC\u00f3mo corrigen las gafas los defectos de vista? - Blog de Baviera antes Cl\u00ednica Baviera\" \/>\n<meta property=\"og:description\" content=\"Sabes c\u00f3mo consiguen las gafas corregir los defectos de la vista? Entonces, sigue leyendo...\" \/>\n<meta property=\"og:url\" content=\"https:\/\/www.clinicabaviera.com\/blog\/bye-bye-gafas\/gafas-vista\/\" \/>\n<meta property=\"og:site_name\" content=\"Blog de Baviera antes Cl\u00ednica Baviera\" \/>\n<meta property=\"article:publisher\" content=\"https:\/\/www.facebook.com\/CLINICABAVIERA\" \/>\n<meta property=\"article:published_time\" content=\"2016-10-25T06:00:59+00:00\" \/>\n<meta property=\"article:modified_time\" content=\"2026-01-28T12:47:37+00:00\" \/>\n<meta property=\"og:image\" content=\"https:\/\/cdn.clinicabaviera.com\/blog\/wp-content\/uploads\/2016\/09\/iStock_83244931_MEDIUM.jpg\" \/>\n\t<meta property=\"og:image:width\" content=\"1828\" \/>\n\t<meta property=\"og:image:height\" content=\"1050\" \/>\n\t<meta property=\"og:image:type\" content=\"image\/jpeg\" \/>\n<meta name=\"author\" content=\"Baviera\" \/>\n<meta name=\"twitter:card\" content=\"summary_large_image\" \/>\n<meta name=\"twitter:label1\" content=\"Escrito por\" \/>\n\t<meta name=\"twitter:data1\" content=\"Baviera\" \/>\n\t<meta name=\"twitter:label2\" content=\"Tiempo de lectura\" \/>\n\t<meta name=\"twitter:data2\" content=\"4 minutos\" \/>\n<!-- \/ Yoast SEO plugin. -->","yoast_head_json":{"title":"\u00bfC\u00f3mo corrigen las gafas los defectos de vista? - Blog de Baviera antes Cl\u00ednica Baviera","description":"Sabes c\u00f3mo consiguen las gafas corregir los defectos de la vista? Entonces, sigue leyendo...","robots":{"index":"index","follow":"follow","max-snippet":"max-snippet:-1","max-image-preview":"max-image-preview:large","max-video-preview":"max-video-preview:-1"},"canonical":"https:\/\/www.clinicabaviera.com\/blog\/bye-bye-gafas\/gafas-vista\/","og_locale":"es_ES","og_type":"article","og_title":"\u00bfC\u00f3mo corrigen las gafas los defectos de vista? - Blog de Baviera antes Cl\u00ednica Baviera","og_description":"Sabes c\u00f3mo consiguen las gafas corregir los defectos de la vista? Entonces, sigue leyendo...","og_url":"https:\/\/www.clinicabaviera.com\/blog\/bye-bye-gafas\/gafas-vista\/","og_site_name":"Blog de Baviera antes Cl\u00ednica Baviera","article_publisher":"https:\/\/www.facebook.com\/CLINICABAVIERA","article_published_time":"2016-10-25T06:00:59+00:00","article_modified_time":"2026-01-28T12:47:37+00:00","og_image":[{"width":1828,"height":1050,"url":"https:\/\/cdn.clinicabaviera.com\/blog\/wp-content\/uploads\/2016\/09\/iStock_83244931_MEDIUM.jpg","type":"image\/jpeg"}],"author":"Baviera","twitter_card":"summary_large_image","twitter_misc":{"Escrito por":"Baviera","Tiempo de lectura":"4 minutos"},"schema":{"@context":"https:\/\/schema.org","@graph":[{"@type":"Article","@id":"https:\/\/www.clinicabaviera.com\/blog\/bye-bye-gafas\/gafas-vista\/#article","isPartOf":{"@id":"https:\/\/www.clinicabaviera.com\/blog\/bye-bye-gafas\/gafas-vista\/"},"author":{"name":"Baviera","@id":"https:\/\/www.clinicabaviera.com\/blog\/#\/schema\/person\/67698a775da05b6b1df487507fadd39d"},"headline":"\u00bfC\u00f3mo corrigen las gafas los defectos de vista?","datePublished":"2016-10-25T06:00:59+00:00","dateModified":"2026-01-28T12:47:37+00:00","mainEntityOfPage":{"@id":"https:\/\/www.clinicabaviera.com\/blog\/bye-bye-gafas\/gafas-vista\/"},"wordCount":590,"commentCount":2,"publisher":{"@id":"https:\/\/www.clinicabaviera.com\/blog\/#organization"},"image":{"@id":"https:\/\/www.clinicabaviera.com\/blog\/bye-bye-gafas\/gafas-vista\/#primaryimage"},"thumbnailUrl":"https:\/\/cdn.clinicabaviera.com\/blog\/wp-content\/uploads\/2016\/09\/iStock_83244931_MEDIUM.jpg","keywords":["defectos refractivos","gafas correcci\u00f3n","gafas vista"],"articleSection":["Estilo de vida"],"inLanguage":"es","potentialAction":[{"@type":"CommentAction","name":"Comment","target":["https:\/\/www.clinicabaviera.com\/blog\/bye-bye-gafas\/gafas-vista\/#respond"]}]},{"@type":"WebPage","@id":"https:\/\/www.clinicabaviera.com\/blog\/bye-bye-gafas\/gafas-vista\/","url":"https:\/\/www.clinicabaviera.com\/blog\/bye-bye-gafas\/gafas-vista\/","name":"\u00bfC\u00f3mo corrigen las gafas los defectos de vista? - Blog de Baviera antes Cl\u00ednica Baviera","isPartOf":{"@id":"https:\/\/www.clinicabaviera.com\/blog\/#website"},"primaryImageOfPage":{"@id":"https:\/\/www.clinicabaviera.com\/blog\/bye-bye-gafas\/gafas-vista\/#primaryimage"},"image":{"@id":"https:\/\/www.clinicabaviera.com\/blog\/bye-bye-gafas\/gafas-vista\/#primaryimage"},"thumbnailUrl":"https:\/\/cdn.clinicabaviera.com\/blog\/wp-content\/uploads\/2016\/09\/iStock_83244931_MEDIUM.jpg","datePublished":"2016-10-25T06:00:59+00:00","dateModified":"2026-01-28T12:47:37+00:00","description":"Sabes c\u00f3mo consiguen las gafas corregir los defectos de la vista? Entonces, sigue leyendo...","breadcrumb":{"@id":"https:\/\/www.clinicabaviera.com\/blog\/bye-bye-gafas\/gafas-vista\/#breadcrumb"},"inLanguage":"es","potentialAction":[{"@type":"ReadAction","target":["https:\/\/www.clinicabaviera.com\/blog\/bye-bye-gafas\/gafas-vista\/"]}]},{"@type":"ImageObject","inLanguage":"es","@id":"https:\/\/www.clinicabaviera.com\/blog\/bye-bye-gafas\/gafas-vista\/#primaryimage","url":"https:\/\/cdn.clinicabaviera.com\/blog\/wp-content\/uploads\/2016\/09\/iStock_83244931_MEDIUM.jpg","contentUrl":"https:\/\/cdn.clinicabaviera.com\/blog\/wp-content\/uploads\/2016\/09\/iStock_83244931_MEDIUM.jpg","width":1828,"height":1050,"caption":"Mujer morena con ojos azules y gafas negras"},{"@type":"BreadcrumbList","@id":"https:\/\/www.clinicabaviera.com\/blog\/bye-bye-gafas\/gafas-vista\/#breadcrumb","itemListElement":[{"@type":"ListItem","position":1,"name":"Inicio","item":"https:\/\/www.clinicabaviera.com\/blog\/"},{"@type":"ListItem","position":2,"name":"\u00bfC\u00f3mo corrigen las gafas los defectos de vista?"}]},{"@type":"WebSite","@id":"https:\/\/www.clinicabaviera.com\/blog\/#website","url":"https:\/\/www.clinicabaviera.com\/blog\/","name":"Blog de Baviera antes Cl\u00ednica Baviera","description":"Informaci\u00f3n sobre la salud visual","publisher":{"@id":"https:\/\/www.clinicabaviera.com\/blog\/#organization"},"potentialAction":[{"@type":"SearchAction","target":{"@type":"EntryPoint","urlTemplate":"https:\/\/www.clinicabaviera.com\/blog\/?s={search_term_string}"},"query-input":{"@type":"PropertyValueSpecification","valueRequired":true,"valueName":"search_term_string"}}],"inLanguage":"es"},{"@type":"Organization","@id":"https:\/\/www.clinicabaviera.com\/blog\/#organization","name":"Blog de Baviera antes Cl\u00ednica Baviera","url":"https:\/\/www.clinicabaviera.com\/blog\/","logo":{"@type":"ImageObject","inLanguage":"es","@id":"https:\/\/www.clinicabaviera.com\/blog\/#\/schema\/logo\/image\/","url":"https:\/\/cdn.clinicabaviera.com\/blog\/wp-content\/uploads\/2021\/02\/logo.png","contentUrl":"https:\/\/cdn.clinicabaviera.com\/blog\/wp-content\/uploads\/2021\/02\/logo.png","width":526,"height":164,"caption":"Blog de Baviera antes Cl\u00ednica Baviera"},"image":{"@id":"https:\/\/www.clinicabaviera.com\/blog\/#\/schema\/logo\/image\/"},"sameAs":["https:\/\/www.facebook.com\/CLINICABAVIERA"]},{"@type":"Person","@id":"https:\/\/www.clinicabaviera.com\/blog\/#\/schema\/person\/67698a775da05b6b1df487507fadd39d","name":"Baviera","image":{"@type":"ImageObject","inLanguage":"es","@id":"https:\/\/secure.gravatar.com\/avatar\/a7634b2e053cc9734e6a5708e43f5a7bd22d6f8cadd192e1274b03105e0583da?s=96&d=mm&r=g504ebd9a3bedaee561e68f4b7145f227","url":"https:\/\/secure.gravatar.com\/avatar\/a7634b2e053cc9734e6a5708e43f5a7bd22d6f8cadd192e1274b03105e0583da?s=96&d=mm&r=g","contentUrl":"https:\/\/secure.gravatar.com\/avatar\/a7634b2e053cc9734e6a5708e43f5a7bd22d6f8cadd192e1274b03105e0583da?s=96&d=mm&r=g","caption":"Baviera"},"url":"https:\/\/www.clinicabaviera.com\/blog\/author\/bavieramaster\/"}]}},"jetpack_featured_media_url":"https:\/\/cdn.clinicabaviera.com\/blog\/wp-content\/uploads\/2016\/09\/iStock_83244931_MEDIUM.jpg","jetpack_shortlink":"https:\/\/wp.me\/p3aNmD-1IA","jetpack_sharing_enabled":true,"authors":[{"term_id":2297,"user_id":1,"is_guest":0,"slug":"bavieramaster","display_name":"Baviera","avatar_url":"https:\/\/secure.gravatar.com\/avatar\/a7634b2e053cc9734e6a5708e43f5a7bd22d6f8cadd192e1274b03105e0583da?s=96&d=mm&r=g","0":null,"1":"","2":"","3":"","4":"","5":"","6":"","7":"","8":""}],"_links":{"self":[{"href":"https:\/\/www.clinicabaviera.com\/blog\/wp-json\/wp\/v2\/posts\/6608","targetHints":{"allow":["GET"]}}],"collection":[{"href":"https:\/\/www.clinicabaviera.com\/blog\/wp-json\/wp\/v2\/posts"}],"about":[{"href":"https:\/\/www.clinicabaviera.com\/blog\/wp-json\/wp\/v2\/types\/post"}],"author":[{"embeddable":true,"href":"https:\/\/www.clinicabaviera.com\/blog\/wp-json\/wp\/v2\/users\/1"}],"replies":[{"embeddable":true,"href":"https:\/\/www.clinicabaviera.com\/blog\/wp-json\/wp\/v2\/comments?post=6608"}],"version-history":[{"count":9,"href":"https:\/\/www.clinicabaviera.com\/blog\/wp-json\/wp\/v2\/posts\/6608\/revisions"}],"predecessor-version":[{"id":36212,"href":"https:\/\/www.clinicabaviera.com\/blog\/wp-json\/wp\/v2\/posts\/6608\/revisions\/36212"}],"wp:featuredmedia":[{"embeddable":true,"href":"https:\/\/www.clinicabaviera.com\/blog\/wp-json\/wp\/v2\/media\/6612"}],"wp:attachment":[{"href":"https:\/\/www.clinicabaviera.com\/blog\/wp-json\/wp\/v2\/media?parent=6608"}],"wp:term":[{"taxonomy":"category","embeddable":true,"href":"https:\/\/www.clinicabaviera.com\/blog\/wp-json\/wp\/v2\/categories?post=6608"},{"taxonomy":"post_tag","embeddable":true,"href":"https:\/\/www.clinicabaviera.com\/blog\/wp-json\/wp\/v2\/tags?post=6608"},{"taxonomy":"author","embeddable":true,"href":"https:\/\/www.clinicabaviera.com\/blog\/wp-json\/wp\/v2\/ppma_author?post=6608"}],"curies":[{"name":"wp","href":"https:\/\/api.w.org\/{rel}","templated":true}]}}